{"id":10228,"date":"2024-03-12T11:04:45","date_gmt":"2024-03-12T10:04:45","guid":{"rendered":"https:\/\/www.miguelvergara.com\/actualidad\/?p=10228"},"modified":"2025-11-10T13:43:06","modified_gmt":"2025-11-10T12:43:06","slug":"grupo-miguel-vergara-feria-alimentaria","status":"publish","type":"post","link":"https:\/\/www.miguelvergara.com\/actualidad\/notas-de-prensa\/grupo-miguel-vergara-feria-alimentaria\/","title":{"rendered":"Grupo Miguel Vergara acude a la Feria Alimentaria"},"content":{"rendered":"\n<h2 class=\"wp-block-heading has-text-align-center\"> &#8211; El evento l\u00edder del mercado para la distribuci\u00f3n y la hosteler\u00eda tendr\u00e1 lugar entre el 18 y el 24 de marzo y prev\u00e9 un alcance de r\u00e9cord. &#8211;<\/h2>\n\n\n\n<p><strong>Valladolid, 12 de Marzo de 2024<\/strong> &#8211; El<strong> Grupo Miguel Vergara<\/strong> estar\u00e1 presente en la pr\u00f3xima edici\u00f3n de la <strong>Feria Alimentaria<\/strong>, que se desarrollar\u00e1 entre el lunes 18 y el domingo 24 de marzo en el recinto Gran V\u00eda de Barcelona.<\/p>\n\n\n\n<figure class=\"wp-block-image size-large\"><img loading=\"lazy\" decoding=\"async\" width=\"886\" height=\"886\" src=\"https:\/\/www.miguelvergara.com\/actualidad\/wp-content\/uploads\/2024\/03\/image-3.png\" alt=\"Cartel con informaci\u00f3n sobre la Feria Alimentaria.\" class=\"wp-image-10229\" title=\"Cartel Feria Alimentaria\" srcset=\"https:\/\/www.miguelvergara.com\/actualidad\/wp-content\/uploads\/2024\/03\/image-3.png 886w, https:\/\/www.miguelvergara.com\/actualidad\/wp-content\/uploads\/2024\/03\/image-3-860x860.png 860w, https:\/\/www.miguelvergara.com\/actualidad\/wp-content\/uploads\/2024\/03\/image-3-768x768.png 768w\" sizes=\"auto, (max-width: 886px) 100vw, 886px\" \/><\/figure>\n\n\n\n<p>La empresa c\u00e1rnica, que se ha convertido en un gran referente dentro del sector nacional, creando la caba\u00f1a ganadera de la raza Angus m\u00e1s grande de Espa\u00f1a, ofrecer\u00e1 sus productos en <strong>el stand agrupado C424 de Anafric<\/strong> que se ubicar\u00e1 en el pabell\u00f3n n\u00famero tres del recinto.<\/p>\n\n\n\n<p>Entre los productos de Angus que ofrecer\u00e1 la compa\u00f1\u00eda se encuentran <strong>el Solomillo, Entrecot, Ribeye, Entra\u00f1a, Tomahawk y su Lomo Alto con Hueso<\/strong>. No obstante, la novedad estrella que acompa\u00f1ar\u00e1 a Miguel Vergara en esta edici\u00f3n ser\u00e1 su <strong><a href=\"https:\/\/www.miguelvergara.com\/tienda\/bacon-de-angus-pieza-de-anojo-n92\/\">Bacon de Angus <\/a><\/strong>disponible tanto en pieza como en formato loncheado. Un lanzamiento innovador, elaborado cuidadosamente y que deleitar\u00e1 a los paladares m\u00e1s exigentes con su calidad inigualable, su ahumado lento y artesanal y su textura jugosa por dentro y crujiente por fuera.<\/p>\n\n\n\n<h2 class=\"wp-block-heading\">Miguel Vergara en Innoval <\/h2>\n\n\n\n<p>La compa\u00f1\u00eda ha seleccionado el apartado de <a href=\"https:\/\/www.alimentaria.com\/\" target=\"_blank\" rel=\"noreferrer noopener nofollow\">Innoval en la feria de Alimentaria<\/a> como el escenario ideal para lanzar su nuevo <strong>Bacon Miguel Vergara Angus<\/strong>. Este espacio es reconocido por exhibir productos innovadores, compartir conocimientos sobre tecnolog\u00edas disruptivas, promover iniciativas de I+D y fomentar la colaboraci\u00f3n para impulsar la innovaci\u00f3n en la industria alimentaria.<\/p>\n\n\n\n<figure class=\"wp-block-image size-large\"><img loading=\"lazy\" decoding=\"async\" width=\"884\" height=\"580\" src=\"https:\/\/www.miguelvergara.com\/actualidad\/wp-content\/uploads\/2024\/03\/image-4.png\" alt=\"El Bacon loncheado Angus con sello Miguel Vergara.\" class=\"wp-image-10230\" title=\"Bacon Angus\" srcset=\"https:\/\/www.miguelvergara.com\/actualidad\/wp-content\/uploads\/2024\/03\/image-4.png 884w, https:\/\/www.miguelvergara.com\/actualidad\/wp-content\/uploads\/2024\/03\/image-4-860x564.png 860w, https:\/\/www.miguelvergara.com\/actualidad\/wp-content\/uploads\/2024\/03\/image-4-768x504.png 768w\" sizes=\"auto, (max-width: 884px) 100vw, 884px\" \/><\/figure>\n\n\n\n<p>Este nuevo producto, con denominaci\u00f3n <strong>Miguel Vergara Angus<\/strong>, permite que los clientes se sumerjan en la excelencia culinaria a trav\u00e9s de esta delicia ahumada que redefine las expectativas gastron\u00f3micas. Cada loncha est\u00e1 seleccionada de manera cuidadosa para ofrecer una calidad superior, una textura jugosa y crujiente y un sabor inigualable que solo puede aportar la carne de vacuno premium. Este lanzamiento en Innoval subraya el compromiso de la empresa con la innovaci\u00f3n y la calidad, presentando una opci\u00f3n gourmet que captura la esencia de la excelencia culinaria.<\/p>\n\n\n\n<h2 class=\"wp-block-heading\">Esta no ser\u00e1 la \u00fanica novedad<\/h2>\n\n\n\n<p>Pero eso no es todo. La compa\u00f1\u00eda tambi\u00e9n ha reservado emocionantes sorpresas para los asistentes que visiten el <strong>stand C424<\/strong>. Junto con el <strong>bacon de ternera<\/strong>, el grupo presentar\u00e1 tambi\u00e9n dos deliciosas novedades: la exquisita <a href=\"https:\/\/www.miguelvergara.com\/tienda\/tira-de-costilla-angus-pieza-de-anojo-n91\/\">Tira de Costilla Angus <\/a>y la <a href=\"https:\/\/www.miguelvergara.com\/tienda\/morcilla-angus-anojo-n88\/\">Morcilla Angus<\/a>, que acaban de incorporarse a su cartera de productos.<\/p>\n\n\n\n<h3 class=\"wp-block-heading\">Tira de Costilla Angus<\/h3>\n\n\n\n<p>Abarca desde la sexta hasta la octava costilla y se obtiene del centro del costillar de la parte trasera del animal, zona que destaca por su mayor espesor de carne rodeando a los huesos. La tira con sello Miguel Vergara se trata de una pieza con un alto grado de infiltraci\u00f3n, que potencia su sabor a carne de vacuno y su melosidad para que cada bocado se deshaga en la boca.<\/p>\n\n\n\n<figure class=\"wp-block-image size-large\"><img loading=\"lazy\" decoding=\"async\" width=\"884\" height=\"664\" src=\"https:\/\/www.miguelvergara.com\/actualidad\/wp-content\/uploads\/2024\/03\/image.png\" alt=\"\" class=\"wp-image-10207\" title=\"Tira de Asado Angus\" srcset=\"https:\/\/www.miguelvergara.com\/actualidad\/wp-content\/uploads\/2024\/03\/image.png 884w, https:\/\/www.miguelvergara.com\/actualidad\/wp-content\/uploads\/2024\/03\/image-860x646.png 860w, https:\/\/www.miguelvergara.com\/actualidad\/wp-content\/uploads\/2024\/03\/image-768x577.png 768w\" sizes=\"auto, (max-width: 884px) 100vw, 884px\" \/><\/figure>\n\n\n\n<h3 class=\"wp-block-heading\">Morcilla Angus<\/h3>\n\n\n\n<p>Esta delicia de carne de vacuno ofrece una alternativa a la tradicional morcilla de cerdo proporcionando un sabor \u00fanico. Su perfecto sazonado est\u00e1 cuidadosamente integrado para satisfacer el paladar de los verdaderos carn\u00edvoros y su elaboraci\u00f3n combina una textura suave y jugosa.<\/p>\n\n\n\n<figure class=\"wp-block-image size-large\"><img loading=\"lazy\" decoding=\"async\" width=\"884\" height=\"425\" src=\"https:\/\/www.miguelvergara.com\/actualidad\/wp-content\/uploads\/2024\/03\/image-5.png\" alt=\"La Morcilla de Vacuno Angus con sello Miguel Vergara.\" class=\"wp-image-10231\" title=\"Morcilla de Vacuno Angus\" srcset=\"https:\/\/www.miguelvergara.com\/actualidad\/wp-content\/uploads\/2024\/03\/image-5.png 884w, https:\/\/www.miguelvergara.com\/actualidad\/wp-content\/uploads\/2024\/03\/image-5-860x413.png 860w, https:\/\/www.miguelvergara.com\/actualidad\/wp-content\/uploads\/2024\/03\/image-5-768x369.png 768w\" sizes=\"auto, (max-width: 884px) 100vw, 884px\" \/><\/figure>\n\n\n\n<p>Adem\u00e1s de los tres nuevos productos innovadores, <strong><a href=\"https:\/\/www.miguelvergara.com\/\" target=\"_blank\" rel=\"noreferrer noopener\">Grupo Miguel Vergara<\/a> <\/strong>ofrecer\u00e1 todos sus cortes diferenciadores en la Feria, como<strong> <a href=\"https:\/\/www.miguelvergara.com\/actualidad\/blog\/los-lomos-de-la-carne-alto-bajo-con-o-sin-hueso\/\">los lomos<\/a>, la quinta costilla y la presa<\/strong>. La empresa c\u00e1rnica, especializada en la raza Angus, ha logrado posicionarse como una de las productoras punteras de carne de vacuno de Espa\u00f1a, gracias a su filosof\u00eda de diferenciaci\u00f3n: toda la carne que comercializan est\u00e1 criada en sus granjas, controlada por veterinarios propios y sometida a rigurosos controles de calidad.<\/p>\n\n\n\n<p><a href=\"https:\/\/www.alimentaria.com\/\" target=\"_blank\" rel=\"noreferrer noopener\">Desde Alimentaria<\/a>, se prev\u00e9 una edici\u00f3n con <strong>r\u00e9cord de alcance internacional<\/strong>, ya que tienen como objetivo principal ampliar los horizontes de las empresas agroalimentarias espa\u00f1olas en los mercados clave: Europa y Am\u00e9rica; siendo Francia, Portugal, Polonia, India, Corea del Sur, Estados Unidos, Grecia y Turqu\u00eda algunos de los pa\u00edses con mayor participaci\u00f3n en esta feria de alimentaci\u00f3n.<\/p>\n\n\n\n<figure class=\"wp-block-image size-large\"><img loading=\"lazy\" decoding=\"async\" width=\"884\" height=\"308\" src=\"https:\/\/www.miguelvergara.com\/actualidad\/wp-content\/uploads\/2024\/03\/image-7.png\" alt=\"Pie de p\u00e1gina con informaci\u00f3n sobre la Feria Alimentaria.\" class=\"wp-image-10233\" title=\"Informaci\u00f3n Feria Alimentaria\" srcset=\"https:\/\/www.miguelvergara.com\/actualidad\/wp-content\/uploads\/2024\/03\/image-7.png 884w, https:\/\/www.miguelvergara.com\/actualidad\/wp-content\/uploads\/2024\/03\/image-7-860x300.png 860w, https:\/\/www.miguelvergara.com\/actualidad\/wp-content\/uploads\/2024\/03\/image-7-768x268.png 768w\" sizes=\"auto, (max-width: 884px) 100vw, 884px\" \/><\/figure>\n\n\n\n<p>Para obtener m\u00e1s informaci\u00f3n sobre las \u00faltimas novedades de <strong>Miguel Vergara<\/strong>, visite nuestro en Alimentaria 2024 en <strong>el stand agrupado C424 <\/strong>de Anafric o visite su sitio web en <a href=\"https:\/\/www.miguelvergara.com\/\">www.miguelvergara.com<\/a>.<\/p>\n","protected":false},"excerpt":{"rendered":"<p>&#8211; El evento l\u00edder del mercado para la distribuci\u00f3n y la hosteler\u00eda tendr\u00e1 lugar entre el 18 y el 24 de marzo y prev\u00e9 un alcance de r\u00e9cord. &#8211; Valladolid, 12 de Marzo de 2024 &#8211; El Grupo Miguel Vergara estar\u00e1 presente en la pr\u00f3xima edici\u00f3n de la Feria Alimentaria, que se desarrollar\u00e1 entre el [&hellip;]<\/p>\n","protected":false},"author":3,"featured_media":10229,"comment_status":"closed","ping_status":"closed","sticky":false,"template":"","format":"standard","meta":{"footnotes":""},"categories":[3],"tags":[],"class_list":["post-10228","post","type-post","status-publish","format-standard","has-post-thumbnail","hentry","category-notas-de-prensa"],"yoast_head":"<!-- This site is optimized with the Yoast SEO plugin v27.4 - https:\/\/yoast.com\/product\/yoast-seo-wordpress\/ -->\n<title>Grupo Miguel Vergara acude a la Feria Alimentaria - Blog<\/title>\n<meta name=\"description\" content=\"La compa\u00f1\u00eda c\u00e1rnica estar\u00e1 presenta en la pr\u00f3xima edici\u00f3n de la Feria Alimentaria que se celebra en Barcelona y presentar\u00e1 su Bacon Angus.\" \/>\n<meta name=\"robots\" content=\"index, follow, max-snippet:-1, max-image-preview:large, max-video-preview:-1\" \/>\n<link rel=\"canonical\" href=\"https:\/\/www.miguelvergara.com\/actualidad\/notas-de-prensa\/grupo-miguel-vergara-feria-alimentaria\/\" \/>\n<meta property=\"og:locale\" content=\"es_ES\" \/>\n<meta property=\"og:type\" content=\"article\" \/>\n<meta property=\"og:title\" content=\"Grupo Miguel Vergara acude a la Feria Alimentaria - Blog\" \/>\n<meta property=\"og:description\" content=\"La compa\u00f1\u00eda c\u00e1rnica estar\u00e1 presenta en la pr\u00f3xima edici\u00f3n de la Feria Alimentaria que se celebra en Barcelona y presentar\u00e1 su Bacon Angus.\" \/>\n<meta property=\"og:url\" content=\"https:\/\/www.miguelvergara.com\/actualidad\/notas-de-prensa\/grupo-miguel-vergara-feria-alimentaria\/\" \/>\n<meta property=\"og:site_name\" content=\"Blog\" \/>\n<meta property=\"article:published_time\" content=\"2024-03-12T10:04:45+00:00\" \/>\n<meta property=\"article:modified_time\" content=\"2025-11-10T12:43:06+00:00\" \/>\n<meta property=\"og:image\" content=\"https:\/\/www.miguelvergara.com\/actualidad\/wp-content\/uploads\/2024\/03\/image-3.png\" \/>\n\t<meta property=\"og:image:width\" content=\"886\" \/>\n\t<meta property=\"og:image:height\" content=\"886\" \/>\n\t<meta property=\"og:image:type\" content=\"image\/png\" \/>\n<meta name=\"author\" content=\"editor_vergara\" \/>\n<meta name=\"twitter:card\" content=\"summary_large_image\" \/>\n<meta name=\"twitter:label1\" content=\"Escrito por\" \/>\n\t<meta name=\"twitter:data1\" content=\"editor_vergara\" \/>\n\t<meta name=\"twitter:label2\" content=\"Tiempo de lectura\" \/>\n\t<meta name=\"twitter:data2\" content=\"5 minutos\" \/>\n<script type=\"application\/ld+json\" class=\"yoast-schema-graph\">{\"@context\":\"https:\\\/\\\/schema.org\",\"@graph\":[{\"@type\":\"Article\",\"@id\":\"https:\\\/\\\/www.miguelvergara.com\\\/actualidad\\\/notas-de-prensa\\\/grupo-miguel-vergara-feria-alimentaria\\\/#article\",\"isPartOf\":{\"@id\":\"https:\\\/\\\/www.miguelvergara.com\\\/actualidad\\\/notas-de-prensa\\\/grupo-miguel-vergara-feria-alimentaria\\\/\"},\"author\":{\"name\":\"editor_vergara\",\"@id\":\"https:\\\/\\\/www.miguelvergara.com\\\/actualidad\\\/#\\\/schema\\\/person\\\/58692419afaba719680d26887ed694b3\"},\"headline\":\"Grupo Miguel Vergara acude a la Feria Alimentaria\",\"datePublished\":\"2024-03-12T10:04:45+00:00\",\"dateModified\":\"2025-11-10T12:43:06+00:00\",\"mainEntityOfPage\":{\"@id\":\"https:\\\/\\\/www.miguelvergara.com\\\/actualidad\\\/notas-de-prensa\\\/grupo-miguel-vergara-feria-alimentaria\\\/\"},\"wordCount\":736,\"image\":{\"@id\":\"https:\\\/\\\/www.miguelvergara.com\\\/actualidad\\\/notas-de-prensa\\\/grupo-miguel-vergara-feria-alimentaria\\\/#primaryimage\"},\"thumbnailUrl\":\"https:\\\/\\\/www.miguelvergara.com\\\/actualidad\\\/wp-content\\\/uploads\\\/2024\\\/03\\\/image-3.png\",\"articleSection\":[\"Notas de prensa\"],\"inLanguage\":\"es\"},{\"@type\":\"WebPage\",\"@id\":\"https:\\\/\\\/www.miguelvergara.com\\\/actualidad\\\/notas-de-prensa\\\/grupo-miguel-vergara-feria-alimentaria\\\/\",\"url\":\"https:\\\/\\\/www.miguelvergara.com\\\/actualidad\\\/notas-de-prensa\\\/grupo-miguel-vergara-feria-alimentaria\\\/\",\"name\":\"Grupo Miguel Vergara acude a la Feria Alimentaria - Blog\",\"isPartOf\":{\"@id\":\"https:\\\/\\\/www.miguelvergara.com\\\/actualidad\\\/#website\"},\"primaryImageOfPage\":{\"@id\":\"https:\\\/\\\/www.miguelvergara.com\\\/actualidad\\\/notas-de-prensa\\\/grupo-miguel-vergara-feria-alimentaria\\\/#primaryimage\"},\"image\":{\"@id\":\"https:\\\/\\\/www.miguelvergara.com\\\/actualidad\\\/notas-de-prensa\\\/grupo-miguel-vergara-feria-alimentaria\\\/#primaryimage\"},\"thumbnailUrl\":\"https:\\\/\\\/www.miguelvergara.com\\\/actualidad\\\/wp-content\\\/uploads\\\/2024\\\/03\\\/image-3.png\",\"datePublished\":\"2024-03-12T10:04:45+00:00\",\"dateModified\":\"2025-11-10T12:43:06+00:00\",\"author\":{\"@id\":\"https:\\\/\\\/www.miguelvergara.com\\\/actualidad\\\/#\\\/schema\\\/person\\\/58692419afaba719680d26887ed694b3\"},\"description\":\"La compa\u00f1\u00eda c\u00e1rnica estar\u00e1 presenta en la pr\u00f3xima edici\u00f3n de la Feria Alimentaria que se celebra en Barcelona y presentar\u00e1 su Bacon Angus.\",\"breadcrumb\":{\"@id\":\"https:\\\/\\\/www.miguelvergara.com\\\/actualidad\\\/notas-de-prensa\\\/grupo-miguel-vergara-feria-alimentaria\\\/#breadcrumb\"},\"inLanguage\":\"es\",\"potentialAction\":[{\"@type\":\"ReadAction\",\"target\":[\"https:\\\/\\\/www.miguelvergara.com\\\/actualidad\\\/notas-de-prensa\\\/grupo-miguel-vergara-feria-alimentaria\\\/\"]}]},{\"@type\":\"ImageObject\",\"inLanguage\":\"es\",\"@id\":\"https:\\\/\\\/www.miguelvergara.com\\\/actualidad\\\/notas-de-prensa\\\/grupo-miguel-vergara-feria-alimentaria\\\/#primaryimage\",\"url\":\"https:\\\/\\\/www.miguelvergara.com\\\/actualidad\\\/wp-content\\\/uploads\\\/2024\\\/03\\\/image-3.png\",\"contentUrl\":\"https:\\\/\\\/www.miguelvergara.com\\\/actualidad\\\/wp-content\\\/uploads\\\/2024\\\/03\\\/image-3.png\",\"width\":886,\"height\":886},{\"@type\":\"BreadcrumbList\",\"@id\":\"https:\\\/\\\/www.miguelvergara.com\\\/actualidad\\\/notas-de-prensa\\\/grupo-miguel-vergara-feria-alimentaria\\\/#breadcrumb\",\"itemListElement\":[{\"@type\":\"ListItem\",\"position\":1,\"name\":\"Portada\",\"item\":\"https:\\\/\\\/www.miguelvergara.com\\\/actualidad\\\/\"},{\"@type\":\"ListItem\",\"position\":2,\"name\":\"Grupo Miguel Vergara acude a la Feria Alimentaria\"}]},{\"@type\":\"WebSite\",\"@id\":\"https:\\\/\\\/www.miguelvergara.com\\\/actualidad\\\/#website\",\"url\":\"https:\\\/\\\/www.miguelvergara.com\\\/actualidad\\\/\",\"name\":\"Blog\",\"description\":\"\",\"potentialAction\":[{\"@type\":\"SearchAction\",\"target\":{\"@type\":\"EntryPoint\",\"urlTemplate\":\"https:\\\/\\\/www.miguelvergara.com\\\/actualidad\\\/?s={search_term_string}\"},\"query-input\":{\"@type\":\"PropertyValueSpecification\",\"valueRequired\":true,\"valueName\":\"search_term_string\"}}],\"inLanguage\":\"es\"},{\"@type\":\"Person\",\"@id\":\"https:\\\/\\\/www.miguelvergara.com\\\/actualidad\\\/#\\\/schema\\\/person\\\/58692419afaba719680d26887ed694b3\",\"name\":\"editor_vergara\"}]}<\/script>\n<!-- \/ Yoast SEO plugin. -->","yoast_head_json":{"title":"Grupo Miguel Vergara acude a la Feria Alimentaria - Blog","description":"La compa\u00f1\u00eda c\u00e1rnica estar\u00e1 presenta en la pr\u00f3xima edici\u00f3n de la Feria Alimentaria que se celebra en Barcelona y presentar\u00e1 su Bacon Angus.","robots":{"index":"index","follow":"follow","max-snippet":"max-snippet:-1","max-image-preview":"max-image-preview:large","max-video-preview":"max-video-preview:-1"},"canonical":"https:\/\/www.miguelvergara.com\/actualidad\/notas-de-prensa\/grupo-miguel-vergara-feria-alimentaria\/","og_locale":"es_ES","og_type":"article","og_title":"Grupo Miguel Vergara acude a la Feria Alimentaria - Blog","og_description":"La compa\u00f1\u00eda c\u00e1rnica estar\u00e1 presenta en la pr\u00f3xima edici\u00f3n de la Feria Alimentaria que se celebra en Barcelona y presentar\u00e1 su Bacon Angus.","og_url":"https:\/\/www.miguelvergara.com\/actualidad\/notas-de-prensa\/grupo-miguel-vergara-feria-alimentaria\/","og_site_name":"Blog","article_published_time":"2024-03-12T10:04:45+00:00","article_modified_time":"2025-11-10T12:43:06+00:00","og_image":[{"width":886,"height":886,"url":"https:\/\/www.miguelvergara.com\/actualidad\/wp-content\/uploads\/2024\/03\/image-3.png","type":"image\/png"}],"author":"editor_vergara","twitter_card":"summary_large_image","twitter_misc":{"Escrito por":"editor_vergara","Tiempo de lectura":"5 minutos"},"schema":{"@context":"https:\/\/schema.org","@graph":[{"@type":"Article","@id":"https:\/\/www.miguelvergara.com\/actualidad\/notas-de-prensa\/grupo-miguel-vergara-feria-alimentaria\/#article","isPartOf":{"@id":"https:\/\/www.miguelvergara.com\/actualidad\/notas-de-prensa\/grupo-miguel-vergara-feria-alimentaria\/"},"author":{"name":"editor_vergara","@id":"https:\/\/www.miguelvergara.com\/actualidad\/#\/schema\/person\/58692419afaba719680d26887ed694b3"},"headline":"Grupo Miguel Vergara acude a la Feria Alimentaria","datePublished":"2024-03-12T10:04:45+00:00","dateModified":"2025-11-10T12:43:06+00:00","mainEntityOfPage":{"@id":"https:\/\/www.miguelvergara.com\/actualidad\/notas-de-prensa\/grupo-miguel-vergara-feria-alimentaria\/"},"wordCount":736,"image":{"@id":"https:\/\/www.miguelvergara.com\/actualidad\/notas-de-prensa\/grupo-miguel-vergara-feria-alimentaria\/#primaryimage"},"thumbnailUrl":"https:\/\/www.miguelvergara.com\/actualidad\/wp-content\/uploads\/2024\/03\/image-3.png","articleSection":["Notas de prensa"],"inLanguage":"es"},{"@type":"WebPage","@id":"https:\/\/www.miguelvergara.com\/actualidad\/notas-de-prensa\/grupo-miguel-vergara-feria-alimentaria\/","url":"https:\/\/www.miguelvergara.com\/actualidad\/notas-de-prensa\/grupo-miguel-vergara-feria-alimentaria\/","name":"Grupo Miguel Vergara acude a la Feria Alimentaria - Blog","isPartOf":{"@id":"https:\/\/www.miguelvergara.com\/actualidad\/#website"},"primaryImageOfPage":{"@id":"https:\/\/www.miguelvergara.com\/actualidad\/notas-de-prensa\/grupo-miguel-vergara-feria-alimentaria\/#primaryimage"},"image":{"@id":"https:\/\/www.miguelvergara.com\/actualidad\/notas-de-prensa\/grupo-miguel-vergara-feria-alimentaria\/#primaryimage"},"thumbnailUrl":"https:\/\/www.miguelvergara.com\/actualidad\/wp-content\/uploads\/2024\/03\/image-3.png","datePublished":"2024-03-12T10:04:45+00:00","dateModified":"2025-11-10T12:43:06+00:00","author":{"@id":"https:\/\/www.miguelvergara.com\/actualidad\/#\/schema\/person\/58692419afaba719680d26887ed694b3"},"description":"La compa\u00f1\u00eda c\u00e1rnica estar\u00e1 presenta en la pr\u00f3xima edici\u00f3n de la Feria Alimentaria que se celebra en Barcelona y presentar\u00e1 su Bacon Angus.","breadcrumb":{"@id":"https:\/\/www.miguelvergara.com\/actualidad\/notas-de-prensa\/grupo-miguel-vergara-feria-alimentaria\/#breadcrumb"},"inLanguage":"es","potentialAction":[{"@type":"ReadAction","target":["https:\/\/www.miguelvergara.com\/actualidad\/notas-de-prensa\/grupo-miguel-vergara-feria-alimentaria\/"]}]},{"@type":"ImageObject","inLanguage":"es","@id":"https:\/\/www.miguelvergara.com\/actualidad\/notas-de-prensa\/grupo-miguel-vergara-feria-alimentaria\/#primaryimage","url":"https:\/\/www.miguelvergara.com\/actualidad\/wp-content\/uploads\/2024\/03\/image-3.png","contentUrl":"https:\/\/www.miguelvergara.com\/actualidad\/wp-content\/uploads\/2024\/03\/image-3.png","width":886,"height":886},{"@type":"BreadcrumbList","@id":"https:\/\/www.miguelvergara.com\/actualidad\/notas-de-prensa\/grupo-miguel-vergara-feria-alimentaria\/#breadcrumb","itemListElement":[{"@type":"ListItem","position":1,"name":"Portada","item":"https:\/\/www.miguelvergara.com\/actualidad\/"},{"@type":"ListItem","position":2,"name":"Grupo Miguel Vergara acude a la Feria Alimentaria"}]},{"@type":"WebSite","@id":"https:\/\/www.miguelvergara.com\/actualidad\/#website","url":"https:\/\/www.miguelvergara.com\/actualidad\/","name":"Blog","description":"","potentialAction":[{"@type":"SearchAction","target":{"@type":"EntryPoint","urlTemplate":"https:\/\/www.miguelvergara.com\/actualidad\/?s={search_term_string}"},"query-input":{"@type":"PropertyValueSpecification","valueRequired":true,"valueName":"search_term_string"}}],"inLanguage":"es"},{"@type":"Person","@id":"https:\/\/www.miguelvergara.com\/actualidad\/#\/schema\/person\/58692419afaba719680d26887ed694b3","name":"editor_vergara"}]}},"_links":{"self":[{"href":"https:\/\/www.miguelvergara.com\/actualidad\/wp-json\/wp\/v2\/posts\/10228","targetHints":{"allow":["GET"]}}],"collection":[{"href":"https:\/\/www.miguelvergara.com\/actualidad\/wp-json\/wp\/v2\/posts"}],"about":[{"href":"https:\/\/www.miguelvergara.com\/actualidad\/wp-json\/wp\/v2\/types\/post"}],"author":[{"embeddable":true,"href":"https:\/\/www.miguelvergara.com\/actualidad\/wp-json\/wp\/v2\/users\/3"}],"replies":[{"embeddable":true,"href":"https:\/\/www.miguelvergara.com\/actualidad\/wp-json\/wp\/v2\/comments?post=10228"}],"version-history":[{"count":14,"href":"https:\/\/www.miguelvergara.com\/actualidad\/wp-json\/wp\/v2\/posts\/10228\/revisions"}],"predecessor-version":[{"id":11432,"href":"https:\/\/www.miguelvergara.com\/actualidad\/wp-json\/wp\/v2\/posts\/10228\/revisions\/11432"}],"wp:featuredmedia":[{"embeddable":true,"href":"https:\/\/www.miguelvergara.com\/actualidad\/wp-json\/wp\/v2\/media\/10229"}],"wp:attachment":[{"href":"https:\/\/www.miguelvergara.com\/actualidad\/wp-json\/wp\/v2\/media?parent=10228"}],"wp:term":[{"taxonomy":"category","embeddable":true,"href":"https:\/\/www.miguelvergara.com\/actualidad\/wp-json\/wp\/v2\/categories?post=10228"},{"taxonomy":"post_tag","embeddable":true,"href":"https:\/\/www.miguelvergara.com\/actualidad\/wp-json\/wp\/v2\/tags?post=10228"}],"curies":[{"name":"wp","href":"https:\/\/api.w.org\/{rel}","templated":true}]}}