{"id":10971,"date":"2025-02-25T10:37:12","date_gmt":"2025-02-25T09:37:12","guid":{"rendered":"https:\/\/www.miguelvergara.com\/actualidad\/?p=10971"},"modified":"2025-09-18T14:12:48","modified_gmt":"2025-09-18T12:12:48","slug":"grupo-miguel-vergara-premios-anice","status":"publish","type":"post","link":"https:\/\/www.miguelvergara.com\/actualidad\/notas-de-prensa\/grupo-miguel-vergara-premios-anice\/","title":{"rendered":"Grupo Miguel Vergara, premiado por su apuesta por la innovaci\u00f3n en los IX Premios ANICE"},"content":{"rendered":"\n<p>Valladolid, 25 de febrero de 2025\u00a0\u2013\u00a0Grupo Miguel Vergara ha sido galardonado con el\u00a0<strong>Premio ANICE a la Innovaci\u00f3n<\/strong>, un reconocimiento que pone en valor su apuesta constante por la I+D+i y la modernizaci\u00f3n del sector c\u00e1rnico.<\/p>\n\n\n\n<figure class=\"wp-block-image size-large\"><img loading=\"lazy\" decoding=\"async\" width=\"1200\" height=\"706\" src=\"https:\/\/www.miguelvergara.com\/actualidad\/wp-content\/uploads\/2025\/02\/1743022300594-1200x706.jpeg\" alt=\"\" class=\"wp-image-11345\" srcset=\"https:\/\/www.miguelvergara.com\/actualidad\/wp-content\/uploads\/2025\/02\/1743022300594-1200x706.jpeg 1200w, https:\/\/www.miguelvergara.com\/actualidad\/wp-content\/uploads\/2025\/02\/1743022300594-860x506.jpeg 860w, https:\/\/www.miguelvergara.com\/actualidad\/wp-content\/uploads\/2025\/02\/1743022300594-768x452.jpeg 768w, https:\/\/www.miguelvergara.com\/actualidad\/wp-content\/uploads\/2025\/02\/1743022300594.jpeg 1280w\" sizes=\"auto, (max-width: 1200px) 100vw, 1200px\" \/><\/figure>\n\n\n\n<p>El jurado ha valorado su apuesta por la innovaci\u00f3n para crecer. La empresa ha mejorado la gen\u00e9tica del ganado, optimizado su alimentaci\u00f3n e incorporado sistemas de producci\u00f3n m\u00e1s sostenibles. Adem\u00e1s, ha desarrollado nuevos productos alineados con las tendencias de consumo.<\/p>\n\n\n\n<p>Gracias a su inversi\u00f3n en piensos personalizados, bienestar animal y trazabilidad, la compa\u00f1\u00eda ha elevado los est\u00e1ndares de calidad en la industria c\u00e1rnica. Tambi\u00e9n ha trabajado en reducir su impacto ambiental y buscar alternativas m\u00e1s sostenibles, lo que ha sido clave para este reconocimiento.<\/p>\n\n\n\n<p>Con esta estrategia, Grupo Miguel Vergara se ha consolidado como l\u00edder en el sector del vacuno. Sus soluciones innovadoras responden a las demandas del mercado y contribuyen a la modernizaci\u00f3n de la industria.<\/p>\n\n\n\n<figure class=\"wp-block-image size-full\"><img loading=\"lazy\" decoding=\"async\" width=\"1000\" height=\"666\" src=\"https:\/\/www.miguelvergara.com\/actualidad\/wp-content\/uploads\/2025\/02\/miguel_vergara_anice.jpg\" alt=\"\" class=\"wp-image-11346\" srcset=\"https:\/\/www.miguelvergara.com\/actualidad\/wp-content\/uploads\/2025\/02\/miguel_vergara_anice.jpg 1000w, https:\/\/www.miguelvergara.com\/actualidad\/wp-content\/uploads\/2025\/02\/miguel_vergara_anice-860x573.jpg 860w, https:\/\/www.miguelvergara.com\/actualidad\/wp-content\/uploads\/2025\/02\/miguel_vergara_anice-768x511.jpg 768w\" sizes=\"auto, (max-width: 1000px) 100vw, 1000px\" \/><\/figure>\n\n\n\n<p>Los\u00a0Premios, organizados por la <a href=\"https:\/\/www.anice.es\/industrias\/anice.es\/home_294_1_ap.html\">Asociaci\u00f3n Nacional de Industrias de la Carne de Espa\u00f1a<\/a>, reconocen a quienes fortalecen el sector y mejoran su competitividad. <\/p>\n\n\n\n<p>Este\u00a0<a href=\"https:\/\/www.anice.es\/industrias\/noticias-destacadas\/asi-ha-sido-el-encuentro-anual-de-anice_40607_69_55110_0_1_in.html\">Premio ANICE<\/a> a la innovaci\u00f3n recibido por Grupo Miguel Vergara refuerza la trayectoria de Grupo Miguel Vergara como empresa pionera en calidad, sostenibilidad y mejora continua.<\/p>\n\n\n\n<p>El\u00a0<strong>Premio ANICE a la innovaci\u00f3n otorgado a Grupo Miguel Vergara<\/strong>\u00a0refuerza su posici\u00f3n como referente en el \u00e1mbito agroalimentario. La compa\u00f1\u00eda continuar\u00e1 desarrollando proyectos de I+D+i centrados en la <a href=\"https:\/\/www.miguelvergara.com\/actualidad\/blog\/proyecto-life-beef-carbon-un-paso-mas-hacia-una-produccion-sostenible\/\">sostenibilidad<\/a>, la digitalizaci\u00f3n de procesos y la creaci\u00f3n de alimentos m\u00e1s saludables, adaptados a las nuevas demandas del consumidor. <\/p>\n\n\n\n<p>Con este galard\u00f3n, Grupo Miguel Vergara no solo consolida su liderazgo en el sector c\u00e1rnico, sino que tambi\u00e9n reafirma su compromiso con la excelencia y el futuro de la gastronom\u00eda espa\u00f1ola.<\/p>\n\n\n\n<p><\/p>\n","protected":false},"excerpt":{"rendered":"<p>Valladolid, 25 de febrero de 2025\u00a0\u2013\u00a0Grupo Miguel Vergara ha sido galardonado con el\u00a0Premio ANICE a la Innovaci\u00f3n, un reconocimiento que pone en valor su apuesta constante por la I+D+i y la modernizaci\u00f3n del sector c\u00e1rnico. El jurado ha valorado su apuesta por la innovaci\u00f3n para crecer. La empresa ha mejorado la gen\u00e9tica del ganado, optimizado [&hellip;]<\/p>\n","protected":false},"author":3,"featured_media":11346,"comment_status":"closed","ping_status":"closed","sticky":false,"template":"","format":"standard","meta":{"footnotes":""},"categories":[3],"tags":[],"class_list":["post-10971","post","type-post","status-publish","format-standard","has-post-thumbnail","hentry","category-notas-de-prensa"],"yoast_head":"<!-- This site is optimized with the Yoast SEO plugin v27.4 - https:\/\/yoast.com\/product\/yoast-seo-wordpress\/ -->\n<title>Grupo Miguel Vergara premiado en los IX premios ANICE<\/title>\n<meta name=\"description\" content=\"Grupo Miguel Vergara Premio ANICE innovaci\u00f3n 2025: reconocimiento a su liderazgo en I+D+i, sostenibilidad y modernizaci\u00f3n del sector c\u00e1rnico.\" \/>\n<meta name=\"robots\" content=\"index, follow, max-snippet:-1, max-image-preview:large, max-video-preview:-1\" \/>\n<link rel=\"canonical\" href=\"https:\/\/www.miguelvergara.com\/actualidad\/notas-de-prensa\/grupo-miguel-vergara-premios-anice\/\" \/>\n<meta property=\"og:locale\" content=\"es_ES\" \/>\n<meta property=\"og:type\" content=\"article\" \/>\n<meta property=\"og:title\" content=\"Grupo Miguel Vergara premiado en los IX premios ANICE\" \/>\n<meta property=\"og:description\" content=\"Grupo Miguel Vergara Premio ANICE innovaci\u00f3n 2025: reconocimiento a su liderazgo en I+D+i, sostenibilidad y modernizaci\u00f3n del sector c\u00e1rnico.\" \/>\n<meta property=\"og:url\" content=\"https:\/\/www.miguelvergara.com\/actualidad\/notas-de-prensa\/grupo-miguel-vergara-premios-anice\/\" \/>\n<meta property=\"og:site_name\" content=\"Blog\" \/>\n<meta property=\"article:published_time\" content=\"2025-02-25T09:37:12+00:00\" \/>\n<meta property=\"article:modified_time\" content=\"2025-09-18T12:12:48+00:00\" \/>\n<meta property=\"og:image\" content=\"https:\/\/www.miguelvergara.com\/actualidad\/wp-content\/uploads\/2025\/02\/miguel_vergara_anice.jpg\" \/>\n\t<meta property=\"og:image:width\" content=\"1000\" \/>\n\t<meta property=\"og:image:height\" content=\"666\" \/>\n\t<meta property=\"og:image:type\" content=\"image\/jpeg\" \/>\n<meta name=\"author\" content=\"editor_vergara\" \/>\n<meta name=\"twitter:card\" content=\"summary_large_image\" \/>\n<meta name=\"twitter:label1\" content=\"Escrito por\" \/>\n\t<meta name=\"twitter:data1\" content=\"editor_vergara\" \/>\n\t<meta name=\"twitter:label2\" content=\"Tiempo de lectura\" \/>\n\t<meta name=\"twitter:data2\" content=\"2 minutos\" \/>\n<script type=\"application\/ld+json\" class=\"yoast-schema-graph\">{\"@context\":\"https:\\\/\\\/schema.org\",\"@graph\":[{\"@type\":\"Article\",\"@id\":\"https:\\\/\\\/www.miguelvergara.com\\\/actualidad\\\/notas-de-prensa\\\/grupo-miguel-vergara-premios-anice\\\/#article\",\"isPartOf\":{\"@id\":\"https:\\\/\\\/www.miguelvergara.com\\\/actualidad\\\/notas-de-prensa\\\/grupo-miguel-vergara-premios-anice\\\/\"},\"author\":{\"name\":\"editor_vergara\",\"@id\":\"https:\\\/\\\/www.miguelvergara.com\\\/actualidad\\\/#\\\/schema\\\/person\\\/58692419afaba719680d26887ed694b3\"},\"headline\":\"Grupo Miguel Vergara, premiado por su apuesta por la innovaci\u00f3n en los IX Premios ANICE\",\"datePublished\":\"2025-02-25T09:37:12+00:00\",\"dateModified\":\"2025-09-18T12:12:48+00:00\",\"mainEntityOfPage\":{\"@id\":\"https:\\\/\\\/www.miguelvergara.com\\\/actualidad\\\/notas-de-prensa\\\/grupo-miguel-vergara-premios-anice\\\/\"},\"wordCount\":334,\"image\":{\"@id\":\"https:\\\/\\\/www.miguelvergara.com\\\/actualidad\\\/notas-de-prensa\\\/grupo-miguel-vergara-premios-anice\\\/#primaryimage\"},\"thumbnailUrl\":\"https:\\\/\\\/www.miguelvergara.com\\\/actualidad\\\/wp-content\\\/uploads\\\/2025\\\/02\\\/miguel_vergara_anice.jpg\",\"articleSection\":[\"Notas de prensa\"],\"inLanguage\":\"es\"},{\"@type\":\"WebPage\",\"@id\":\"https:\\\/\\\/www.miguelvergara.com\\\/actualidad\\\/notas-de-prensa\\\/grupo-miguel-vergara-premios-anice\\\/\",\"url\":\"https:\\\/\\\/www.miguelvergara.com\\\/actualidad\\\/notas-de-prensa\\\/grupo-miguel-vergara-premios-anice\\\/\",\"name\":\"Grupo Miguel Vergara premiado en los IX premios ANICE\",\"isPartOf\":{\"@id\":\"https:\\\/\\\/www.miguelvergara.com\\\/actualidad\\\/#website\"},\"primaryImageOfPage\":{\"@id\":\"https:\\\/\\\/www.miguelvergara.com\\\/actualidad\\\/notas-de-prensa\\\/grupo-miguel-vergara-premios-anice\\\/#primaryimage\"},\"image\":{\"@id\":\"https:\\\/\\\/www.miguelvergara.com\\\/actualidad\\\/notas-de-prensa\\\/grupo-miguel-vergara-premios-anice\\\/#primaryimage\"},\"thumbnailUrl\":\"https:\\\/\\\/www.miguelvergara.com\\\/actualidad\\\/wp-content\\\/uploads\\\/2025\\\/02\\\/miguel_vergara_anice.jpg\",\"datePublished\":\"2025-02-25T09:37:12+00:00\",\"dateModified\":\"2025-09-18T12:12:48+00:00\",\"author\":{\"@id\":\"https:\\\/\\\/www.miguelvergara.com\\\/actualidad\\\/#\\\/schema\\\/person\\\/58692419afaba719680d26887ed694b3\"},\"description\":\"Grupo Miguel Vergara Premio ANICE innovaci\u00f3n 2025: reconocimiento a su liderazgo en I+D+i, sostenibilidad y modernizaci\u00f3n del sector c\u00e1rnico.\",\"breadcrumb\":{\"@id\":\"https:\\\/\\\/www.miguelvergara.com\\\/actualidad\\\/notas-de-prensa\\\/grupo-miguel-vergara-premios-anice\\\/#breadcrumb\"},\"inLanguage\":\"es\",\"potentialAction\":[{\"@type\":\"ReadAction\",\"target\":[\"https:\\\/\\\/www.miguelvergara.com\\\/actualidad\\\/notas-de-prensa\\\/grupo-miguel-vergara-premios-anice\\\/\"]}]},{\"@type\":\"ImageObject\",\"inLanguage\":\"es\",\"@id\":\"https:\\\/\\\/www.miguelvergara.com\\\/actualidad\\\/notas-de-prensa\\\/grupo-miguel-vergara-premios-anice\\\/#primaryimage\",\"url\":\"https:\\\/\\\/www.miguelvergara.com\\\/actualidad\\\/wp-content\\\/uploads\\\/2025\\\/02\\\/miguel_vergara_anice.jpg\",\"contentUrl\":\"https:\\\/\\\/www.miguelvergara.com\\\/actualidad\\\/wp-content\\\/uploads\\\/2025\\\/02\\\/miguel_vergara_anice.jpg\",\"width\":1000,\"height\":666},{\"@type\":\"BreadcrumbList\",\"@id\":\"https:\\\/\\\/www.miguelvergara.com\\\/actualidad\\\/notas-de-prensa\\\/grupo-miguel-vergara-premios-anice\\\/#breadcrumb\",\"itemListElement\":[{\"@type\":\"ListItem\",\"position\":1,\"name\":\"Portada\",\"item\":\"https:\\\/\\\/www.miguelvergara.com\\\/actualidad\\\/\"},{\"@type\":\"ListItem\",\"position\":2,\"name\":\"Grupo Miguel Vergara, premiado por su apuesta por la innovaci\u00f3n en los IX Premios ANICE\"}]},{\"@type\":\"WebSite\",\"@id\":\"https:\\\/\\\/www.miguelvergara.com\\\/actualidad\\\/#website\",\"url\":\"https:\\\/\\\/www.miguelvergara.com\\\/actualidad\\\/\",\"name\":\"Blog\",\"description\":\"\",\"potentialAction\":[{\"@type\":\"SearchAction\",\"target\":{\"@type\":\"EntryPoint\",\"urlTemplate\":\"https:\\\/\\\/www.miguelvergara.com\\\/actualidad\\\/?s={search_term_string}\"},\"query-input\":{\"@type\":\"PropertyValueSpecification\",\"valueRequired\":true,\"valueName\":\"search_term_string\"}}],\"inLanguage\":\"es\"},{\"@type\":\"Person\",\"@id\":\"https:\\\/\\\/www.miguelvergara.com\\\/actualidad\\\/#\\\/schema\\\/person\\\/58692419afaba719680d26887ed694b3\",\"name\":\"editor_vergara\"}]}<\/script>\n<!-- \/ Yoast SEO plugin. -->","yoast_head_json":{"title":"Grupo Miguel Vergara premiado en los IX premios ANICE","description":"Grupo Miguel Vergara Premio ANICE innovaci\u00f3n 2025: reconocimiento a su liderazgo en I+D+i, sostenibilidad y modernizaci\u00f3n del sector c\u00e1rnico.","robots":{"index":"index","follow":"follow","max-snippet":"max-snippet:-1","max-image-preview":"max-image-preview:large","max-video-preview":"max-video-preview:-1"},"canonical":"https:\/\/www.miguelvergara.com\/actualidad\/notas-de-prensa\/grupo-miguel-vergara-premios-anice\/","og_locale":"es_ES","og_type":"article","og_title":"Grupo Miguel Vergara premiado en los IX premios ANICE","og_description":"Grupo Miguel Vergara Premio ANICE innovaci\u00f3n 2025: reconocimiento a su liderazgo en I+D+i, sostenibilidad y modernizaci\u00f3n del sector c\u00e1rnico.","og_url":"https:\/\/www.miguelvergara.com\/actualidad\/notas-de-prensa\/grupo-miguel-vergara-premios-anice\/","og_site_name":"Blog","article_published_time":"2025-02-25T09:37:12+00:00","article_modified_time":"2025-09-18T12:12:48+00:00","og_image":[{"width":1000,"height":666,"url":"https:\/\/www.miguelvergara.com\/actualidad\/wp-content\/uploads\/2025\/02\/miguel_vergara_anice.jpg","type":"image\/jpeg"}],"author":"editor_vergara","twitter_card":"summary_large_image","twitter_misc":{"Escrito por":"editor_vergara","Tiempo de lectura":"2 minutos"},"schema":{"@context":"https:\/\/schema.org","@graph":[{"@type":"Article","@id":"https:\/\/www.miguelvergara.com\/actualidad\/notas-de-prensa\/grupo-miguel-vergara-premios-anice\/#article","isPartOf":{"@id":"https:\/\/www.miguelvergara.com\/actualidad\/notas-de-prensa\/grupo-miguel-vergara-premios-anice\/"},"author":{"name":"editor_vergara","@id":"https:\/\/www.miguelvergara.com\/actualidad\/#\/schema\/person\/58692419afaba719680d26887ed694b3"},"headline":"Grupo Miguel Vergara, premiado por su apuesta por la innovaci\u00f3n en los IX Premios ANICE","datePublished":"2025-02-25T09:37:12+00:00","dateModified":"2025-09-18T12:12:48+00:00","mainEntityOfPage":{"@id":"https:\/\/www.miguelvergara.com\/actualidad\/notas-de-prensa\/grupo-miguel-vergara-premios-anice\/"},"wordCount":334,"image":{"@id":"https:\/\/www.miguelvergara.com\/actualidad\/notas-de-prensa\/grupo-miguel-vergara-premios-anice\/#primaryimage"},"thumbnailUrl":"https:\/\/www.miguelvergara.com\/actualidad\/wp-content\/uploads\/2025\/02\/miguel_vergara_anice.jpg","articleSection":["Notas de prensa"],"inLanguage":"es"},{"@type":"WebPage","@id":"https:\/\/www.miguelvergara.com\/actualidad\/notas-de-prensa\/grupo-miguel-vergara-premios-anice\/","url":"https:\/\/www.miguelvergara.com\/actualidad\/notas-de-prensa\/grupo-miguel-vergara-premios-anice\/","name":"Grupo Miguel Vergara premiado en los IX premios ANICE","isPartOf":{"@id":"https:\/\/www.miguelvergara.com\/actualidad\/#website"},"primaryImageOfPage":{"@id":"https:\/\/www.miguelvergara.com\/actualidad\/notas-de-prensa\/grupo-miguel-vergara-premios-anice\/#primaryimage"},"image":{"@id":"https:\/\/www.miguelvergara.com\/actualidad\/notas-de-prensa\/grupo-miguel-vergara-premios-anice\/#primaryimage"},"thumbnailUrl":"https:\/\/www.miguelvergara.com\/actualidad\/wp-content\/uploads\/2025\/02\/miguel_vergara_anice.jpg","datePublished":"2025-02-25T09:37:12+00:00","dateModified":"2025-09-18T12:12:48+00:00","author":{"@id":"https:\/\/www.miguelvergara.com\/actualidad\/#\/schema\/person\/58692419afaba719680d26887ed694b3"},"description":"Grupo Miguel Vergara Premio ANICE innovaci\u00f3n 2025: reconocimiento a su liderazgo en I+D+i, sostenibilidad y modernizaci\u00f3n del sector c\u00e1rnico.","breadcrumb":{"@id":"https:\/\/www.miguelvergara.com\/actualidad\/notas-de-prensa\/grupo-miguel-vergara-premios-anice\/#breadcrumb"},"inLanguage":"es","potentialAction":[{"@type":"ReadAction","target":["https:\/\/www.miguelvergara.com\/actualidad\/notas-de-prensa\/grupo-miguel-vergara-premios-anice\/"]}]},{"@type":"ImageObject","inLanguage":"es","@id":"https:\/\/www.miguelvergara.com\/actualidad\/notas-de-prensa\/grupo-miguel-vergara-premios-anice\/#primaryimage","url":"https:\/\/www.miguelvergara.com\/actualidad\/wp-content\/uploads\/2025\/02\/miguel_vergara_anice.jpg","contentUrl":"https:\/\/www.miguelvergara.com\/actualidad\/wp-content\/uploads\/2025\/02\/miguel_vergara_anice.jpg","width":1000,"height":666},{"@type":"BreadcrumbList","@id":"https:\/\/www.miguelvergara.com\/actualidad\/notas-de-prensa\/grupo-miguel-vergara-premios-anice\/#breadcrumb","itemListElement":[{"@type":"ListItem","position":1,"name":"Portada","item":"https:\/\/www.miguelvergara.com\/actualidad\/"},{"@type":"ListItem","position":2,"name":"Grupo Miguel Vergara, premiado por su apuesta por la innovaci\u00f3n en los IX Premios ANICE"}]},{"@type":"WebSite","@id":"https:\/\/www.miguelvergara.com\/actualidad\/#website","url":"https:\/\/www.miguelvergara.com\/actualidad\/","name":"Blog","description":"","potentialAction":[{"@type":"SearchAction","target":{"@type":"EntryPoint","urlTemplate":"https:\/\/www.miguelvergara.com\/actualidad\/?s={search_term_string}"},"query-input":{"@type":"PropertyValueSpecification","valueRequired":true,"valueName":"search_term_string"}}],"inLanguage":"es"},{"@type":"Person","@id":"https:\/\/www.miguelvergara.com\/actualidad\/#\/schema\/person\/58692419afaba719680d26887ed694b3","name":"editor_vergara"}]}},"_links":{"self":[{"href":"https:\/\/www.miguelvergara.com\/actualidad\/wp-json\/wp\/v2\/posts\/10971","targetHints":{"allow":["GET"]}}],"collection":[{"href":"https:\/\/www.miguelvergara.com\/actualidad\/wp-json\/wp\/v2\/posts"}],"about":[{"href":"https:\/\/www.miguelvergara.com\/actualidad\/wp-json\/wp\/v2\/types\/post"}],"author":[{"embeddable":true,"href":"https:\/\/www.miguelvergara.com\/actualidad\/wp-json\/wp\/v2\/users\/3"}],"replies":[{"embeddable":true,"href":"https:\/\/www.miguelvergara.com\/actualidad\/wp-json\/wp\/v2\/comments?post=10971"}],"version-history":[{"count":6,"href":"https:\/\/www.miguelvergara.com\/actualidad\/wp-json\/wp\/v2\/posts\/10971\/revisions"}],"predecessor-version":[{"id":11347,"href":"https:\/\/www.miguelvergara.com\/actualidad\/wp-json\/wp\/v2\/posts\/10971\/revisions\/11347"}],"wp:featuredmedia":[{"embeddable":true,"href":"https:\/\/www.miguelvergara.com\/actualidad\/wp-json\/wp\/v2\/media\/11346"}],"wp:attachment":[{"href":"https:\/\/www.miguelvergara.com\/actualidad\/wp-json\/wp\/v2\/media?parent=10971"}],"wp:term":[{"taxonomy":"category","embeddable":true,"href":"https:\/\/www.miguelvergara.com\/actualidad\/wp-json\/wp\/v2\/categories?post=10971"},{"taxonomy":"post_tag","embeddable":true,"href":"https:\/\/www.miguelvergara.com\/actualidad\/wp-json\/wp\/v2\/tags?post=10971"}],"curies":[{"name":"wp","href":"https:\/\/api.w.org\/{rel}","templated":true}]}}