{"id":11361,"date":"2025-09-29T12:07:57","date_gmt":"2025-09-29T10:07:57","guid":{"rendered":"https:\/\/www.miguelvergara.com\/actualidad\/?p=11361"},"modified":"2025-09-29T12:10:06","modified_gmt":"2025-09-29T10:10:06","slug":"grupo-miguel-vergara-premio-sostenibilidad-2025","status":"publish","type":"post","link":"https:\/\/www.miguelvergara.com\/actualidad\/notas-de-prensa\/grupo-miguel-vergara-premio-sostenibilidad-2025\/","title":{"rendered":"Grupo Miguel Vergara, premiado en sostenibilidad en la Gala Anual de la Escuela de Negocios de Valladolid"},"content":{"rendered":"\n<p>Valladolid, 29 de septiembre de 2025 \u2013 En la Gala Anual de la Escuela de Negocios de Valladolid, celebrada el jueves 25 de septiembre, Grupo Miguel Vergara ha sido galardonado con el\u00a0<strong>Premio a la Sostenibilidad 2025<\/strong>, en reconocimiento a su liderazgo en certificaci\u00f3n alimentaria, transparencia y compromiso ambiental. La ceremonia tambi\u00e9n sirvi\u00f3 para clausurar la Promoci\u00f3n 2024\/25 y dar la bienvenida a la Promoci\u00f3n 2025\/26.<\/p>\n\n\n\n<figure class=\"wp-block-image size-full\"><img loading=\"lazy\" decoding=\"async\" width=\"1024\" height=\"768\" src=\"https:\/\/www.miguelvergara.com\/actualidad\/wp-content\/uploads\/2025\/09\/FOTO-FAMILIA-GANADORES-PREMIO-EMPRESA-low-1024x768-1.webp\" alt=\"\" class=\"wp-image-11362\" srcset=\"https:\/\/www.miguelvergara.com\/actualidad\/wp-content\/uploads\/2025\/09\/FOTO-FAMILIA-GANADORES-PREMIO-EMPRESA-low-1024x768-1.webp 1024w, https:\/\/www.miguelvergara.com\/actualidad\/wp-content\/uploads\/2025\/09\/FOTO-FAMILIA-GANADORES-PREMIO-EMPRESA-low-1024x768-1-860x645.webp 860w, https:\/\/www.miguelvergara.com\/actualidad\/wp-content\/uploads\/2025\/09\/FOTO-FAMILIA-GANADORES-PREMIO-EMPRESA-low-1024x768-1-768x576.webp 768w\" sizes=\"auto, (max-width: 1024px) 100vw, 1024px\" \/><\/figure>\n\n\n\n<h2 class=\"wp-block-heading\"><br><strong>Premio a la Sostenibilidad 2025 para Grupo Miguel Vergara<\/strong><\/h2>\n\n\n\n<p>Durante la <a href=\"https:\/\/www.escueladenegocio.com\/incosa-grupo-recoletas-lohmann-breeders-y-grupo-miguel-vergara-brillan-en-la-gala-anual-de-la-escuela-de-negocios-de-la-camara-de-valladolid\/\">Gala Anual de la Escuela de Negocios de la C\u00e1mara de Valladolid<\/a>, se hizo entrega de los premios que reconocen a empresas destacadas en distintas categor\u00edas. En esta edici\u00f3n los premios recayeron en:<\/p>\n\n\n\n<ul class=\"wp-block-list\">\n<li>Premio Innovaci\u00f3n \u2192\u00a0<strong>Recoletas Salud<\/strong><\/li>\n\n\n\n<li>Premio Formaci\u00f3n \u2192\u00a0<strong>Lohmann Breeders<\/strong><\/li>\n\n\n\n<li>Premio Empresa Escuela de Negocios \u2192\u00a0<strong>INCOSA<\/strong><\/li>\n\n\n\n<li>Premio Sostenibilidad 2025 \u2192\u00a0<strong>Grupo Miguel Vergara<\/strong><\/li>\n<\/ul>\n\n\n\n<p>El jurado valor\u00f3 en Grupo Miguel Vergara su reciente renovaci\u00f3n del certificado\u00a0<strong><a href=\"https:\/\/www.miguelvergara.com\/actualidad\/notas-de-prensa\/miguel-vergara-ifs-nivel-superior\/\">IFS Food con nivel superior<\/a><\/strong>. Esta certificaci\u00f3n garantiza altos est\u00e1ndares de seguridad alimentaria, trazabilidad y calidad en todo el proceso productivo.\u00a0 Esta renovaci\u00f3n es el cuarto a\u00f1o consecutivo en que la compa\u00f1\u00eda obtiene la certificaci\u00f3n IFS, destacando por superar los est\u00e1ndares m\u00e1s exigentes.\u00a0\u00a0<\/p>\n\n\n\n<h3 class=\"wp-block-heading\"><br><strong>Iniciativas destacadas del grupo<\/strong><\/h3>\n\n\n\n<p>Adem\u00e1s, la trayectoria de Grupo Miguel Vergara en materia de sostenibilidad se apoya en iniciativas como:<\/p>\n\n\n\n<ul class=\"wp-block-list\">\n<li>Participaci\u00f3n en el proyecto\u00a0<strong>Life Beef Carbon<\/strong>, dirigido a reducir emisiones de gases de efecto invernadero.\u00a0\u00a0<\/li>\n\n\n\n<li>Instalaci\u00f3n de placas solares fotovoltaicas en sus plantas productivas.\u00a0\u00a0<\/li>\n\n\n\n<li>Reforestaciones y restauraci\u00f3n de zonas en sus fincas.\u00a0\u00a0<\/li>\n\n\n\n<li>Integraci\u00f3n de la cadena completa de la ganader\u00eda al producto final, con m\u00e1s de 60 integraciones en Castilla y Le\u00f3n.\u00a0\u00a0<\/li>\n\n\n\n<li>Inversi\u00f3n en bienestar animal, siendo uno de los primeros grupos del sector con todas sus explotaciones propias certificadas con est\u00e1ndares europeos exigentes.\u00a0\u00a0<\/li>\n<\/ul>\n\n\n\n<p>Seg\u00fan la Escuela de Negocios de Valladolid, el premio de Sostenibilidad premia \u201cla seguridad, la trazabilidad y la excelencia en todo el proceso productivo, reflejo de una filosof\u00eda empresarial basada en la transparencia, la responsabilidad y el compromiso con el futuro de la alimentaci\u00f3n\u201d.&nbsp;&nbsp;<\/p>\n\n\n\n<p>\u201cEs un honor recibir este reconocimiento en un foro tan prestigioso, que subraya nuestro compromiso continuo con la calidad y la sostenibilidad\u201d, afirm\u00f3 Mar\u00eda Vergara, adjunta a Direcci\u00f3n de Grupo Miguel Vergara, en el acto de entrega.<\/p>\n\n\n\n<p>La gala cont\u00f3 asimismo con la presencia de autoridades institucionales, profesionales del \u00e1mbito educativo y empresarial, y la intervenci\u00f3n especial de Paco Gonz\u00e1lez (director general del CB Valladolid), quien ofreci\u00f3 una charla inspiracional.&nbsp;&nbsp;<\/p>\n\n\n\n<p><\/p>\n","protected":false},"excerpt":{"rendered":"<p>Valladolid, 29 de septiembre de 2025 \u2013 En la Gala Anual de la Escuela de Negocios de Valladolid, celebrada el jueves 25 de septiembre, Grupo Miguel Vergara ha sido galardonado con el\u00a0Premio a la Sostenibilidad 2025, en reconocimiento a su liderazgo en certificaci\u00f3n alimentaria, transparencia y compromiso ambiental. La ceremonia tambi\u00e9n sirvi\u00f3 para clausurar la [&hellip;]<\/p>\n","protected":false},"author":3,"featured_media":11365,"comment_status":"closed","ping_status":"closed","sticky":false,"template":"","format":"standard","meta":{"footnotes":""},"categories":[3],"tags":[],"class_list":["post-11361","post","type-post","status-publish","format-standard","has-post-thumbnail","hentry","category-notas-de-prensa"],"yoast_head":"<!-- This site is optimized with the Yoast SEO plugin v27.4 - https:\/\/yoast.com\/product\/yoast-seo-wordpress\/ -->\n<title>Grupo Miguel Vergara Premio Sostenibilidad 2025 en Valladolid<\/title>\n<meta name=\"description\" content=\"\u201cGrupo Miguel Vergara Premio Sostenibilidad 2025 en la Gala de la Escuela de Negocios de Valladolid por su compromiso ambiental y calidad.\u201d\" \/>\n<meta name=\"robots\" content=\"index, follow, max-snippet:-1, max-image-preview:large, max-video-preview:-1\" \/>\n<link rel=\"canonical\" href=\"https:\/\/www.miguelvergara.com\/actualidad\/notas-de-prensa\/grupo-miguel-vergara-premio-sostenibilidad-2025\/\" \/>\n<meta property=\"og:locale\" content=\"es_ES\" \/>\n<meta property=\"og:type\" content=\"article\" \/>\n<meta property=\"og:title\" content=\"Grupo Miguel Vergara Premio Sostenibilidad 2025 en Valladolid\" \/>\n<meta property=\"og:description\" content=\"\u201cGrupo Miguel Vergara Premio Sostenibilidad 2025 en la Gala de la Escuela de Negocios de Valladolid por su compromiso ambiental y calidad.\u201d\" \/>\n<meta property=\"og:url\" content=\"https:\/\/www.miguelvergara.com\/actualidad\/notas-de-prensa\/grupo-miguel-vergara-premio-sostenibilidad-2025\/\" \/>\n<meta property=\"og:site_name\" content=\"Blog\" \/>\n<meta property=\"article:published_time\" content=\"2025-09-29T10:07:57+00:00\" \/>\n<meta property=\"article:modified_time\" content=\"2025-09-29T10:10:06+00:00\" \/>\n<meta property=\"og:image\" content=\"https:\/\/www.miguelvergara.com\/actualidad\/wp-content\/uploads\/2025\/09\/Captura-de-pantalla-2025-09-29-a-las-12.06.45.png\" \/>\n\t<meta property=\"og:image:width\" content=\"905\" \/>\n\t<meta property=\"og:image:height\" content=\"767\" \/>\n\t<meta property=\"og:image:type\" content=\"image\/png\" \/>\n<meta name=\"author\" content=\"editor_vergara\" \/>\n<meta name=\"twitter:card\" content=\"summary_large_image\" \/>\n<meta name=\"twitter:label1\" content=\"Escrito por\" \/>\n\t<meta name=\"twitter:data1\" content=\"editor_vergara\" \/>\n\t<meta name=\"twitter:label2\" content=\"Tiempo de lectura\" \/>\n\t<meta name=\"twitter:data2\" content=\"3 minutos\" \/>\n<script type=\"application\/ld+json\" class=\"yoast-schema-graph\">{\"@context\":\"https:\\\/\\\/schema.org\",\"@graph\":[{\"@type\":\"Article\",\"@id\":\"https:\\\/\\\/www.miguelvergara.com\\\/actualidad\\\/notas-de-prensa\\\/grupo-miguel-vergara-premio-sostenibilidad-2025\\\/#article\",\"isPartOf\":{\"@id\":\"https:\\\/\\\/www.miguelvergara.com\\\/actualidad\\\/notas-de-prensa\\\/grupo-miguel-vergara-premio-sostenibilidad-2025\\\/\"},\"author\":{\"name\":\"editor_vergara\",\"@id\":\"https:\\\/\\\/www.miguelvergara.com\\\/actualidad\\\/#\\\/schema\\\/person\\\/58692419afaba719680d26887ed694b3\"},\"headline\":\"Grupo Miguel Vergara, premiado en sostenibilidad en la Gala Anual de la Escuela de Negocios de Valladolid\",\"datePublished\":\"2025-09-29T10:07:57+00:00\",\"dateModified\":\"2025-09-29T10:10:06+00:00\",\"mainEntityOfPage\":{\"@id\":\"https:\\\/\\\/www.miguelvergara.com\\\/actualidad\\\/notas-de-prensa\\\/grupo-miguel-vergara-premio-sostenibilidad-2025\\\/\"},\"wordCount\":440,\"image\":{\"@id\":\"https:\\\/\\\/www.miguelvergara.com\\\/actualidad\\\/notas-de-prensa\\\/grupo-miguel-vergara-premio-sostenibilidad-2025\\\/#primaryimage\"},\"thumbnailUrl\":\"https:\\\/\\\/www.miguelvergara.com\\\/actualidad\\\/wp-content\\\/uploads\\\/2025\\\/09\\\/Captura-de-pantalla-2025-09-29-a-las-12.06.45.png\",\"articleSection\":[\"Notas de prensa\"],\"inLanguage\":\"es\"},{\"@type\":\"WebPage\",\"@id\":\"https:\\\/\\\/www.miguelvergara.com\\\/actualidad\\\/notas-de-prensa\\\/grupo-miguel-vergara-premio-sostenibilidad-2025\\\/\",\"url\":\"https:\\\/\\\/www.miguelvergara.com\\\/actualidad\\\/notas-de-prensa\\\/grupo-miguel-vergara-premio-sostenibilidad-2025\\\/\",\"name\":\"Grupo Miguel Vergara Premio Sostenibilidad 2025 en Valladolid\",\"isPartOf\":{\"@id\":\"https:\\\/\\\/www.miguelvergara.com\\\/actualidad\\\/#website\"},\"primaryImageOfPage\":{\"@id\":\"https:\\\/\\\/www.miguelvergara.com\\\/actualidad\\\/notas-de-prensa\\\/grupo-miguel-vergara-premio-sostenibilidad-2025\\\/#primaryimage\"},\"image\":{\"@id\":\"https:\\\/\\\/www.miguelvergara.com\\\/actualidad\\\/notas-de-prensa\\\/grupo-miguel-vergara-premio-sostenibilidad-2025\\\/#primaryimage\"},\"thumbnailUrl\":\"https:\\\/\\\/www.miguelvergara.com\\\/actualidad\\\/wp-content\\\/uploads\\\/2025\\\/09\\\/Captura-de-pantalla-2025-09-29-a-las-12.06.45.png\",\"datePublished\":\"2025-09-29T10:07:57+00:00\",\"dateModified\":\"2025-09-29T10:10:06+00:00\",\"author\":{\"@id\":\"https:\\\/\\\/www.miguelvergara.com\\\/actualidad\\\/#\\\/schema\\\/person\\\/58692419afaba719680d26887ed694b3\"},\"description\":\"\u201cGrupo Miguel Vergara Premio Sostenibilidad 2025 en la Gala de la Escuela de Negocios de Valladolid por su compromiso ambiental y calidad.\u201d\",\"breadcrumb\":{\"@id\":\"https:\\\/\\\/www.miguelvergara.com\\\/actualidad\\\/notas-de-prensa\\\/grupo-miguel-vergara-premio-sostenibilidad-2025\\\/#breadcrumb\"},\"inLanguage\":\"es\",\"potentialAction\":[{\"@type\":\"ReadAction\",\"target\":[\"https:\\\/\\\/www.miguelvergara.com\\\/actualidad\\\/notas-de-prensa\\\/grupo-miguel-vergara-premio-sostenibilidad-2025\\\/\"]}]},{\"@type\":\"ImageObject\",\"inLanguage\":\"es\",\"@id\":\"https:\\\/\\\/www.miguelvergara.com\\\/actualidad\\\/notas-de-prensa\\\/grupo-miguel-vergara-premio-sostenibilidad-2025\\\/#primaryimage\",\"url\":\"https:\\\/\\\/www.miguelvergara.com\\\/actualidad\\\/wp-content\\\/uploads\\\/2025\\\/09\\\/Captura-de-pantalla-2025-09-29-a-las-12.06.45.png\",\"contentUrl\":\"https:\\\/\\\/www.miguelvergara.com\\\/actualidad\\\/wp-content\\\/uploads\\\/2025\\\/09\\\/Captura-de-pantalla-2025-09-29-a-las-12.06.45.png\",\"width\":905,\"height\":767},{\"@type\":\"BreadcrumbList\",\"@id\":\"https:\\\/\\\/www.miguelvergara.com\\\/actualidad\\\/notas-de-prensa\\\/grupo-miguel-vergara-premio-sostenibilidad-2025\\\/#breadcrumb\",\"itemListElement\":[{\"@type\":\"ListItem\",\"position\":1,\"name\":\"Portada\",\"item\":\"https:\\\/\\\/www.miguelvergara.com\\\/actualidad\\\/\"},{\"@type\":\"ListItem\",\"position\":2,\"name\":\"Grupo Miguel Vergara, premiado en sostenibilidad en la Gala Anual de la Escuela de Negocios de Valladolid\"}]},{\"@type\":\"WebSite\",\"@id\":\"https:\\\/\\\/www.miguelvergara.com\\\/actualidad\\\/#website\",\"url\":\"https:\\\/\\\/www.miguelvergara.com\\\/actualidad\\\/\",\"name\":\"Blog\",\"description\":\"\",\"potentialAction\":[{\"@type\":\"SearchAction\",\"target\":{\"@type\":\"EntryPoint\",\"urlTemplate\":\"https:\\\/\\\/www.miguelvergara.com\\\/actualidad\\\/?s={search_term_string}\"},\"query-input\":{\"@type\":\"PropertyValueSpecification\",\"valueRequired\":true,\"valueName\":\"search_term_string\"}}],\"inLanguage\":\"es\"},{\"@type\":\"Person\",\"@id\":\"https:\\\/\\\/www.miguelvergara.com\\\/actualidad\\\/#\\\/schema\\\/person\\\/58692419afaba719680d26887ed694b3\",\"name\":\"editor_vergara\"}]}<\/script>\n<!-- \/ Yoast SEO plugin. -->","yoast_head_json":{"title":"Grupo Miguel Vergara Premio Sostenibilidad 2025 en Valladolid","description":"\u201cGrupo Miguel Vergara Premio Sostenibilidad 2025 en la Gala de la Escuela de Negocios de Valladolid por su compromiso ambiental y calidad.\u201d","robots":{"index":"index","follow":"follow","max-snippet":"max-snippet:-1","max-image-preview":"max-image-preview:large","max-video-preview":"max-video-preview:-1"},"canonical":"https:\/\/www.miguelvergara.com\/actualidad\/notas-de-prensa\/grupo-miguel-vergara-premio-sostenibilidad-2025\/","og_locale":"es_ES","og_type":"article","og_title":"Grupo Miguel Vergara Premio Sostenibilidad 2025 en Valladolid","og_description":"\u201cGrupo Miguel Vergara Premio Sostenibilidad 2025 en la Gala de la Escuela de Negocios de Valladolid por su compromiso ambiental y calidad.\u201d","og_url":"https:\/\/www.miguelvergara.com\/actualidad\/notas-de-prensa\/grupo-miguel-vergara-premio-sostenibilidad-2025\/","og_site_name":"Blog","article_published_time":"2025-09-29T10:07:57+00:00","article_modified_time":"2025-09-29T10:10:06+00:00","og_image":[{"width":905,"height":767,"url":"https:\/\/www.miguelvergara.com\/actualidad\/wp-content\/uploads\/2025\/09\/Captura-de-pantalla-2025-09-29-a-las-12.06.45.png","type":"image\/png"}],"author":"editor_vergara","twitter_card":"summary_large_image","twitter_misc":{"Escrito por":"editor_vergara","Tiempo de lectura":"3 minutos"},"schema":{"@context":"https:\/\/schema.org","@graph":[{"@type":"Article","@id":"https:\/\/www.miguelvergara.com\/actualidad\/notas-de-prensa\/grupo-miguel-vergara-premio-sostenibilidad-2025\/#article","isPartOf":{"@id":"https:\/\/www.miguelvergara.com\/actualidad\/notas-de-prensa\/grupo-miguel-vergara-premio-sostenibilidad-2025\/"},"author":{"name":"editor_vergara","@id":"https:\/\/www.miguelvergara.com\/actualidad\/#\/schema\/person\/58692419afaba719680d26887ed694b3"},"headline":"Grupo Miguel Vergara, premiado en sostenibilidad en la Gala Anual de la Escuela de Negocios de Valladolid","datePublished":"2025-09-29T10:07:57+00:00","dateModified":"2025-09-29T10:10:06+00:00","mainEntityOfPage":{"@id":"https:\/\/www.miguelvergara.com\/actualidad\/notas-de-prensa\/grupo-miguel-vergara-premio-sostenibilidad-2025\/"},"wordCount":440,"image":{"@id":"https:\/\/www.miguelvergara.com\/actualidad\/notas-de-prensa\/grupo-miguel-vergara-premio-sostenibilidad-2025\/#primaryimage"},"thumbnailUrl":"https:\/\/www.miguelvergara.com\/actualidad\/wp-content\/uploads\/2025\/09\/Captura-de-pantalla-2025-09-29-a-las-12.06.45.png","articleSection":["Notas de prensa"],"inLanguage":"es"},{"@type":"WebPage","@id":"https:\/\/www.miguelvergara.com\/actualidad\/notas-de-prensa\/grupo-miguel-vergara-premio-sostenibilidad-2025\/","url":"https:\/\/www.miguelvergara.com\/actualidad\/notas-de-prensa\/grupo-miguel-vergara-premio-sostenibilidad-2025\/","name":"Grupo Miguel Vergara Premio Sostenibilidad 2025 en Valladolid","isPartOf":{"@id":"https:\/\/www.miguelvergara.com\/actualidad\/#website"},"primaryImageOfPage":{"@id":"https:\/\/www.miguelvergara.com\/actualidad\/notas-de-prensa\/grupo-miguel-vergara-premio-sostenibilidad-2025\/#primaryimage"},"image":{"@id":"https:\/\/www.miguelvergara.com\/actualidad\/notas-de-prensa\/grupo-miguel-vergara-premio-sostenibilidad-2025\/#primaryimage"},"thumbnailUrl":"https:\/\/www.miguelvergara.com\/actualidad\/wp-content\/uploads\/2025\/09\/Captura-de-pantalla-2025-09-29-a-las-12.06.45.png","datePublished":"2025-09-29T10:07:57+00:00","dateModified":"2025-09-29T10:10:06+00:00","author":{"@id":"https:\/\/www.miguelvergara.com\/actualidad\/#\/schema\/person\/58692419afaba719680d26887ed694b3"},"description":"\u201cGrupo Miguel Vergara Premio Sostenibilidad 2025 en la Gala de la Escuela de Negocios de Valladolid por su compromiso ambiental y calidad.\u201d","breadcrumb":{"@id":"https:\/\/www.miguelvergara.com\/actualidad\/notas-de-prensa\/grupo-miguel-vergara-premio-sostenibilidad-2025\/#breadcrumb"},"inLanguage":"es","potentialAction":[{"@type":"ReadAction","target":["https:\/\/www.miguelvergara.com\/actualidad\/notas-de-prensa\/grupo-miguel-vergara-premio-sostenibilidad-2025\/"]}]},{"@type":"ImageObject","inLanguage":"es","@id":"https:\/\/www.miguelvergara.com\/actualidad\/notas-de-prensa\/grupo-miguel-vergara-premio-sostenibilidad-2025\/#primaryimage","url":"https:\/\/www.miguelvergara.com\/actualidad\/wp-content\/uploads\/2025\/09\/Captura-de-pantalla-2025-09-29-a-las-12.06.45.png","contentUrl":"https:\/\/www.miguelvergara.com\/actualidad\/wp-content\/uploads\/2025\/09\/Captura-de-pantalla-2025-09-29-a-las-12.06.45.png","width":905,"height":767},{"@type":"BreadcrumbList","@id":"https:\/\/www.miguelvergara.com\/actualidad\/notas-de-prensa\/grupo-miguel-vergara-premio-sostenibilidad-2025\/#breadcrumb","itemListElement":[{"@type":"ListItem","position":1,"name":"Portada","item":"https:\/\/www.miguelvergara.com\/actualidad\/"},{"@type":"ListItem","position":2,"name":"Grupo Miguel Vergara, premiado en sostenibilidad en la Gala Anual de la Escuela de Negocios de Valladolid"}]},{"@type":"WebSite","@id":"https:\/\/www.miguelvergara.com\/actualidad\/#website","url":"https:\/\/www.miguelvergara.com\/actualidad\/","name":"Blog","description":"","potentialAction":[{"@type":"SearchAction","target":{"@type":"EntryPoint","urlTemplate":"https:\/\/www.miguelvergara.com\/actualidad\/?s={search_term_string}"},"query-input":{"@type":"PropertyValueSpecification","valueRequired":true,"valueName":"search_term_string"}}],"inLanguage":"es"},{"@type":"Person","@id":"https:\/\/www.miguelvergara.com\/actualidad\/#\/schema\/person\/58692419afaba719680d26887ed694b3","name":"editor_vergara"}]}},"_links":{"self":[{"href":"https:\/\/www.miguelvergara.com\/actualidad\/wp-json\/wp\/v2\/posts\/11361","targetHints":{"allow":["GET"]}}],"collection":[{"href":"https:\/\/www.miguelvergara.com\/actualidad\/wp-json\/wp\/v2\/posts"}],"about":[{"href":"https:\/\/www.miguelvergara.com\/actualidad\/wp-json\/wp\/v2\/types\/post"}],"author":[{"embeddable":true,"href":"https:\/\/www.miguelvergara.com\/actualidad\/wp-json\/wp\/v2\/users\/3"}],"replies":[{"embeddable":true,"href":"https:\/\/www.miguelvergara.com\/actualidad\/wp-json\/wp\/v2\/comments?post=11361"}],"version-history":[{"count":2,"href":"https:\/\/www.miguelvergara.com\/actualidad\/wp-json\/wp\/v2\/posts\/11361\/revisions"}],"predecessor-version":[{"id":11364,"href":"https:\/\/www.miguelvergara.com\/actualidad\/wp-json\/wp\/v2\/posts\/11361\/revisions\/11364"}],"wp:featuredmedia":[{"embeddable":true,"href":"https:\/\/www.miguelvergara.com\/actualidad\/wp-json\/wp\/v2\/media\/11365"}],"wp:attachment":[{"href":"https:\/\/www.miguelvergara.com\/actualidad\/wp-json\/wp\/v2\/media?parent=11361"}],"wp:term":[{"taxonomy":"category","embeddable":true,"href":"https:\/\/www.miguelvergara.com\/actualidad\/wp-json\/wp\/v2\/categories?post=11361"},{"taxonomy":"post_tag","embeddable":true,"href":"https:\/\/www.miguelvergara.com\/actualidad\/wp-json\/wp\/v2\/tags?post=11361"}],"curies":[{"name":"wp","href":"https:\/\/api.w.org\/{rel}","templated":true}]}}