{"id":2062,"date":"2017-08-23T10:10:35","date_gmt":"2017-08-23T10:10:35","guid":{"rendered":"http:\/\/www.miguelvergara.com\/?p=2062\/"},"modified":"2021-06-15T17:04:46","modified_gmt":"2021-06-15T15:04:46","slug":"grupo-miguel-vergara-incrementa-facturacion-118-primer-semestre-2017","status":"publish","type":"post","link":"https:\/\/www.miguelvergara.com\/actualidad\/notas-de-prensa\/grupo-miguel-vergara-incrementa-facturacion-118-primer-semestre-2017\/","title":{"rendered":"Grupo Miguel Vergara incrementa su facturaci\u00f3n un 11,8% en el primer semestre de 2017"},"content":{"rendered":"<ul>\n<li><strong>La firma castellana y leonesa prev\u00e9 un crecimiento anual del 10%<\/strong><\/li>\n<\/ul>\n<p><strong>\u00a0<\/strong><\/p>\n<p><strong>Valladolid, 22 de agosto de 2017<\/strong>.- Con una trayectoria de m\u00e1s de 30 a\u00f1os en el sector c\u00e1rnico, Grupo Miguel Vergara ha consolidado sus previsiones de crecimiento para 2016 y ha iniciado 2017 con un incremento del 11,8% en el primer semestre del a\u00f1o respecto al mismo periodo del ejercicio anterior. En 2016, Grupo Miguel Vergara factur\u00f3 40 millones de euros e aument\u00f3 su facturaci\u00f3n un 8,36%. En este 2017 pretende hacerlo en un 10%.<\/p>\n<p>La compa\u00f1\u00eda castellana y leonesa ya controla cada una de las fases del proceso productivo de la carne de vacuno. Desde la producci\u00f3n, selecci\u00f3n y cr\u00eda de terneros generando al a\u00f1o 30.000 cabezas de vacuno, hasta la transformaci\u00f3n en porci\u00f3n y su comercializaci\u00f3n.<\/p>\n<p><strong>Planes de expansi\u00f3n internacional<\/strong><\/p>\n<p>Para el ejercicio 2017-2018, Grupo Miguel Vergara pretende incrementar su presencia internacional &#8211; actualmente, el 40-45% de la producci\u00f3n de la firma se comercializa en mercados exteriores- con la apertura de nuevos mercados: Jap\u00f3n, Reino Unido, Italia y pa\u00edses \u00e1rabes. Adem\u00e1s tiene previsto dar el salto al canal HORECA con la nueva l\u00ednea de negocio <em>\u2018Angus By Miguel Vergara &#8211; Limited Selection\u2019<\/em><em>.<\/em><\/p>\n<p>Para dicha l\u00ednea, la compa\u00f1\u00eda escoge uno a uno los animales m\u00e1s excepcionales de toda su caba\u00f1a, medidos por el criterio de grasa infiltrada, que es la que aporta mayor jugosidad y el car\u00e1cter m\u00e1s tierno. El resultado son piezas en las que la veta de grasa se entrelaza magistralmente con la carne favoreciendo que, durante el cocinado, los jugos propios de cada corte potencien el sabor.<\/p>\n<p><strong>Nuevos empleos<br \/>\n<\/strong><\/p>\n<p>Bajo esta premisa de crecimiento el Grupo Miguel Vergara realizar\u00e1, en el periodo 2017-2020,\u00a0 una ampliaci\u00f3n en sus instalaciones situadas en el Pol\u00edgono de Argales (Valladolid), que consistir\u00e1 en una nueva l\u00ednea de elaborado y congelaci\u00f3n espec\u00edfica para dar servicio a la creciente demanda de su portfolio de productos en mercados exteriores. Como resultado de esta ampliaci\u00f3n la firma pretende incrementar su plantilla en un 14%.<\/p>\n<p>En este mismo periodo Grupo Miguel Vergara tiene como objetivo posicionarse como la empresa espa\u00f1ola referente en el sector del vacuno manteniendo los valores que le han hecho crecer: honestidad con el consumidor y compromiso con la investigaci\u00f3n y la calidad para situarse a la vanguardia de manera sostenible y rentable.<\/p>\n<p><strong>Cambio en los patrones de consumo<br \/>\n<\/strong><\/p>\n<p>Seg\u00fan el \u2018Informe del consumo de alimentaci\u00f3n en Espa\u00f1a\u2019, elaborado por Ministerio de Agricultura y Pesca, Alimentaci\u00f3n y Medio Ambiente (MAPAMA), en 2016 los espa\u00f1oles consumieron una media 5,61 kilos de carne de vacuno al a\u00f1o per c\u00e1pita, una cantidad ligeramente inferior a la de 2015, que viene acompa\u00f1ada de un cambio en los patrones de consumo: los espa\u00f1oles valoran, cada vez m\u00e1s, que la carne que consume sea de una raza certificada que avale su calidad y, adem\u00e1s, que el proceso de cr\u00eda se haya realizado en Espa\u00f1a, bajo rigurosos controles sanitarios.<\/p>\n<p>Seg\u00fan Miguel Vergara Zamora, Consejero Delegado de Grupo Miguel Vergara, \u201ca los espa\u00f1oles nos gusta la carne siempre y cuando sea de alta calidad. Durante la crisis, los consumidores han tenido muy en cuenta cada euro que invert\u00edan en su cesta de la compra y han apostado por la carne de razas certificadas, como es el caso de Angus, con las que sab\u00edan que el resultado estaba garantizado. Ahora, ese patr\u00f3n de consumo se ha consolidado y entra en juego tambi\u00e9n el factor de la \u2018proximidad\u2019, apostando por los alimentos que recorren una menor distancia desde el origen a la mesa, en favor de la frescura de lo que comemos\u201d.<\/p>\n<p>Perfectamente adaptados a las caracter\u00edsticas climatol\u00f3gicas de la dehesa salmantina y la monta\u00f1a leonesa, los animales de Grupo Miguel Vergara se cr\u00edan en unas condiciones \u00fanicas que garantizan el bienestar animal, por encima de criterios de productividad. El resultado de una vida en condiciones excelentes repercute de manera directa en su carne, que ser\u00e1 m\u00e1s tierna cuanto mejor haya sido la vida del animal y menos estr\u00e9s haya experimentado.<\/p>\n","protected":false},"excerpt":{"rendered":"<p>La firma castellana y leonesa prev\u00e9 un crecimiento anual del 10% \u00a0 Valladolid, 22 de agosto de 2017.- Con una trayectoria de m\u00e1s de 30 a\u00f1os en el sector c\u00e1rnico, Grupo Miguel Vergara ha consolidado sus previsiones de crecimiento para 2016 y ha iniciado 2017 con un incremento del 11,8% en el primer semestre del [&hellip;]<\/p>\n","protected":false},"author":1,"featured_media":2063,"comment_status":"closed","ping_status":"closed","sticky":false,"template":"","format":"standard","meta":{"footnotes":""},"categories":[3],"tags":[],"class_list":["post-2062","post","type-post","status-publish","format-standard","has-post-thumbnail","hentry","category-notas-de-prensa"],"yoast_head":"<!-- This site is optimized with the Yoast SEO plugin v27.4 - https:\/\/yoast.com\/product\/yoast-seo-wordpress\/ -->\n<title>Incrementamos facturaci\u00f3n un 11,8% en primer semestre 2017 - Blog<\/title>\n<meta name=\"description\" content=\"Grupo Miguel Vergara ha consolidado sus previsiones y mejor\u00e1ndolas con un incremento en la facturaci\u00f3n de 11&#039;8% en primer semestre.\" \/>\n<meta name=\"robots\" content=\"index, follow, max-snippet:-1, max-image-preview:large, max-video-preview:-1\" \/>\n<link rel=\"canonical\" href=\"https:\/\/www.miguelvergara.com\/actualidad\/notas-de-prensa\/grupo-miguel-vergara-incrementa-facturacion-118-primer-semestre-2017\/\" \/>\n<meta property=\"og:locale\" content=\"es_ES\" \/>\n<meta property=\"og:type\" content=\"article\" \/>\n<meta property=\"og:title\" content=\"Incrementamos facturaci\u00f3n un 11,8% en primer semestre 2017 - Blog\" \/>\n<meta property=\"og:description\" content=\"Grupo Miguel Vergara ha consolidado sus previsiones y mejor\u00e1ndolas con un incremento en la facturaci\u00f3n de 11&#039;8% en primer semestre.\" \/>\n<meta property=\"og:url\" content=\"https:\/\/www.miguelvergara.com\/actualidad\/notas-de-prensa\/grupo-miguel-vergara-incrementa-facturacion-118-primer-semestre-2017\/\" \/>\n<meta property=\"og:site_name\" content=\"Blog\" \/>\n<meta property=\"article:published_time\" content=\"2017-08-23T10:10:35+00:00\" \/>\n<meta property=\"article:modified_time\" content=\"2021-06-15T15:04:46+00:00\" \/>\n<meta property=\"og:image\" content=\"https:\/\/www.miguelvergara.com\/actualidad\/wp-content\/uploads\/2017\/08\/Grupo-Miguel-Vergara-instalaciones-despiece-e1503482972274-1.jpg\" \/>\n\t<meta property=\"og:image:width\" content=\"1024\" \/>\n\t<meta property=\"og:image:height\" content=\"683\" \/>\n\t<meta property=\"og:image:type\" content=\"image\/jpeg\" \/>\n<meta name=\"author\" content=\"Mhh4a0@4\" \/>\n<meta name=\"twitter:card\" content=\"summary_large_image\" \/>\n<meta name=\"twitter:label1\" content=\"Escrito por\" \/>\n\t<meta name=\"twitter:data1\" content=\"Mhh4a0@4\" \/>\n\t<meta name=\"twitter:label2\" content=\"Tiempo de lectura\" \/>\n\t<meta name=\"twitter:data2\" content=\"4 minutos\" \/>\n<script type=\"application\/ld+json\" class=\"yoast-schema-graph\">{\"@context\":\"https:\\\/\\\/schema.org\",\"@graph\":[{\"@type\":\"Article\",\"@id\":\"https:\\\/\\\/www.miguelvergara.com\\\/actualidad\\\/notas-de-prensa\\\/grupo-miguel-vergara-incrementa-facturacion-118-primer-semestre-2017\\\/#article\",\"isPartOf\":{\"@id\":\"https:\\\/\\\/www.miguelvergara.com\\\/actualidad\\\/notas-de-prensa\\\/grupo-miguel-vergara-incrementa-facturacion-118-primer-semestre-2017\\\/\"},\"author\":{\"name\":\"Mhh4a0@4\",\"@id\":\"https:\\\/\\\/www.miguelvergara.com\\\/actualidad\\\/#\\\/schema\\\/person\\\/273d4cc3f46c4455932a4634619cfd09\"},\"headline\":\"Grupo Miguel Vergara incrementa su facturaci\u00f3n un 11,8% en el primer semestre de 2017\",\"datePublished\":\"2017-08-23T10:10:35+00:00\",\"dateModified\":\"2021-06-15T15:04:46+00:00\",\"mainEntityOfPage\":{\"@id\":\"https:\\\/\\\/www.miguelvergara.com\\\/actualidad\\\/notas-de-prensa\\\/grupo-miguel-vergara-incrementa-facturacion-118-primer-semestre-2017\\\/\"},\"wordCount\":714,\"image\":{\"@id\":\"https:\\\/\\\/www.miguelvergara.com\\\/actualidad\\\/notas-de-prensa\\\/grupo-miguel-vergara-incrementa-facturacion-118-primer-semestre-2017\\\/#primaryimage\"},\"thumbnailUrl\":\"https:\\\/\\\/www.miguelvergara.com\\\/actualidad\\\/wp-content\\\/uploads\\\/2017\\\/08\\\/Grupo-Miguel-Vergara-instalaciones-despiece-e1503482972274-1.jpg\",\"articleSection\":[\"Notas de prensa\"],\"inLanguage\":\"es\"},{\"@type\":\"WebPage\",\"@id\":\"https:\\\/\\\/www.miguelvergara.com\\\/actualidad\\\/notas-de-prensa\\\/grupo-miguel-vergara-incrementa-facturacion-118-primer-semestre-2017\\\/\",\"url\":\"https:\\\/\\\/www.miguelvergara.com\\\/actualidad\\\/notas-de-prensa\\\/grupo-miguel-vergara-incrementa-facturacion-118-primer-semestre-2017\\\/\",\"name\":\"Incrementamos facturaci\u00f3n un 11,8% en primer semestre 2017 - Blog\",\"isPartOf\":{\"@id\":\"https:\\\/\\\/www.miguelvergara.com\\\/actualidad\\\/#website\"},\"primaryImageOfPage\":{\"@id\":\"https:\\\/\\\/www.miguelvergara.com\\\/actualidad\\\/notas-de-prensa\\\/grupo-miguel-vergara-incrementa-facturacion-118-primer-semestre-2017\\\/#primaryimage\"},\"image\":{\"@id\":\"https:\\\/\\\/www.miguelvergara.com\\\/actualidad\\\/notas-de-prensa\\\/grupo-miguel-vergara-incrementa-facturacion-118-primer-semestre-2017\\\/#primaryimage\"},\"thumbnailUrl\":\"https:\\\/\\\/www.miguelvergara.com\\\/actualidad\\\/wp-content\\\/uploads\\\/2017\\\/08\\\/Grupo-Miguel-Vergara-instalaciones-despiece-e1503482972274-1.jpg\",\"datePublished\":\"2017-08-23T10:10:35+00:00\",\"dateModified\":\"2021-06-15T15:04:46+00:00\",\"author\":{\"@id\":\"https:\\\/\\\/www.miguelvergara.com\\\/actualidad\\\/#\\\/schema\\\/person\\\/273d4cc3f46c4455932a4634619cfd09\"},\"description\":\"Grupo Miguel Vergara ha consolidado sus previsiones y mejor\u00e1ndolas con un incremento en la facturaci\u00f3n de 11'8% en primer semestre.\",\"breadcrumb\":{\"@id\":\"https:\\\/\\\/www.miguelvergara.com\\\/actualidad\\\/notas-de-prensa\\\/grupo-miguel-vergara-incrementa-facturacion-118-primer-semestre-2017\\\/#breadcrumb\"},\"inLanguage\":\"es\",\"potentialAction\":[{\"@type\":\"ReadAction\",\"target\":[\"https:\\\/\\\/www.miguelvergara.com\\\/actualidad\\\/notas-de-prensa\\\/grupo-miguel-vergara-incrementa-facturacion-118-primer-semestre-2017\\\/\"]}]},{\"@type\":\"ImageObject\",\"inLanguage\":\"es\",\"@id\":\"https:\\\/\\\/www.miguelvergara.com\\\/actualidad\\\/notas-de-prensa\\\/grupo-miguel-vergara-incrementa-facturacion-118-primer-semestre-2017\\\/#primaryimage\",\"url\":\"https:\\\/\\\/www.miguelvergara.com\\\/actualidad\\\/wp-content\\\/uploads\\\/2017\\\/08\\\/Grupo-Miguel-Vergara-instalaciones-despiece-e1503482972274-1.jpg\",\"contentUrl\":\"https:\\\/\\\/www.miguelvergara.com\\\/actualidad\\\/wp-content\\\/uploads\\\/2017\\\/08\\\/Grupo-Miguel-Vergara-instalaciones-despiece-e1503482972274-1.jpg\",\"width\":1024,\"height\":683,\"caption\":\"Grupo Miguel Vergara instalaciones despiece\"},{\"@type\":\"BreadcrumbList\",\"@id\":\"https:\\\/\\\/www.miguelvergara.com\\\/actualidad\\\/notas-de-prensa\\\/grupo-miguel-vergara-incrementa-facturacion-118-primer-semestre-2017\\\/#breadcrumb\",\"itemListElement\":[{\"@type\":\"ListItem\",\"position\":1,\"name\":\"Portada\",\"item\":\"https:\\\/\\\/www.miguelvergara.com\\\/actualidad\\\/\"},{\"@type\":\"ListItem\",\"position\":2,\"name\":\"Grupo Miguel Vergara incrementa su facturaci\u00f3n un 11,8% en el primer semestre de 2017\"}]},{\"@type\":\"WebSite\",\"@id\":\"https:\\\/\\\/www.miguelvergara.com\\\/actualidad\\\/#website\",\"url\":\"https:\\\/\\\/www.miguelvergara.com\\\/actualidad\\\/\",\"name\":\"Blog\",\"description\":\"\",\"potentialAction\":[{\"@type\":\"SearchAction\",\"target\":{\"@type\":\"EntryPoint\",\"urlTemplate\":\"https:\\\/\\\/www.miguelvergara.com\\\/actualidad\\\/?s={search_term_string}\"},\"query-input\":{\"@type\":\"PropertyValueSpecification\",\"valueRequired\":true,\"valueName\":\"search_term_string\"}}],\"inLanguage\":\"es\"},{\"@type\":\"Person\",\"@id\":\"https:\\\/\\\/www.miguelvergara.com\\\/actualidad\\\/#\\\/schema\\\/person\\\/273d4cc3f46c4455932a4634619cfd09\",\"name\":\"Mhh4a0@4\",\"sameAs\":[\"https:\\\/\\\/www.miguelvergara.com\\\/actualidad\"]}]}<\/script>\n<!-- \/ Yoast SEO plugin. -->","yoast_head_json":{"title":"Incrementamos facturaci\u00f3n un 11,8% en primer semestre 2017 - Blog","description":"Grupo Miguel Vergara ha consolidado sus previsiones y mejor\u00e1ndolas con un incremento en la facturaci\u00f3n de 11'8% en primer semestre.","robots":{"index":"index","follow":"follow","max-snippet":"max-snippet:-1","max-image-preview":"max-image-preview:large","max-video-preview":"max-video-preview:-1"},"canonical":"https:\/\/www.miguelvergara.com\/actualidad\/notas-de-prensa\/grupo-miguel-vergara-incrementa-facturacion-118-primer-semestre-2017\/","og_locale":"es_ES","og_type":"article","og_title":"Incrementamos facturaci\u00f3n un 11,8% en primer semestre 2017 - Blog","og_description":"Grupo Miguel Vergara ha consolidado sus previsiones y mejor\u00e1ndolas con un incremento en la facturaci\u00f3n de 11'8% en primer semestre.","og_url":"https:\/\/www.miguelvergara.com\/actualidad\/notas-de-prensa\/grupo-miguel-vergara-incrementa-facturacion-118-primer-semestre-2017\/","og_site_name":"Blog","article_published_time":"2017-08-23T10:10:35+00:00","article_modified_time":"2021-06-15T15:04:46+00:00","og_image":[{"width":1024,"height":683,"url":"https:\/\/www.miguelvergara.com\/actualidad\/wp-content\/uploads\/2017\/08\/Grupo-Miguel-Vergara-instalaciones-despiece-e1503482972274-1.jpg","type":"image\/jpeg"}],"author":"Mhh4a0@4","twitter_card":"summary_large_image","twitter_misc":{"Escrito por":"Mhh4a0@4","Tiempo de lectura":"4 minutos"},"schema":{"@context":"https:\/\/schema.org","@graph":[{"@type":"Article","@id":"https:\/\/www.miguelvergara.com\/actualidad\/notas-de-prensa\/grupo-miguel-vergara-incrementa-facturacion-118-primer-semestre-2017\/#article","isPartOf":{"@id":"https:\/\/www.miguelvergara.com\/actualidad\/notas-de-prensa\/grupo-miguel-vergara-incrementa-facturacion-118-primer-semestre-2017\/"},"author":{"name":"Mhh4a0@4","@id":"https:\/\/www.miguelvergara.com\/actualidad\/#\/schema\/person\/273d4cc3f46c4455932a4634619cfd09"},"headline":"Grupo Miguel Vergara incrementa su facturaci\u00f3n un 11,8% en el primer semestre de 2017","datePublished":"2017-08-23T10:10:35+00:00","dateModified":"2021-06-15T15:04:46+00:00","mainEntityOfPage":{"@id":"https:\/\/www.miguelvergara.com\/actualidad\/notas-de-prensa\/grupo-miguel-vergara-incrementa-facturacion-118-primer-semestre-2017\/"},"wordCount":714,"image":{"@id":"https:\/\/www.miguelvergara.com\/actualidad\/notas-de-prensa\/grupo-miguel-vergara-incrementa-facturacion-118-primer-semestre-2017\/#primaryimage"},"thumbnailUrl":"https:\/\/www.miguelvergara.com\/actualidad\/wp-content\/uploads\/2017\/08\/Grupo-Miguel-Vergara-instalaciones-despiece-e1503482972274-1.jpg","articleSection":["Notas de prensa"],"inLanguage":"es"},{"@type":"WebPage","@id":"https:\/\/www.miguelvergara.com\/actualidad\/notas-de-prensa\/grupo-miguel-vergara-incrementa-facturacion-118-primer-semestre-2017\/","url":"https:\/\/www.miguelvergara.com\/actualidad\/notas-de-prensa\/grupo-miguel-vergara-incrementa-facturacion-118-primer-semestre-2017\/","name":"Incrementamos facturaci\u00f3n un 11,8% en primer semestre 2017 - Blog","isPartOf":{"@id":"https:\/\/www.miguelvergara.com\/actualidad\/#website"},"primaryImageOfPage":{"@id":"https:\/\/www.miguelvergara.com\/actualidad\/notas-de-prensa\/grupo-miguel-vergara-incrementa-facturacion-118-primer-semestre-2017\/#primaryimage"},"image":{"@id":"https:\/\/www.miguelvergara.com\/actualidad\/notas-de-prensa\/grupo-miguel-vergara-incrementa-facturacion-118-primer-semestre-2017\/#primaryimage"},"thumbnailUrl":"https:\/\/www.miguelvergara.com\/actualidad\/wp-content\/uploads\/2017\/08\/Grupo-Miguel-Vergara-instalaciones-despiece-e1503482972274-1.jpg","datePublished":"2017-08-23T10:10:35+00:00","dateModified":"2021-06-15T15:04:46+00:00","author":{"@id":"https:\/\/www.miguelvergara.com\/actualidad\/#\/schema\/person\/273d4cc3f46c4455932a4634619cfd09"},"description":"Grupo Miguel Vergara ha consolidado sus previsiones y mejor\u00e1ndolas con un incremento en la facturaci\u00f3n de 11'8% en primer semestre.","breadcrumb":{"@id":"https:\/\/www.miguelvergara.com\/actualidad\/notas-de-prensa\/grupo-miguel-vergara-incrementa-facturacion-118-primer-semestre-2017\/#breadcrumb"},"inLanguage":"es","potentialAction":[{"@type":"ReadAction","target":["https:\/\/www.miguelvergara.com\/actualidad\/notas-de-prensa\/grupo-miguel-vergara-incrementa-facturacion-118-primer-semestre-2017\/"]}]},{"@type":"ImageObject","inLanguage":"es","@id":"https:\/\/www.miguelvergara.com\/actualidad\/notas-de-prensa\/grupo-miguel-vergara-incrementa-facturacion-118-primer-semestre-2017\/#primaryimage","url":"https:\/\/www.miguelvergara.com\/actualidad\/wp-content\/uploads\/2017\/08\/Grupo-Miguel-Vergara-instalaciones-despiece-e1503482972274-1.jpg","contentUrl":"https:\/\/www.miguelvergara.com\/actualidad\/wp-content\/uploads\/2017\/08\/Grupo-Miguel-Vergara-instalaciones-despiece-e1503482972274-1.jpg","width":1024,"height":683,"caption":"Grupo Miguel Vergara instalaciones despiece"},{"@type":"BreadcrumbList","@id":"https:\/\/www.miguelvergara.com\/actualidad\/notas-de-prensa\/grupo-miguel-vergara-incrementa-facturacion-118-primer-semestre-2017\/#breadcrumb","itemListElement":[{"@type":"ListItem","position":1,"name":"Portada","item":"https:\/\/www.miguelvergara.com\/actualidad\/"},{"@type":"ListItem","position":2,"name":"Grupo Miguel Vergara incrementa su facturaci\u00f3n un 11,8% en el primer semestre de 2017"}]},{"@type":"WebSite","@id":"https:\/\/www.miguelvergara.com\/actualidad\/#website","url":"https:\/\/www.miguelvergara.com\/actualidad\/","name":"Blog","description":"","potentialAction":[{"@type":"SearchAction","target":{"@type":"EntryPoint","urlTemplate":"https:\/\/www.miguelvergara.com\/actualidad\/?s={search_term_string}"},"query-input":{"@type":"PropertyValueSpecification","valueRequired":true,"valueName":"search_term_string"}}],"inLanguage":"es"},{"@type":"Person","@id":"https:\/\/www.miguelvergara.com\/actualidad\/#\/schema\/person\/273d4cc3f46c4455932a4634619cfd09","name":"Mhh4a0@4","sameAs":["https:\/\/www.miguelvergara.com\/actualidad"]}]}},"_links":{"self":[{"href":"https:\/\/www.miguelvergara.com\/actualidad\/wp-json\/wp\/v2\/posts\/2062","targetHints":{"allow":["GET"]}}],"collection":[{"href":"https:\/\/www.miguelvergara.com\/actualidad\/wp-json\/wp\/v2\/posts"}],"about":[{"href":"https:\/\/www.miguelvergara.com\/actualidad\/wp-json\/wp\/v2\/types\/post"}],"author":[{"embeddable":true,"href":"https:\/\/www.miguelvergara.com\/actualidad\/wp-json\/wp\/v2\/users\/1"}],"replies":[{"embeddable":true,"href":"https:\/\/www.miguelvergara.com\/actualidad\/wp-json\/wp\/v2\/comments?post=2062"}],"version-history":[{"count":1,"href":"https:\/\/www.miguelvergara.com\/actualidad\/wp-json\/wp\/v2\/posts\/2062\/revisions"}],"predecessor-version":[{"id":7977,"href":"https:\/\/www.miguelvergara.com\/actualidad\/wp-json\/wp\/v2\/posts\/2062\/revisions\/7977"}],"wp:featuredmedia":[{"embeddable":true,"href":"https:\/\/www.miguelvergara.com\/actualidad\/wp-json\/wp\/v2\/media\/2063"}],"wp:attachment":[{"href":"https:\/\/www.miguelvergara.com\/actualidad\/wp-json\/wp\/v2\/media?parent=2062"}],"wp:term":[{"taxonomy":"category","embeddable":true,"href":"https:\/\/www.miguelvergara.com\/actualidad\/wp-json\/wp\/v2\/categories?post=2062"},{"taxonomy":"post_tag","embeddable":true,"href":"https:\/\/www.miguelvergara.com\/actualidad\/wp-json\/wp\/v2\/tags?post=2062"}],"curies":[{"name":"wp","href":"https:\/\/api.w.org\/{rel}","templated":true}]}}