{"id":2247,"date":"2018-05-24T13:31:07","date_gmt":"2018-05-24T13:31:07","guid":{"rendered":"https:\/\/www.miguelvergara.com\/?p=2247"},"modified":"2021-09-20T13:55:24","modified_gmt":"2021-09-20T11:55:24","slug":"kilos-carne-migue-vergara-banco-alimentos","status":"publish","type":"post","link":"https:\/\/www.miguelvergara.com\/actualidad\/notas-de-prensa\/kilos-carne-migue-vergara-banco-alimentos\/","title":{"rendered":"665 kilos de carne Miguel Vergara para el Banco de Alimentos"},"content":{"rendered":"<p>&nbsp;<\/p>\n<ul>\n<li><strong>En virtud del acuerdo firmado entre la Fundaci\u00f3n Real Valladolid y Grupo Miguel Vergara, las dianas del equipo blanquivioleta ya se han convertido en 665 kilogramos de carne que la compa\u00f1\u00eda castellana y leonesa ha donado a la Fundaci\u00f3n Banco de Alimentos de Valladolid<\/strong><\/li>\n<\/ul>\n<p>&nbsp;<\/p>\n<p><strong>Valladolid, 24 mayo de 2018<\/strong>.- Miguel Vergara Zamora, Presidente de Grupo miguel Vergara, Mariano Mancebo Rojo, Director Fundaci\u00f3n Real Valladolid, Jaime Mata y M\u00edchel Herrero, m\u00e1ximos goleadores del Real Valladolid, han sido los encargados de entregar este jueves a la Fundaci\u00f3n Banco de Alimentos un total de 375 kilogramos de carne de vacuno primera calidad de Grupo Miguel Vergara, que ser\u00e1n destinados a alimentar a las familias m\u00e1s necesitadas de Valladolid y provincia. Estos kilos se suman a los 290 kg que se entregaron el pasado mes de diciembre correspondientes a los goles que el primer equipo hab\u00eda marcado desde el comienzo de La Liga 123 hasta la decimosexta jornada.<br \/>\nLa donaci\u00f3n forma parte del acuerdo de patrocinio alcanzado entre Grupo Miguel Vergara y el Real Valladolid, acuerdo por el que la empresa c\u00e1rnica castellana y leonesa tambi\u00e9n alimenta a las promesas del club blanquivioleta que viven en la Residencia de J\u00f3venes Jugadores y a los futbolistas del primer equipo cuando por planificaci\u00f3n deportiva comen en dichas instalaciones. El producto suministrado a los futbolistas es carne de ternera Blonda by Miguel Vergara, un producto bajo en grasas (menos de un 3%) y alto en hierro y prote\u00ednas que es especialmente indicada para deportistas y gente que se cuida. Su aporte alto en hierro, propio de la carne de vacuno, la convierte en el complemento perfecto a la dieta de estos grupos de poblaci\u00f3n, ya que repone un mineral esencial que con frecuencia se encuentra en niveles m\u00e1s bajos de lo deseado en quienes practican deporte.<\/p>\n<p>&nbsp;<\/p>\n<p><strong>Goles solidarios<\/strong><\/p>\n<p>Grupo Miguel Vergara suministra a la Fundaci\u00f3n Banco de Alimentos un total de diez kilogramos de carne vacuna de alta calidad por cada gol que consigue en Liga el Real Valladolid, 45 kilos en el caso de un triplete como el firmado por Mata en Lorca. Como el equipo ha superado los 60 goles en la temporada, ya est\u00e1 asegurada la donaci\u00f3n de otros 100 kilogramos. El objetivo es alcanzar y superar los 70 tantos, lo que supondr\u00eda sumar otros 150 kilos adem\u00e1s de dar un paso de gigante en las aspiraciones de ascenso. El pasado 11 de diciembre la firma realiz\u00f3 la primera entrega al Banco de Alimentos, 290 kg de carne de vacuno primera calidad correspondientes a los goles que el primer equipo hab\u00eda marcado desde el comienzo de La Liga 123 hasta la decimosexta jornada.<\/p>\n","protected":false},"excerpt":{"rendered":"<p>&nbsp; En virtud del acuerdo firmado entre la Fundaci\u00f3n Real Valladolid y Grupo Miguel Vergara, las dianas del equipo blanquivioleta ya se han convertido en 665 kilogramos de carne que la compa\u00f1\u00eda castellana y leonesa ha donado a la Fundaci\u00f3n Banco de Alimentos de Valladolid &nbsp; Valladolid, 24 mayo de 2018.- Miguel Vergara Zamora, Presidente [&hellip;]<\/p>\n","protected":false},"author":1,"featured_media":2248,"comment_status":"closed","ping_status":"closed","sticky":false,"template":"","format":"standard","meta":{"footnotes":""},"categories":[3],"tags":[],"class_list":["post-2247","post","type-post","status-publish","format-standard","has-post-thumbnail","hentry","category-notas-de-prensa"],"yoast_head":"<!-- This site is optimized with the Yoast SEO plugin v27.4 - https:\/\/yoast.com\/product\/yoast-seo-wordpress\/ -->\n<title>665 kilos de carne Miguel Vergara para el Banco de Alimentos - Blog<\/title>\n<meta name=\"description\" content=\"El acuerdo con la Fundaci\u00f3n Real Valladolid permite donar hasta 665 kg de carne Miguel Vergara Blonda a las familias m\u00e1s desfavorecidas.\" \/>\n<meta name=\"robots\" content=\"index, follow, max-snippet:-1, max-image-preview:large, max-video-preview:-1\" \/>\n<link rel=\"canonical\" href=\"https:\/\/www.miguelvergara.com\/actualidad\/notas-de-prensa\/kilos-carne-migue-vergara-banco-alimentos\/\" \/>\n<meta property=\"og:locale\" content=\"es_ES\" \/>\n<meta property=\"og:type\" content=\"article\" \/>\n<meta property=\"og:title\" content=\"665 kilos de carne Miguel Vergara para el Banco de Alimentos - Blog\" \/>\n<meta property=\"og:description\" content=\"El acuerdo con la Fundaci\u00f3n Real Valladolid permite donar hasta 665 kg de carne Miguel Vergara Blonda a las familias m\u00e1s desfavorecidas.\" \/>\n<meta property=\"og:url\" content=\"https:\/\/www.miguelvergara.com\/actualidad\/notas-de-prensa\/kilos-carne-migue-vergara-banco-alimentos\/\" \/>\n<meta property=\"og:site_name\" content=\"Blog\" \/>\n<meta property=\"article:published_time\" content=\"2018-05-24T13:31:07+00:00\" \/>\n<meta property=\"article:modified_time\" content=\"2021-09-20T11:55:24+00:00\" \/>\n<meta property=\"og:image\" content=\"https:\/\/www.miguelvergara.com\/actualidad\/wp-content\/uploads\/2018\/05\/IMG-20180524-WA0011-1.jpg\" \/>\n\t<meta property=\"og:image:width\" content=\"1600\" \/>\n\t<meta property=\"og:image:height\" content=\"1066\" \/>\n\t<meta property=\"og:image:type\" content=\"image\/jpeg\" \/>\n<meta name=\"author\" content=\"Mhh4a0@4\" \/>\n<meta name=\"twitter:card\" content=\"summary_large_image\" \/>\n<meta name=\"twitter:label1\" content=\"Escrito por\" \/>\n\t<meta name=\"twitter:data1\" content=\"Mhh4a0@4\" \/>\n\t<meta name=\"twitter:label2\" content=\"Tiempo de lectura\" \/>\n\t<meta name=\"twitter:data2\" content=\"2 minutos\" \/>\n<script type=\"application\/ld+json\" class=\"yoast-schema-graph\">{\"@context\":\"https:\\\/\\\/schema.org\",\"@graph\":[{\"@type\":\"Article\",\"@id\":\"https:\\\/\\\/www.miguelvergara.com\\\/actualidad\\\/notas-de-prensa\\\/kilos-carne-migue-vergara-banco-alimentos\\\/#article\",\"isPartOf\":{\"@id\":\"https:\\\/\\\/www.miguelvergara.com\\\/actualidad\\\/notas-de-prensa\\\/kilos-carne-migue-vergara-banco-alimentos\\\/\"},\"author\":{\"name\":\"Mhh4a0@4\",\"@id\":\"https:\\\/\\\/www.miguelvergara.com\\\/actualidad\\\/#\\\/schema\\\/person\\\/273d4cc3f46c4455932a4634619cfd09\"},\"headline\":\"665 kilos de carne Miguel Vergara para el Banco de Alimentos\",\"datePublished\":\"2018-05-24T13:31:07+00:00\",\"dateModified\":\"2021-09-20T11:55:24+00:00\",\"mainEntityOfPage\":{\"@id\":\"https:\\\/\\\/www.miguelvergara.com\\\/actualidad\\\/notas-de-prensa\\\/kilos-carne-migue-vergara-banco-alimentos\\\/\"},\"wordCount\":461,\"image\":{\"@id\":\"https:\\\/\\\/www.miguelvergara.com\\\/actualidad\\\/notas-de-prensa\\\/kilos-carne-migue-vergara-banco-alimentos\\\/#primaryimage\"},\"thumbnailUrl\":\"https:\\\/\\\/www.miguelvergara.com\\\/actualidad\\\/wp-content\\\/uploads\\\/2018\\\/05\\\/IMG-20180524-WA0011-1.jpg\",\"articleSection\":[\"Notas de prensa\"],\"inLanguage\":\"es\"},{\"@type\":\"WebPage\",\"@id\":\"https:\\\/\\\/www.miguelvergara.com\\\/actualidad\\\/notas-de-prensa\\\/kilos-carne-migue-vergara-banco-alimentos\\\/\",\"url\":\"https:\\\/\\\/www.miguelvergara.com\\\/actualidad\\\/notas-de-prensa\\\/kilos-carne-migue-vergara-banco-alimentos\\\/\",\"name\":\"665 kilos de carne Miguel Vergara para el Banco de Alimentos - Blog\",\"isPartOf\":{\"@id\":\"https:\\\/\\\/www.miguelvergara.com\\\/actualidad\\\/#website\"},\"primaryImageOfPage\":{\"@id\":\"https:\\\/\\\/www.miguelvergara.com\\\/actualidad\\\/notas-de-prensa\\\/kilos-carne-migue-vergara-banco-alimentos\\\/#primaryimage\"},\"image\":{\"@id\":\"https:\\\/\\\/www.miguelvergara.com\\\/actualidad\\\/notas-de-prensa\\\/kilos-carne-migue-vergara-banco-alimentos\\\/#primaryimage\"},\"thumbnailUrl\":\"https:\\\/\\\/www.miguelvergara.com\\\/actualidad\\\/wp-content\\\/uploads\\\/2018\\\/05\\\/IMG-20180524-WA0011-1.jpg\",\"datePublished\":\"2018-05-24T13:31:07+00:00\",\"dateModified\":\"2021-09-20T11:55:24+00:00\",\"author\":{\"@id\":\"https:\\\/\\\/www.miguelvergara.com\\\/actualidad\\\/#\\\/schema\\\/person\\\/273d4cc3f46c4455932a4634619cfd09\"},\"description\":\"El acuerdo con la Fundaci\u00f3n Real Valladolid permite donar hasta 665 kg de carne Miguel Vergara Blonda a las familias m\u00e1s desfavorecidas.\",\"breadcrumb\":{\"@id\":\"https:\\\/\\\/www.miguelvergara.com\\\/actualidad\\\/notas-de-prensa\\\/kilos-carne-migue-vergara-banco-alimentos\\\/#breadcrumb\"},\"inLanguage\":\"es\",\"potentialAction\":[{\"@type\":\"ReadAction\",\"target\":[\"https:\\\/\\\/www.miguelvergara.com\\\/actualidad\\\/notas-de-prensa\\\/kilos-carne-migue-vergara-banco-alimentos\\\/\"]}]},{\"@type\":\"ImageObject\",\"inLanguage\":\"es\",\"@id\":\"https:\\\/\\\/www.miguelvergara.com\\\/actualidad\\\/notas-de-prensa\\\/kilos-carne-migue-vergara-banco-alimentos\\\/#primaryimage\",\"url\":\"https:\\\/\\\/www.miguelvergara.com\\\/actualidad\\\/wp-content\\\/uploads\\\/2018\\\/05\\\/IMG-20180524-WA0011-1.jpg\",\"contentUrl\":\"https:\\\/\\\/www.miguelvergara.com\\\/actualidad\\\/wp-content\\\/uploads\\\/2018\\\/05\\\/IMG-20180524-WA0011-1.jpg\",\"width\":1600,\"height\":1066},{\"@type\":\"BreadcrumbList\",\"@id\":\"https:\\\/\\\/www.miguelvergara.com\\\/actualidad\\\/notas-de-prensa\\\/kilos-carne-migue-vergara-banco-alimentos\\\/#breadcrumb\",\"itemListElement\":[{\"@type\":\"ListItem\",\"position\":1,\"name\":\"Portada\",\"item\":\"https:\\\/\\\/www.miguelvergara.com\\\/actualidad\\\/\"},{\"@type\":\"ListItem\",\"position\":2,\"name\":\"665 kilos de carne Miguel Vergara para el Banco de Alimentos\"}]},{\"@type\":\"WebSite\",\"@id\":\"https:\\\/\\\/www.miguelvergara.com\\\/actualidad\\\/#website\",\"url\":\"https:\\\/\\\/www.miguelvergara.com\\\/actualidad\\\/\",\"name\":\"Blog\",\"description\":\"\",\"potentialAction\":[{\"@type\":\"SearchAction\",\"target\":{\"@type\":\"EntryPoint\",\"urlTemplate\":\"https:\\\/\\\/www.miguelvergara.com\\\/actualidad\\\/?s={search_term_string}\"},\"query-input\":{\"@type\":\"PropertyValueSpecification\",\"valueRequired\":true,\"valueName\":\"search_term_string\"}}],\"inLanguage\":\"es\"},{\"@type\":\"Person\",\"@id\":\"https:\\\/\\\/www.miguelvergara.com\\\/actualidad\\\/#\\\/schema\\\/person\\\/273d4cc3f46c4455932a4634619cfd09\",\"name\":\"Mhh4a0@4\",\"sameAs\":[\"https:\\\/\\\/www.miguelvergara.com\\\/actualidad\"]}]}<\/script>\n<!-- \/ Yoast SEO plugin. -->","yoast_head_json":{"title":"665 kilos de carne Miguel Vergara para el Banco de Alimentos - Blog","description":"El acuerdo con la Fundaci\u00f3n Real Valladolid permite donar hasta 665 kg de carne Miguel Vergara Blonda a las familias m\u00e1s desfavorecidas.","robots":{"index":"index","follow":"follow","max-snippet":"max-snippet:-1","max-image-preview":"max-image-preview:large","max-video-preview":"max-video-preview:-1"},"canonical":"https:\/\/www.miguelvergara.com\/actualidad\/notas-de-prensa\/kilos-carne-migue-vergara-banco-alimentos\/","og_locale":"es_ES","og_type":"article","og_title":"665 kilos de carne Miguel Vergara para el Banco de Alimentos - Blog","og_description":"El acuerdo con la Fundaci\u00f3n Real Valladolid permite donar hasta 665 kg de carne Miguel Vergara Blonda a las familias m\u00e1s desfavorecidas.","og_url":"https:\/\/www.miguelvergara.com\/actualidad\/notas-de-prensa\/kilos-carne-migue-vergara-banco-alimentos\/","og_site_name":"Blog","article_published_time":"2018-05-24T13:31:07+00:00","article_modified_time":"2021-09-20T11:55:24+00:00","og_image":[{"width":1600,"height":1066,"url":"https:\/\/www.miguelvergara.com\/actualidad\/wp-content\/uploads\/2018\/05\/IMG-20180524-WA0011-1.jpg","type":"image\/jpeg"}],"author":"Mhh4a0@4","twitter_card":"summary_large_image","twitter_misc":{"Escrito por":"Mhh4a0@4","Tiempo de lectura":"2 minutos"},"schema":{"@context":"https:\/\/schema.org","@graph":[{"@type":"Article","@id":"https:\/\/www.miguelvergara.com\/actualidad\/notas-de-prensa\/kilos-carne-migue-vergara-banco-alimentos\/#article","isPartOf":{"@id":"https:\/\/www.miguelvergara.com\/actualidad\/notas-de-prensa\/kilos-carne-migue-vergara-banco-alimentos\/"},"author":{"name":"Mhh4a0@4","@id":"https:\/\/www.miguelvergara.com\/actualidad\/#\/schema\/person\/273d4cc3f46c4455932a4634619cfd09"},"headline":"665 kilos de carne Miguel Vergara para el Banco de Alimentos","datePublished":"2018-05-24T13:31:07+00:00","dateModified":"2021-09-20T11:55:24+00:00","mainEntityOfPage":{"@id":"https:\/\/www.miguelvergara.com\/actualidad\/notas-de-prensa\/kilos-carne-migue-vergara-banco-alimentos\/"},"wordCount":461,"image":{"@id":"https:\/\/www.miguelvergara.com\/actualidad\/notas-de-prensa\/kilos-carne-migue-vergara-banco-alimentos\/#primaryimage"},"thumbnailUrl":"https:\/\/www.miguelvergara.com\/actualidad\/wp-content\/uploads\/2018\/05\/IMG-20180524-WA0011-1.jpg","articleSection":["Notas de prensa"],"inLanguage":"es"},{"@type":"WebPage","@id":"https:\/\/www.miguelvergara.com\/actualidad\/notas-de-prensa\/kilos-carne-migue-vergara-banco-alimentos\/","url":"https:\/\/www.miguelvergara.com\/actualidad\/notas-de-prensa\/kilos-carne-migue-vergara-banco-alimentos\/","name":"665 kilos de carne Miguel Vergara para el Banco de Alimentos - Blog","isPartOf":{"@id":"https:\/\/www.miguelvergara.com\/actualidad\/#website"},"primaryImageOfPage":{"@id":"https:\/\/www.miguelvergara.com\/actualidad\/notas-de-prensa\/kilos-carne-migue-vergara-banco-alimentos\/#primaryimage"},"image":{"@id":"https:\/\/www.miguelvergara.com\/actualidad\/notas-de-prensa\/kilos-carne-migue-vergara-banco-alimentos\/#primaryimage"},"thumbnailUrl":"https:\/\/www.miguelvergara.com\/actualidad\/wp-content\/uploads\/2018\/05\/IMG-20180524-WA0011-1.jpg","datePublished":"2018-05-24T13:31:07+00:00","dateModified":"2021-09-20T11:55:24+00:00","author":{"@id":"https:\/\/www.miguelvergara.com\/actualidad\/#\/schema\/person\/273d4cc3f46c4455932a4634619cfd09"},"description":"El acuerdo con la Fundaci\u00f3n Real Valladolid permite donar hasta 665 kg de carne Miguel Vergara Blonda a las familias m\u00e1s desfavorecidas.","breadcrumb":{"@id":"https:\/\/www.miguelvergara.com\/actualidad\/notas-de-prensa\/kilos-carne-migue-vergara-banco-alimentos\/#breadcrumb"},"inLanguage":"es","potentialAction":[{"@type":"ReadAction","target":["https:\/\/www.miguelvergara.com\/actualidad\/notas-de-prensa\/kilos-carne-migue-vergara-banco-alimentos\/"]}]},{"@type":"ImageObject","inLanguage":"es","@id":"https:\/\/www.miguelvergara.com\/actualidad\/notas-de-prensa\/kilos-carne-migue-vergara-banco-alimentos\/#primaryimage","url":"https:\/\/www.miguelvergara.com\/actualidad\/wp-content\/uploads\/2018\/05\/IMG-20180524-WA0011-1.jpg","contentUrl":"https:\/\/www.miguelvergara.com\/actualidad\/wp-content\/uploads\/2018\/05\/IMG-20180524-WA0011-1.jpg","width":1600,"height":1066},{"@type":"BreadcrumbList","@id":"https:\/\/www.miguelvergara.com\/actualidad\/notas-de-prensa\/kilos-carne-migue-vergara-banco-alimentos\/#breadcrumb","itemListElement":[{"@type":"ListItem","position":1,"name":"Portada","item":"https:\/\/www.miguelvergara.com\/actualidad\/"},{"@type":"ListItem","position":2,"name":"665 kilos de carne Miguel Vergara para el Banco de Alimentos"}]},{"@type":"WebSite","@id":"https:\/\/www.miguelvergara.com\/actualidad\/#website","url":"https:\/\/www.miguelvergara.com\/actualidad\/","name":"Blog","description":"","potentialAction":[{"@type":"SearchAction","target":{"@type":"EntryPoint","urlTemplate":"https:\/\/www.miguelvergara.com\/actualidad\/?s={search_term_string}"},"query-input":{"@type":"PropertyValueSpecification","valueRequired":true,"valueName":"search_term_string"}}],"inLanguage":"es"},{"@type":"Person","@id":"https:\/\/www.miguelvergara.com\/actualidad\/#\/schema\/person\/273d4cc3f46c4455932a4634619cfd09","name":"Mhh4a0@4","sameAs":["https:\/\/www.miguelvergara.com\/actualidad"]}]}},"_links":{"self":[{"href":"https:\/\/www.miguelvergara.com\/actualidad\/wp-json\/wp\/v2\/posts\/2247","targetHints":{"allow":["GET"]}}],"collection":[{"href":"https:\/\/www.miguelvergara.com\/actualidad\/wp-json\/wp\/v2\/posts"}],"about":[{"href":"https:\/\/www.miguelvergara.com\/actualidad\/wp-json\/wp\/v2\/types\/post"}],"author":[{"embeddable":true,"href":"https:\/\/www.miguelvergara.com\/actualidad\/wp-json\/wp\/v2\/users\/1"}],"replies":[{"embeddable":true,"href":"https:\/\/www.miguelvergara.com\/actualidad\/wp-json\/wp\/v2\/comments?post=2247"}],"version-history":[{"count":1,"href":"https:\/\/www.miguelvergara.com\/actualidad\/wp-json\/wp\/v2\/posts\/2247\/revisions"}],"predecessor-version":[{"id":8270,"href":"https:\/\/www.miguelvergara.com\/actualidad\/wp-json\/wp\/v2\/posts\/2247\/revisions\/8270"}],"wp:featuredmedia":[{"embeddable":true,"href":"https:\/\/www.miguelvergara.com\/actualidad\/wp-json\/wp\/v2\/media\/2248"}],"wp:attachment":[{"href":"https:\/\/www.miguelvergara.com\/actualidad\/wp-json\/wp\/v2\/media?parent=2247"}],"wp:term":[{"taxonomy":"category","embeddable":true,"href":"https:\/\/www.miguelvergara.com\/actualidad\/wp-json\/wp\/v2\/categories?post=2247"},{"taxonomy":"post_tag","embeddable":true,"href":"https:\/\/www.miguelvergara.com\/actualidad\/wp-json\/wp\/v2\/tags?post=2247"}],"curies":[{"name":"wp","href":"https:\/\/api.w.org\/{rel}","templated":true}]}}