{"id":2279,"date":"2019-01-18T16:48:00","date_gmt":"2019-01-18T16:48:00","guid":{"rendered":"https:\/\/www.miguelvergara.com\/?p=2279"},"modified":"2021-09-20T13:47:54","modified_gmt":"2021-09-20T11:47:54","slug":"inauguramos-blog-en-nuestra-tienda-online","status":"publish","type":"post","link":"https:\/\/www.miguelvergara.com\/actualidad\/notas-de-prensa\/inauguramos-blog-en-nuestra-tienda-online\/","title":{"rendered":"Inauguramos Blog en nuestra tienda online thebeefexperience.com"},"content":{"rendered":"<ul>\n<li><strong>Grupo Miguel Vergara se convierte en la primera empresa del sector en contar con un blog propio<\/strong><\/li>\n<li><strong>El portal cuenta con contenidos quincenales sobre la carne de vacuno, nutrici\u00f3n, eventos y otras cuestiones de especial inter\u00e9s<\/strong><\/li>\n<\/ul>\n<p><strong>Valladolid, 19 de Diciembre de 2018<\/strong>.- En Grupo Miguel Vergara inauguramos <a href=\"https:\/\/www.miguelvergara.com\/actualidad\/blog\/\">blog.<\/a> Desde hoy nuestra <a href=\"https:\/\/www.miguelvergara.com\/tienda\/\">tienda online<\/a> y nuestra tienda <a href=\"https:\/\/www.miguelvergara.com\">web<\/a>&nbsp;cuentan con un apartado de interesantes contenidos sobre la carne de vacuno en general y sobre nuestra marca en particular.<\/p>\n<p><!--more--><\/p>\n<p><img loading=\"lazy\" decoding=\"async\" class=\"alignnone wp-image-2280 size-full\" src=\"https:\/\/www.miguelvergara.com\/actualidad\/wp-content\/uploads\/2019\/01\/Propuesta-Vergara-Vertical1.2-1.jpg\" alt=\"Blog Miguel Vergara 1\" width=\"840\" height=\"440\" srcset=\"https:\/\/www.miguelvergara.com\/actualidad\/wp-content\/uploads\/2019\/01\/Propuesta-Vergara-Vertical1.2-1.jpg 840w, https:\/\/www.miguelvergara.com\/actualidad\/wp-content\/uploads\/2019\/01\/Propuesta-Vergara-Vertical1.2-1-768x402.jpg 768w\" sizes=\"auto, (max-width: 840px) 100vw, 840px\" \/><\/p>\n<p>Este  surge para abordar diferentes cuestiones en torno a la carne de vacuno y otros contenidos relacionados con la misma. As\u00ed, en este espacio publicaremos textos que resuelvan dudas nutricionales u aporten consejos alimenticios, que ofrezcan recetas carn\u00edvoras y maridajes con vino, donde se hable de los nuevos cortes de carne, de la importancia del consumo de este alimento dentro de una equilibrada dieta mediterr\u00e1nea o del bienestar animal.<\/p>\n<p>Asimismo, este portal servir\u00e1 de punto de encuentro con rincones y personas reconocidas del sector c\u00e1rnico y de la gastronom\u00eda; as\u00ed como de \u00abcalendario\u00bb y retransmisi\u00f3n in situ de lo que es participar en ferias de alimentaci\u00f3n nacionales e internacionales, entre otras cuestiones y citas.<\/p>\n","protected":false},"excerpt":{"rendered":"<p>Grupo Miguel Vergara se convierte en la primera empresa del sector en contar con un blog propio El portal cuenta con contenidos quincenales sobre la carne de vacuno, nutrici\u00f3n, eventos y otras cuestiones de especial inter\u00e9s Valladolid, 19 de Diciembre de 2018.- En Grupo Miguel Vergara inauguramos blog. Desde hoy nuestra tienda online y nuestra [&hellip;]<\/p>\n","protected":false},"author":1,"featured_media":2280,"comment_status":"closed","ping_status":"closed","sticky":false,"template":"","format":"standard","meta":{"footnotes":""},"categories":[3],"tags":[123,124,125,126,127,128,129,130,131,132,133,134],"class_list":["post-2279","post","type-post","status-publish","format-standard","has-post-thumbnail","hentry","category-notas-de-prensa","tag-alimentacion","tag-angus","tag-beef","tag-blog","tag-blonda","tag-burger","tag-carne","tag-gourmet","tag-meat","tag-miguel-vergara","tag-the-beef-experience","tag-vacuno"],"yoast_head":"<!-- This site is optimized with the Yoast SEO plugin v27.4 - https:\/\/yoast.com\/product\/yoast-seo-wordpress\/ -->\n<title>Inauguramos Blog en nuestra tienda online thebeefexperience.com - Blog<\/title>\n<meta name=\"description\" content=\"Grupo Miguel Vergara estrena su blog quincenal en su p\u00e1gina web sobre carne de vacuno con unos interesantes apartados y contenidos.\" \/>\n<meta name=\"robots\" content=\"index, follow, max-snippet:-1, max-image-preview:large, max-video-preview:-1\" \/>\n<link rel=\"canonical\" href=\"https:\/\/www.miguelvergara.com\/actualidad\/notas-de-prensa\/inauguramos-blog-en-nuestra-tienda-online\/\" \/>\n<meta property=\"og:locale\" content=\"es_ES\" \/>\n<meta property=\"og:type\" content=\"article\" \/>\n<meta property=\"og:title\" content=\"Inauguramos Blog en nuestra tienda online thebeefexperience.com - Blog\" \/>\n<meta property=\"og:description\" content=\"Grupo Miguel Vergara estrena su blog quincenal en su p\u00e1gina web sobre carne de vacuno con unos interesantes apartados y contenidos.\" \/>\n<meta property=\"og:url\" content=\"https:\/\/www.miguelvergara.com\/actualidad\/notas-de-prensa\/inauguramos-blog-en-nuestra-tienda-online\/\" \/>\n<meta property=\"og:site_name\" content=\"Blog\" \/>\n<meta property=\"article:published_time\" content=\"2019-01-18T16:48:00+00:00\" \/>\n<meta property=\"article:modified_time\" content=\"2021-09-20T11:47:54+00:00\" \/>\n<meta property=\"og:image\" content=\"https:\/\/www.miguelvergara.com\/actualidad\/wp-content\/uploads\/2019\/01\/Propuesta-Vergara-Vertical1.2-1.jpg\" \/>\n\t<meta property=\"og:image:width\" content=\"840\" \/>\n\t<meta property=\"og:image:height\" content=\"440\" \/>\n\t<meta property=\"og:image:type\" content=\"image\/jpeg\" \/>\n<meta name=\"author\" content=\"Mhh4a0@4\" \/>\n<meta name=\"twitter:card\" content=\"summary_large_image\" \/>\n<meta name=\"twitter:label1\" content=\"Escrito por\" \/>\n\t<meta name=\"twitter:data1\" content=\"Mhh4a0@4\" \/>\n\t<meta name=\"twitter:label2\" content=\"Tiempo de lectura\" \/>\n\t<meta name=\"twitter:data2\" content=\"1 minuto\" \/>\n<script type=\"application\/ld+json\" class=\"yoast-schema-graph\">{\"@context\":\"https:\\\/\\\/schema.org\",\"@graph\":[{\"@type\":\"Article\",\"@id\":\"https:\\\/\\\/www.miguelvergara.com\\\/actualidad\\\/notas-de-prensa\\\/inauguramos-blog-en-nuestra-tienda-online\\\/#article\",\"isPartOf\":{\"@id\":\"https:\\\/\\\/www.miguelvergara.com\\\/actualidad\\\/notas-de-prensa\\\/inauguramos-blog-en-nuestra-tienda-online\\\/\"},\"author\":{\"name\":\"Mhh4a0@4\",\"@id\":\"https:\\\/\\\/www.miguelvergara.com\\\/actualidad\\\/#\\\/schema\\\/person\\\/273d4cc3f46c4455932a4634619cfd09\"},\"headline\":\"Inauguramos Blog en nuestra tienda online thebeefexperience.com\",\"datePublished\":\"2019-01-18T16:48:00+00:00\",\"dateModified\":\"2021-09-20T11:47:54+00:00\",\"mainEntityOfPage\":{\"@id\":\"https:\\\/\\\/www.miguelvergara.com\\\/actualidad\\\/notas-de-prensa\\\/inauguramos-blog-en-nuestra-tienda-online\\\/\"},\"wordCount\":207,\"image\":{\"@id\":\"https:\\\/\\\/www.miguelvergara.com\\\/actualidad\\\/notas-de-prensa\\\/inauguramos-blog-en-nuestra-tienda-online\\\/#primaryimage\"},\"thumbnailUrl\":\"https:\\\/\\\/www.miguelvergara.com\\\/actualidad\\\/wp-content\\\/uploads\\\/2019\\\/01\\\/Propuesta-Vergara-Vertical1.2-1.jpg\",\"keywords\":[\"alimentacion\",\"angus\",\"beef\",\"blog\",\"blonda\",\"burger\",\"carne\",\"gourmet\",\"meat\",\"miguel vergara\",\"the beef experience\",\"vacuno\"],\"articleSection\":[\"Notas de prensa\"],\"inLanguage\":\"es\"},{\"@type\":\"WebPage\",\"@id\":\"https:\\\/\\\/www.miguelvergara.com\\\/actualidad\\\/notas-de-prensa\\\/inauguramos-blog-en-nuestra-tienda-online\\\/\",\"url\":\"https:\\\/\\\/www.miguelvergara.com\\\/actualidad\\\/notas-de-prensa\\\/inauguramos-blog-en-nuestra-tienda-online\\\/\",\"name\":\"Inauguramos Blog en nuestra tienda online thebeefexperience.com - Blog\",\"isPartOf\":{\"@id\":\"https:\\\/\\\/www.miguelvergara.com\\\/actualidad\\\/#website\"},\"primaryImageOfPage\":{\"@id\":\"https:\\\/\\\/www.miguelvergara.com\\\/actualidad\\\/notas-de-prensa\\\/inauguramos-blog-en-nuestra-tienda-online\\\/#primaryimage\"},\"image\":{\"@id\":\"https:\\\/\\\/www.miguelvergara.com\\\/actualidad\\\/notas-de-prensa\\\/inauguramos-blog-en-nuestra-tienda-online\\\/#primaryimage\"},\"thumbnailUrl\":\"https:\\\/\\\/www.miguelvergara.com\\\/actualidad\\\/wp-content\\\/uploads\\\/2019\\\/01\\\/Propuesta-Vergara-Vertical1.2-1.jpg\",\"datePublished\":\"2019-01-18T16:48:00+00:00\",\"dateModified\":\"2021-09-20T11:47:54+00:00\",\"author\":{\"@id\":\"https:\\\/\\\/www.miguelvergara.com\\\/actualidad\\\/#\\\/schema\\\/person\\\/273d4cc3f46c4455932a4634619cfd09\"},\"description\":\"Grupo Miguel Vergara estrena su blog quincenal en su p\u00e1gina web sobre carne de vacuno con unos interesantes apartados y contenidos.\",\"breadcrumb\":{\"@id\":\"https:\\\/\\\/www.miguelvergara.com\\\/actualidad\\\/notas-de-prensa\\\/inauguramos-blog-en-nuestra-tienda-online\\\/#breadcrumb\"},\"inLanguage\":\"es\",\"potentialAction\":[{\"@type\":\"ReadAction\",\"target\":[\"https:\\\/\\\/www.miguelvergara.com\\\/actualidad\\\/notas-de-prensa\\\/inauguramos-blog-en-nuestra-tienda-online\\\/\"]}]},{\"@type\":\"ImageObject\",\"inLanguage\":\"es\",\"@id\":\"https:\\\/\\\/www.miguelvergara.com\\\/actualidad\\\/notas-de-prensa\\\/inauguramos-blog-en-nuestra-tienda-online\\\/#primaryimage\",\"url\":\"https:\\\/\\\/www.miguelvergara.com\\\/actualidad\\\/wp-content\\\/uploads\\\/2019\\\/01\\\/Propuesta-Vergara-Vertical1.2-1.jpg\",\"contentUrl\":\"https:\\\/\\\/www.miguelvergara.com\\\/actualidad\\\/wp-content\\\/uploads\\\/2019\\\/01\\\/Propuesta-Vergara-Vertical1.2-1.jpg\",\"width\":840,\"height\":440,\"caption\":\"Blog Miguel Vergara\"},{\"@type\":\"BreadcrumbList\",\"@id\":\"https:\\\/\\\/www.miguelvergara.com\\\/actualidad\\\/notas-de-prensa\\\/inauguramos-blog-en-nuestra-tienda-online\\\/#breadcrumb\",\"itemListElement\":[{\"@type\":\"ListItem\",\"position\":1,\"name\":\"Portada\",\"item\":\"https:\\\/\\\/www.miguelvergara.com\\\/actualidad\\\/\"},{\"@type\":\"ListItem\",\"position\":2,\"name\":\"Inauguramos Blog en nuestra tienda online thebeefexperience.com\"}]},{\"@type\":\"WebSite\",\"@id\":\"https:\\\/\\\/www.miguelvergara.com\\\/actualidad\\\/#website\",\"url\":\"https:\\\/\\\/www.miguelvergara.com\\\/actualidad\\\/\",\"name\":\"Blog\",\"description\":\"\",\"potentialAction\":[{\"@type\":\"SearchAction\",\"target\":{\"@type\":\"EntryPoint\",\"urlTemplate\":\"https:\\\/\\\/www.miguelvergara.com\\\/actualidad\\\/?s={search_term_string}\"},\"query-input\":{\"@type\":\"PropertyValueSpecification\",\"valueRequired\":true,\"valueName\":\"search_term_string\"}}],\"inLanguage\":\"es\"},{\"@type\":\"Person\",\"@id\":\"https:\\\/\\\/www.miguelvergara.com\\\/actualidad\\\/#\\\/schema\\\/person\\\/273d4cc3f46c4455932a4634619cfd09\",\"name\":\"Mhh4a0@4\",\"sameAs\":[\"https:\\\/\\\/www.miguelvergara.com\\\/actualidad\"]}]}<\/script>\n<!-- \/ Yoast SEO plugin. -->","yoast_head_json":{"title":"Inauguramos Blog en nuestra tienda online thebeefexperience.com - Blog","description":"Grupo Miguel Vergara estrena su blog quincenal en su p\u00e1gina web sobre carne de vacuno con unos interesantes apartados y contenidos.","robots":{"index":"index","follow":"follow","max-snippet":"max-snippet:-1","max-image-preview":"max-image-preview:large","max-video-preview":"max-video-preview:-1"},"canonical":"https:\/\/www.miguelvergara.com\/actualidad\/notas-de-prensa\/inauguramos-blog-en-nuestra-tienda-online\/","og_locale":"es_ES","og_type":"article","og_title":"Inauguramos Blog en nuestra tienda online thebeefexperience.com - Blog","og_description":"Grupo Miguel Vergara estrena su blog quincenal en su p\u00e1gina web sobre carne de vacuno con unos interesantes apartados y contenidos.","og_url":"https:\/\/www.miguelvergara.com\/actualidad\/notas-de-prensa\/inauguramos-blog-en-nuestra-tienda-online\/","og_site_name":"Blog","article_published_time":"2019-01-18T16:48:00+00:00","article_modified_time":"2021-09-20T11:47:54+00:00","og_image":[{"width":840,"height":440,"url":"https:\/\/www.miguelvergara.com\/actualidad\/wp-content\/uploads\/2019\/01\/Propuesta-Vergara-Vertical1.2-1.jpg","type":"image\/jpeg"}],"author":"Mhh4a0@4","twitter_card":"summary_large_image","twitter_misc":{"Escrito por":"Mhh4a0@4","Tiempo de lectura":"1 minuto"},"schema":{"@context":"https:\/\/schema.org","@graph":[{"@type":"Article","@id":"https:\/\/www.miguelvergara.com\/actualidad\/notas-de-prensa\/inauguramos-blog-en-nuestra-tienda-online\/#article","isPartOf":{"@id":"https:\/\/www.miguelvergara.com\/actualidad\/notas-de-prensa\/inauguramos-blog-en-nuestra-tienda-online\/"},"author":{"name":"Mhh4a0@4","@id":"https:\/\/www.miguelvergara.com\/actualidad\/#\/schema\/person\/273d4cc3f46c4455932a4634619cfd09"},"headline":"Inauguramos Blog en nuestra tienda online thebeefexperience.com","datePublished":"2019-01-18T16:48:00+00:00","dateModified":"2021-09-20T11:47:54+00:00","mainEntityOfPage":{"@id":"https:\/\/www.miguelvergara.com\/actualidad\/notas-de-prensa\/inauguramos-blog-en-nuestra-tienda-online\/"},"wordCount":207,"image":{"@id":"https:\/\/www.miguelvergara.com\/actualidad\/notas-de-prensa\/inauguramos-blog-en-nuestra-tienda-online\/#primaryimage"},"thumbnailUrl":"https:\/\/www.miguelvergara.com\/actualidad\/wp-content\/uploads\/2019\/01\/Propuesta-Vergara-Vertical1.2-1.jpg","keywords":["alimentacion","angus","beef","blog","blonda","burger","carne","gourmet","meat","miguel vergara","the beef experience","vacuno"],"articleSection":["Notas de prensa"],"inLanguage":"es"},{"@type":"WebPage","@id":"https:\/\/www.miguelvergara.com\/actualidad\/notas-de-prensa\/inauguramos-blog-en-nuestra-tienda-online\/","url":"https:\/\/www.miguelvergara.com\/actualidad\/notas-de-prensa\/inauguramos-blog-en-nuestra-tienda-online\/","name":"Inauguramos Blog en nuestra tienda online thebeefexperience.com - Blog","isPartOf":{"@id":"https:\/\/www.miguelvergara.com\/actualidad\/#website"},"primaryImageOfPage":{"@id":"https:\/\/www.miguelvergara.com\/actualidad\/notas-de-prensa\/inauguramos-blog-en-nuestra-tienda-online\/#primaryimage"},"image":{"@id":"https:\/\/www.miguelvergara.com\/actualidad\/notas-de-prensa\/inauguramos-blog-en-nuestra-tienda-online\/#primaryimage"},"thumbnailUrl":"https:\/\/www.miguelvergara.com\/actualidad\/wp-content\/uploads\/2019\/01\/Propuesta-Vergara-Vertical1.2-1.jpg","datePublished":"2019-01-18T16:48:00+00:00","dateModified":"2021-09-20T11:47:54+00:00","author":{"@id":"https:\/\/www.miguelvergara.com\/actualidad\/#\/schema\/person\/273d4cc3f46c4455932a4634619cfd09"},"description":"Grupo Miguel Vergara estrena su blog quincenal en su p\u00e1gina web sobre carne de vacuno con unos interesantes apartados y contenidos.","breadcrumb":{"@id":"https:\/\/www.miguelvergara.com\/actualidad\/notas-de-prensa\/inauguramos-blog-en-nuestra-tienda-online\/#breadcrumb"},"inLanguage":"es","potentialAction":[{"@type":"ReadAction","target":["https:\/\/www.miguelvergara.com\/actualidad\/notas-de-prensa\/inauguramos-blog-en-nuestra-tienda-online\/"]}]},{"@type":"ImageObject","inLanguage":"es","@id":"https:\/\/www.miguelvergara.com\/actualidad\/notas-de-prensa\/inauguramos-blog-en-nuestra-tienda-online\/#primaryimage","url":"https:\/\/www.miguelvergara.com\/actualidad\/wp-content\/uploads\/2019\/01\/Propuesta-Vergara-Vertical1.2-1.jpg","contentUrl":"https:\/\/www.miguelvergara.com\/actualidad\/wp-content\/uploads\/2019\/01\/Propuesta-Vergara-Vertical1.2-1.jpg","width":840,"height":440,"caption":"Blog Miguel Vergara"},{"@type":"BreadcrumbList","@id":"https:\/\/www.miguelvergara.com\/actualidad\/notas-de-prensa\/inauguramos-blog-en-nuestra-tienda-online\/#breadcrumb","itemListElement":[{"@type":"ListItem","position":1,"name":"Portada","item":"https:\/\/www.miguelvergara.com\/actualidad\/"},{"@type":"ListItem","position":2,"name":"Inauguramos Blog en nuestra tienda online thebeefexperience.com"}]},{"@type":"WebSite","@id":"https:\/\/www.miguelvergara.com\/actualidad\/#website","url":"https:\/\/www.miguelvergara.com\/actualidad\/","name":"Blog","description":"","potentialAction":[{"@type":"SearchAction","target":{"@type":"EntryPoint","urlTemplate":"https:\/\/www.miguelvergara.com\/actualidad\/?s={search_term_string}"},"query-input":{"@type":"PropertyValueSpecification","valueRequired":true,"valueName":"search_term_string"}}],"inLanguage":"es"},{"@type":"Person","@id":"https:\/\/www.miguelvergara.com\/actualidad\/#\/schema\/person\/273d4cc3f46c4455932a4634619cfd09","name":"Mhh4a0@4","sameAs":["https:\/\/www.miguelvergara.com\/actualidad"]}]}},"_links":{"self":[{"href":"https:\/\/www.miguelvergara.com\/actualidad\/wp-json\/wp\/v2\/posts\/2279","targetHints":{"allow":["GET"]}}],"collection":[{"href":"https:\/\/www.miguelvergara.com\/actualidad\/wp-json\/wp\/v2\/posts"}],"about":[{"href":"https:\/\/www.miguelvergara.com\/actualidad\/wp-json\/wp\/v2\/types\/post"}],"author":[{"embeddable":true,"href":"https:\/\/www.miguelvergara.com\/actualidad\/wp-json\/wp\/v2\/users\/1"}],"replies":[{"embeddable":true,"href":"https:\/\/www.miguelvergara.com\/actualidad\/wp-json\/wp\/v2\/comments?post=2279"}],"version-history":[{"count":4,"href":"https:\/\/www.miguelvergara.com\/actualidad\/wp-json\/wp\/v2\/posts\/2279\/revisions"}],"predecessor-version":[{"id":8268,"href":"https:\/\/www.miguelvergara.com\/actualidad\/wp-json\/wp\/v2\/posts\/2279\/revisions\/8268"}],"wp:featuredmedia":[{"embeddable":true,"href":"https:\/\/www.miguelvergara.com\/actualidad\/wp-json\/wp\/v2\/media\/2280"}],"wp:attachment":[{"href":"https:\/\/www.miguelvergara.com\/actualidad\/wp-json\/wp\/v2\/media?parent=2279"}],"wp:term":[{"taxonomy":"category","embeddable":true,"href":"https:\/\/www.miguelvergara.com\/actualidad\/wp-json\/wp\/v2\/categories?post=2279"},{"taxonomy":"post_tag","embeddable":true,"href":"https:\/\/www.miguelvergara.com\/actualidad\/wp-json\/wp\/v2\/tags?post=2279"}],"curies":[{"name":"wp","href":"https:\/\/api.w.org\/{rel}","templated":true}]}}