{"id":2293,"date":"2019-03-05T09:41:57","date_gmt":"2019-03-05T09:41:57","guid":{"rendered":"https:\/\/www.miguelvergara.com\/?p=2293"},"modified":"2021-09-20T13:29:19","modified_gmt":"2021-09-20T11:29:19","slug":"grupo-miguel-vergara-impulsa-su-expansion-internacional","status":"publish","type":"post","link":"https:\/\/www.miguelvergara.com\/actualidad\/notas-de-prensa\/grupo-miguel-vergara-impulsa-su-expansion-internacional\/","title":{"rendered":"Grupo Miguel Vergara impulsa su expansi\u00f3n internacional"},"content":{"rendered":"\n<ul class=\"wp-block-list\"><li><strong>La empresa vallisoletana asiste al 44<\/strong> <strong>International Food and Beverage Exhibition FoodEx Japan entre los dias 5 y 8 de Marzo en Tokio<\/strong><\/li><li><strong>La intenci\u00f3n de la firma es que para 2030 la exportaci\u00f3n pase a suponer el 70% del negocio<\/strong><\/li><\/ul>\n\n\n\n<!--more-->\n\n\n\n<div class=\"wp-block-image\"><figure class=\"aligncenter size-large\"><img loading=\"lazy\" decoding=\"async\" width=\"370\" height=\"230\" src=\"https:\/\/www.miguelvergara.com\/actualidad\/wp-content\/uploads\/2021\/01\/GMV-FoodEx-Japan-2019-1-420x260-1.jpg\" alt=\"Expansi\u00f3n Grupo Miguel Vergara\" class=\"wp-image-7572\"\/><\/figure><\/div>\n\n\n\n<p><strong>Valladolid, 5 de marzo de 2019.-<\/strong> Grupo Miguel Vergara&nbsp;sigue trabajando en su expansi\u00f3n internacional y ha puesto especial foco en el mercado japon\u00e9s. As\u00ed, la empresa c\u00e1rnica estar\u00e1 presente, desde hoy y hasta el d\u00eda 8 de marzo, en la 44 edici\u00f3n de la International Food and Beverage Exhibition FoodEx Japan, en Tokio. Se trata una de las mayores ferias de alimentos y bebidas del mundo y en ella la marca asiste con espacio propio dentro del stand agrupado de la Interprofesional de la carne de vacuno en Espa\u00f1a, Provacuno.<\/p>\n\n\n\n<p>Seg\u00fan explica el director de exportaci\u00f3n del Grupo, Ra\u00fal Delgado, \u201ceste encuentro internacional es para nosotros<strong>&nbsp;<\/strong>una buena oportunidad para abrir mercado,<strong>&nbsp;<\/strong>puesto que el japon\u00e9s es uno de los m\u00e1s importante para la carne de vacuno fuera de la Uni\u00f3n Europea. El retail japon\u00e9s estar\u00e1 representado en la feria, por lo que es para nosotros una buena oportunidad para estrechar relaciones con nuestro importador en Jap\u00f3n y para pulsar la opini\u00f3n de nuestro cliente objetivo\u201d.<\/p>\n\n\n\n<p>En la actualidad la cifra de exportaci\u00f3n de la empresa castellano-leonesa supone el 30% del volumen total de facturaci\u00f3n de la compa\u00f1\u00eda (43.5 millones de Euros en 2018),&nbsp;estando presentes Portugal, Italia, Francia, Reino Unidos, Hong Kong o Angola. La intenci\u00f3n de la firma es que para 2030 la exportaci\u00f3n pase a suponer el 70% del negocio.<\/p>\n","protected":false},"excerpt":{"rendered":"<p>Grupo Miguel Vergara\u00a0sigue trabajando en su expansi\u00f3n internacional y ha puesto especial foco en el mercado japon\u00e9s. As\u00ed, la empresa c\u00e1rnica estar\u00e1 presente, desde hoy y hasta el d\u00eda <\/p>\n","protected":false},"author":1,"featured_media":2294,"comment_status":"closed","ping_status":"closed","sticky":false,"template":"","format":"standard","meta":{"footnotes":""},"categories":[3],"tags":[123,124,125,126,127,128,129,135,136,130,137,138,131,139,132,133,134],"class_list":["post-2293","post","type-post","status-publish","format-standard","has-post-thumbnail","hentry","category-notas-de-prensa","tag-alimentacion","tag-angus","tag-beef","tag-blog","tag-blonda","tag-burger","tag-carne","tag-exportacion","tag-feria","tag-gourmet","tag-internacional","tag-mayor-cabana-ganado","tag-meat","tag-mejor-carne-del-mundo","tag-miguel-vergara","tag-the-beef-experience","tag-vacuno"],"yoast_head":"<!-- This site is optimized with the Yoast SEO plugin v27.4 - https:\/\/yoast.com\/product\/yoast-seo-wordpress\/ -->\n<title>Grupo Miguel Vergara impulsa su expansi\u00f3n internacional - Blog<\/title>\n<meta name=\"description\" content=\"Grupo Miguel Vergara presente en la 44 edici\u00f3n de la International Food and Beverage Exhibition FoodEx Japan para reforzar su expansi\u00f3n.\" \/>\n<meta name=\"robots\" content=\"index, follow, max-snippet:-1, max-image-preview:large, max-video-preview:-1\" \/>\n<link rel=\"canonical\" href=\"https:\/\/www.miguelvergara.com\/actualidad\/notas-de-prensa\/grupo-miguel-vergara-impulsa-su-expansion-internacional\/\" \/>\n<meta property=\"og:locale\" content=\"es_ES\" \/>\n<meta property=\"og:type\" content=\"article\" \/>\n<meta property=\"og:title\" content=\"Grupo Miguel Vergara impulsa su expansi\u00f3n internacional - Blog\" \/>\n<meta property=\"og:description\" content=\"Grupo Miguel Vergara presente en la 44 edici\u00f3n de la International Food and Beverage Exhibition FoodEx Japan para reforzar su expansi\u00f3n.\" \/>\n<meta property=\"og:url\" content=\"https:\/\/www.miguelvergara.com\/actualidad\/notas-de-prensa\/grupo-miguel-vergara-impulsa-su-expansion-internacional\/\" \/>\n<meta property=\"og:site_name\" content=\"Blog\" \/>\n<meta property=\"article:published_time\" content=\"2019-03-05T09:41:57+00:00\" \/>\n<meta property=\"article:modified_time\" content=\"2021-09-20T11:29:19+00:00\" \/>\n<meta property=\"og:image\" content=\"https:\/\/www.miguelvergara.com\/actualidad\/wp-content\/uploads\/2019\/03\/GMV-FoodEx-Japan-2019-1.jpg\" \/>\n\t<meta property=\"og:image:width\" content=\"1600\" \/>\n\t<meta property=\"og:image:height\" content=\"1200\" \/>\n\t<meta property=\"og:image:type\" content=\"image\/jpeg\" \/>\n<meta name=\"author\" content=\"Mhh4a0@4\" \/>\n<meta name=\"twitter:card\" content=\"summary_large_image\" \/>\n<meta name=\"twitter:label1\" content=\"Escrito por\" \/>\n\t<meta name=\"twitter:data1\" content=\"Mhh4a0@4\" \/>\n\t<meta name=\"twitter:label2\" content=\"Tiempo de lectura\" \/>\n\t<meta name=\"twitter:data2\" content=\"1 minuto\" \/>\n<script type=\"application\/ld+json\" class=\"yoast-schema-graph\">{\"@context\":\"https:\\\/\\\/schema.org\",\"@graph\":[{\"@type\":\"Article\",\"@id\":\"https:\\\/\\\/www.miguelvergara.com\\\/actualidad\\\/notas-de-prensa\\\/grupo-miguel-vergara-impulsa-su-expansion-internacional\\\/#article\",\"isPartOf\":{\"@id\":\"https:\\\/\\\/www.miguelvergara.com\\\/actualidad\\\/notas-de-prensa\\\/grupo-miguel-vergara-impulsa-su-expansion-internacional\\\/\"},\"author\":{\"name\":\"Mhh4a0@4\",\"@id\":\"https:\\\/\\\/www.miguelvergara.com\\\/actualidad\\\/#\\\/schema\\\/person\\\/273d4cc3f46c4455932a4634619cfd09\"},\"headline\":\"Grupo Miguel Vergara impulsa su expansi\u00f3n internacional\",\"datePublished\":\"2019-03-05T09:41:57+00:00\",\"dateModified\":\"2021-09-20T11:29:19+00:00\",\"mainEntityOfPage\":{\"@id\":\"https:\\\/\\\/www.miguelvergara.com\\\/actualidad\\\/notas-de-prensa\\\/grupo-miguel-vergara-impulsa-su-expansion-internacional\\\/\"},\"wordCount\":286,\"image\":{\"@id\":\"https:\\\/\\\/www.miguelvergara.com\\\/actualidad\\\/notas-de-prensa\\\/grupo-miguel-vergara-impulsa-su-expansion-internacional\\\/#primaryimage\"},\"thumbnailUrl\":\"https:\\\/\\\/www.miguelvergara.com\\\/actualidad\\\/wp-content\\\/uploads\\\/2019\\\/03\\\/GMV-FoodEx-Japan-2019-1.jpg\",\"keywords\":[\"alimentacion\",\"angus\",\"beef\",\"blog\",\"blonda\",\"burger\",\"carne\",\"exportacion\",\"feria\",\"gourmet\",\"internacional\",\"mayor caba\u00f1a ganado\",\"meat\",\"mejor carne del mundo\",\"miguel vergara\",\"the beef experience\",\"vacuno\"],\"articleSection\":[\"Notas de prensa\"],\"inLanguage\":\"es\"},{\"@type\":\"WebPage\",\"@id\":\"https:\\\/\\\/www.miguelvergara.com\\\/actualidad\\\/notas-de-prensa\\\/grupo-miguel-vergara-impulsa-su-expansion-internacional\\\/\",\"url\":\"https:\\\/\\\/www.miguelvergara.com\\\/actualidad\\\/notas-de-prensa\\\/grupo-miguel-vergara-impulsa-su-expansion-internacional\\\/\",\"name\":\"Grupo Miguel Vergara impulsa su expansi\u00f3n internacional - Blog\",\"isPartOf\":{\"@id\":\"https:\\\/\\\/www.miguelvergara.com\\\/actualidad\\\/#website\"},\"primaryImageOfPage\":{\"@id\":\"https:\\\/\\\/www.miguelvergara.com\\\/actualidad\\\/notas-de-prensa\\\/grupo-miguel-vergara-impulsa-su-expansion-internacional\\\/#primaryimage\"},\"image\":{\"@id\":\"https:\\\/\\\/www.miguelvergara.com\\\/actualidad\\\/notas-de-prensa\\\/grupo-miguel-vergara-impulsa-su-expansion-internacional\\\/#primaryimage\"},\"thumbnailUrl\":\"https:\\\/\\\/www.miguelvergara.com\\\/actualidad\\\/wp-content\\\/uploads\\\/2019\\\/03\\\/GMV-FoodEx-Japan-2019-1.jpg\",\"datePublished\":\"2019-03-05T09:41:57+00:00\",\"dateModified\":\"2021-09-20T11:29:19+00:00\",\"author\":{\"@id\":\"https:\\\/\\\/www.miguelvergara.com\\\/actualidad\\\/#\\\/schema\\\/person\\\/273d4cc3f46c4455932a4634619cfd09\"},\"description\":\"Grupo Miguel Vergara presente en la 44 edici\u00f3n de la International Food and Beverage Exhibition FoodEx Japan para reforzar su expansi\u00f3n.\",\"breadcrumb\":{\"@id\":\"https:\\\/\\\/www.miguelvergara.com\\\/actualidad\\\/notas-de-prensa\\\/grupo-miguel-vergara-impulsa-su-expansion-internacional\\\/#breadcrumb\"},\"inLanguage\":\"es\",\"potentialAction\":[{\"@type\":\"ReadAction\",\"target\":[\"https:\\\/\\\/www.miguelvergara.com\\\/actualidad\\\/notas-de-prensa\\\/grupo-miguel-vergara-impulsa-su-expansion-internacional\\\/\"]}]},{\"@type\":\"ImageObject\",\"inLanguage\":\"es\",\"@id\":\"https:\\\/\\\/www.miguelvergara.com\\\/actualidad\\\/notas-de-prensa\\\/grupo-miguel-vergara-impulsa-su-expansion-internacional\\\/#primaryimage\",\"url\":\"https:\\\/\\\/www.miguelvergara.com\\\/actualidad\\\/wp-content\\\/uploads\\\/2019\\\/03\\\/GMV-FoodEx-Japan-2019-1.jpg\",\"contentUrl\":\"https:\\\/\\\/www.miguelvergara.com\\\/actualidad\\\/wp-content\\\/uploads\\\/2019\\\/03\\\/GMV-FoodEx-Japan-2019-1.jpg\",\"width\":1600,\"height\":1200},{\"@type\":\"BreadcrumbList\",\"@id\":\"https:\\\/\\\/www.miguelvergara.com\\\/actualidad\\\/notas-de-prensa\\\/grupo-miguel-vergara-impulsa-su-expansion-internacional\\\/#breadcrumb\",\"itemListElement\":[{\"@type\":\"ListItem\",\"position\":1,\"name\":\"Portada\",\"item\":\"https:\\\/\\\/www.miguelvergara.com\\\/actualidad\\\/\"},{\"@type\":\"ListItem\",\"position\":2,\"name\":\"Grupo Miguel Vergara impulsa su expansi\u00f3n internacional\"}]},{\"@type\":\"WebSite\",\"@id\":\"https:\\\/\\\/www.miguelvergara.com\\\/actualidad\\\/#website\",\"url\":\"https:\\\/\\\/www.miguelvergara.com\\\/actualidad\\\/\",\"name\":\"Blog\",\"description\":\"\",\"potentialAction\":[{\"@type\":\"SearchAction\",\"target\":{\"@type\":\"EntryPoint\",\"urlTemplate\":\"https:\\\/\\\/www.miguelvergara.com\\\/actualidad\\\/?s={search_term_string}\"},\"query-input\":{\"@type\":\"PropertyValueSpecification\",\"valueRequired\":true,\"valueName\":\"search_term_string\"}}],\"inLanguage\":\"es\"},{\"@type\":\"Person\",\"@id\":\"https:\\\/\\\/www.miguelvergara.com\\\/actualidad\\\/#\\\/schema\\\/person\\\/273d4cc3f46c4455932a4634619cfd09\",\"name\":\"Mhh4a0@4\",\"sameAs\":[\"https:\\\/\\\/www.miguelvergara.com\\\/actualidad\"]}]}<\/script>\n<!-- \/ Yoast SEO plugin. -->","yoast_head_json":{"title":"Grupo Miguel Vergara impulsa su expansi\u00f3n internacional - Blog","description":"Grupo Miguel Vergara presente en la 44 edici\u00f3n de la International Food and Beverage Exhibition FoodEx Japan para reforzar su expansi\u00f3n.","robots":{"index":"index","follow":"follow","max-snippet":"max-snippet:-1","max-image-preview":"max-image-preview:large","max-video-preview":"max-video-preview:-1"},"canonical":"https:\/\/www.miguelvergara.com\/actualidad\/notas-de-prensa\/grupo-miguel-vergara-impulsa-su-expansion-internacional\/","og_locale":"es_ES","og_type":"article","og_title":"Grupo Miguel Vergara impulsa su expansi\u00f3n internacional - Blog","og_description":"Grupo Miguel Vergara presente en la 44 edici\u00f3n de la International Food and Beverage Exhibition FoodEx Japan para reforzar su expansi\u00f3n.","og_url":"https:\/\/www.miguelvergara.com\/actualidad\/notas-de-prensa\/grupo-miguel-vergara-impulsa-su-expansion-internacional\/","og_site_name":"Blog","article_published_time":"2019-03-05T09:41:57+00:00","article_modified_time":"2021-09-20T11:29:19+00:00","og_image":[{"width":1600,"height":1200,"url":"https:\/\/www.miguelvergara.com\/actualidad\/wp-content\/uploads\/2019\/03\/GMV-FoodEx-Japan-2019-1.jpg","type":"image\/jpeg"}],"author":"Mhh4a0@4","twitter_card":"summary_large_image","twitter_misc":{"Escrito por":"Mhh4a0@4","Tiempo de lectura":"1 minuto"},"schema":{"@context":"https:\/\/schema.org","@graph":[{"@type":"Article","@id":"https:\/\/www.miguelvergara.com\/actualidad\/notas-de-prensa\/grupo-miguel-vergara-impulsa-su-expansion-internacional\/#article","isPartOf":{"@id":"https:\/\/www.miguelvergara.com\/actualidad\/notas-de-prensa\/grupo-miguel-vergara-impulsa-su-expansion-internacional\/"},"author":{"name":"Mhh4a0@4","@id":"https:\/\/www.miguelvergara.com\/actualidad\/#\/schema\/person\/273d4cc3f46c4455932a4634619cfd09"},"headline":"Grupo Miguel Vergara impulsa su expansi\u00f3n internacional","datePublished":"2019-03-05T09:41:57+00:00","dateModified":"2021-09-20T11:29:19+00:00","mainEntityOfPage":{"@id":"https:\/\/www.miguelvergara.com\/actualidad\/notas-de-prensa\/grupo-miguel-vergara-impulsa-su-expansion-internacional\/"},"wordCount":286,"image":{"@id":"https:\/\/www.miguelvergara.com\/actualidad\/notas-de-prensa\/grupo-miguel-vergara-impulsa-su-expansion-internacional\/#primaryimage"},"thumbnailUrl":"https:\/\/www.miguelvergara.com\/actualidad\/wp-content\/uploads\/2019\/03\/GMV-FoodEx-Japan-2019-1.jpg","keywords":["alimentacion","angus","beef","blog","blonda","burger","carne","exportacion","feria","gourmet","internacional","mayor caba\u00f1a ganado","meat","mejor carne del mundo","miguel vergara","the beef experience","vacuno"],"articleSection":["Notas de prensa"],"inLanguage":"es"},{"@type":"WebPage","@id":"https:\/\/www.miguelvergara.com\/actualidad\/notas-de-prensa\/grupo-miguel-vergara-impulsa-su-expansion-internacional\/","url":"https:\/\/www.miguelvergara.com\/actualidad\/notas-de-prensa\/grupo-miguel-vergara-impulsa-su-expansion-internacional\/","name":"Grupo Miguel Vergara impulsa su expansi\u00f3n internacional - Blog","isPartOf":{"@id":"https:\/\/www.miguelvergara.com\/actualidad\/#website"},"primaryImageOfPage":{"@id":"https:\/\/www.miguelvergara.com\/actualidad\/notas-de-prensa\/grupo-miguel-vergara-impulsa-su-expansion-internacional\/#primaryimage"},"image":{"@id":"https:\/\/www.miguelvergara.com\/actualidad\/notas-de-prensa\/grupo-miguel-vergara-impulsa-su-expansion-internacional\/#primaryimage"},"thumbnailUrl":"https:\/\/www.miguelvergara.com\/actualidad\/wp-content\/uploads\/2019\/03\/GMV-FoodEx-Japan-2019-1.jpg","datePublished":"2019-03-05T09:41:57+00:00","dateModified":"2021-09-20T11:29:19+00:00","author":{"@id":"https:\/\/www.miguelvergara.com\/actualidad\/#\/schema\/person\/273d4cc3f46c4455932a4634619cfd09"},"description":"Grupo Miguel Vergara presente en la 44 edici\u00f3n de la International Food and Beverage Exhibition FoodEx Japan para reforzar su expansi\u00f3n.","breadcrumb":{"@id":"https:\/\/www.miguelvergara.com\/actualidad\/notas-de-prensa\/grupo-miguel-vergara-impulsa-su-expansion-internacional\/#breadcrumb"},"inLanguage":"es","potentialAction":[{"@type":"ReadAction","target":["https:\/\/www.miguelvergara.com\/actualidad\/notas-de-prensa\/grupo-miguel-vergara-impulsa-su-expansion-internacional\/"]}]},{"@type":"ImageObject","inLanguage":"es","@id":"https:\/\/www.miguelvergara.com\/actualidad\/notas-de-prensa\/grupo-miguel-vergara-impulsa-su-expansion-internacional\/#primaryimage","url":"https:\/\/www.miguelvergara.com\/actualidad\/wp-content\/uploads\/2019\/03\/GMV-FoodEx-Japan-2019-1.jpg","contentUrl":"https:\/\/www.miguelvergara.com\/actualidad\/wp-content\/uploads\/2019\/03\/GMV-FoodEx-Japan-2019-1.jpg","width":1600,"height":1200},{"@type":"BreadcrumbList","@id":"https:\/\/www.miguelvergara.com\/actualidad\/notas-de-prensa\/grupo-miguel-vergara-impulsa-su-expansion-internacional\/#breadcrumb","itemListElement":[{"@type":"ListItem","position":1,"name":"Portada","item":"https:\/\/www.miguelvergara.com\/actualidad\/"},{"@type":"ListItem","position":2,"name":"Grupo Miguel Vergara impulsa su expansi\u00f3n internacional"}]},{"@type":"WebSite","@id":"https:\/\/www.miguelvergara.com\/actualidad\/#website","url":"https:\/\/www.miguelvergara.com\/actualidad\/","name":"Blog","description":"","potentialAction":[{"@type":"SearchAction","target":{"@type":"EntryPoint","urlTemplate":"https:\/\/www.miguelvergara.com\/actualidad\/?s={search_term_string}"},"query-input":{"@type":"PropertyValueSpecification","valueRequired":true,"valueName":"search_term_string"}}],"inLanguage":"es"},{"@type":"Person","@id":"https:\/\/www.miguelvergara.com\/actualidad\/#\/schema\/person\/273d4cc3f46c4455932a4634619cfd09","name":"Mhh4a0@4","sameAs":["https:\/\/www.miguelvergara.com\/actualidad"]}]}},"_links":{"self":[{"href":"https:\/\/www.miguelvergara.com\/actualidad\/wp-json\/wp\/v2\/posts\/2293","targetHints":{"allow":["GET"]}}],"collection":[{"href":"https:\/\/www.miguelvergara.com\/actualidad\/wp-json\/wp\/v2\/posts"}],"about":[{"href":"https:\/\/www.miguelvergara.com\/actualidad\/wp-json\/wp\/v2\/types\/post"}],"author":[{"embeddable":true,"href":"https:\/\/www.miguelvergara.com\/actualidad\/wp-json\/wp\/v2\/users\/1"}],"replies":[{"embeddable":true,"href":"https:\/\/www.miguelvergara.com\/actualidad\/wp-json\/wp\/v2\/comments?post=2293"}],"version-history":[{"count":1,"href":"https:\/\/www.miguelvergara.com\/actualidad\/wp-json\/wp\/v2\/posts\/2293\/revisions"}],"predecessor-version":[{"id":7573,"href":"https:\/\/www.miguelvergara.com\/actualidad\/wp-json\/wp\/v2\/posts\/2293\/revisions\/7573"}],"wp:featuredmedia":[{"embeddable":true,"href":"https:\/\/www.miguelvergara.com\/actualidad\/wp-json\/wp\/v2\/media\/2294"}],"wp:attachment":[{"href":"https:\/\/www.miguelvergara.com\/actualidad\/wp-json\/wp\/v2\/media?parent=2293"}],"wp:term":[{"taxonomy":"category","embeddable":true,"href":"https:\/\/www.miguelvergara.com\/actualidad\/wp-json\/wp\/v2\/categories?post=2293"},{"taxonomy":"post_tag","embeddable":true,"href":"https:\/\/www.miguelvergara.com\/actualidad\/wp-json\/wp\/v2\/tags?post=2293"}],"curies":[{"name":"wp","href":"https:\/\/api.w.org\/{rel}","templated":true}]}}