{"id":2321,"date":"2019-03-18T14:04:42","date_gmt":"2019-03-18T14:04:42","guid":{"rendered":"https:\/\/www.miguelvergara.com\/?p=2321"},"modified":"2022-07-29T10:59:25","modified_gmt":"2022-07-29T08:59:25","slug":"visita-el-stand-h8d30-de-grupo-miguel-vergara-en-el-33-salon-gourmets","status":"publish","type":"post","link":"https:\/\/www.miguelvergara.com\/actualidad\/notas-de-prensa\/visita-el-stand-h8d30-de-grupo-miguel-vergara-en-el-33-salon-gourmets\/","title":{"rendered":"Visita el stand H8D30 de Grupo Miguel Vergara en el 33 Sal\u00f3n Gourmets"},"content":{"rendered":"\n<ul class=\"wp-block-list\"><li><strong>La empresa vallisoletana asiste al Certamen Internacional<\/strong><strong> entre los d\u00cdas 8 y 11 de Abril en IFEMA<\/strong><\/li><li><strong>La firma presentar\u00e1 nuevos cortes de su marca premium \u00abAngus by Miguel Vergara\u00bb<\/strong><\/li><\/ul>\n\n\n\n<!--more-->\n\n\n\n<div class=\"wp-block-image\"><figure class=\"aligncenter size-large\"><img decoding=\"async\" src=\"https:\/\/www.miguelvergara.com\/actualidad\/wp-content\/uploads\/2021\/01\/SALON-GOURMETS-MV-e1552919487899-1-370x230-1.jpg\" alt=\"\" class=\"wp-image-7584\"\/><\/figure><\/div>\n\n\n\n<p><strong>Valladolid, 18 de marzo de 2019.-<\/strong> Grupo Miguel Vergara estar\u00e1 presente, entre los d\u00edas 8 y 11 de abril, en la 33 edici\u00f3n del Sal\u00f3n Gourmet en IFEMA Madrid. Se trata una de las mayores ferias de alimentos y bebidas del mundo y en ella la marca asiste con espacio propio dentro del pabell\u00f3n 8. Su stand es el H8D30 y en \u00e9l, se mostrar\u00e1 al visitante los nuevos cortes de su marca premium \u00abAngus by Miguel Vergara\u00bb.<\/p>\n","protected":false},"excerpt":{"rendered":"<p>Grupo Miguel Vergara\u00a0sigue trabajando en su expansi\u00f3n internacional y ha puesto especial foco en el mercado japon\u00e9s. As\u00ed, la empresa c\u00e1rnica estar\u00e1 presente, desde hoy y hasta el d\u00eda <\/p>\n","protected":false},"author":1,"featured_media":2327,"comment_status":"closed","ping_status":"closed","sticky":false,"template":"","format":"standard","meta":{"footnotes":""},"categories":[3],"tags":[123,124,125,126,127,128,129,135,136,130,140,137,138,131,139,132,141,142,133,134,143],"class_list":["post-2321","post","type-post","status-publish","format-standard","has-post-thumbnail","hentry","category-notas-de-prensa","tag-alimentacion","tag-angus","tag-beef","tag-blog","tag-blonda","tag-burger","tag-carne","tag-exportacion","tag-feria","tag-gourmet","tag-gourmets","tag-internacional","tag-mayor-cabana-ganado","tag-meat","tag-mejor-carne-del-mundo","tag-miguel-vergara","tag-salon","tag-stand","tag-the-beef-experience","tag-vacuno","tag-visita"],"yoast_head":"<!-- This site is optimized with the Yoast SEO plugin v27.4 - https:\/\/yoast.com\/product\/yoast-seo-wordpress\/ -->\n<title>Grupo Miguel Vergara en el Sal\u00f3n Gourmets en IFEMA - Blog<\/title>\n<meta name=\"description\" content=\"Estaremos en el Stand H8D30 en esta 33\u00aa edici\u00f3n del Sal\u00f3n Gourmets en una de las mayores ferias de alimentaci\u00f3n y bebidas del mundo\" \/>\n<meta name=\"robots\" content=\"index, follow, max-snippet:-1, max-image-preview:large, max-video-preview:-1\" \/>\n<link rel=\"canonical\" href=\"https:\/\/www.miguelvergara.com\/actualidad\/notas-de-prensa\/visita-el-stand-h8d30-de-grupo-miguel-vergara-en-el-33-salon-gourmets\/\" \/>\n<meta property=\"og:locale\" content=\"es_ES\" \/>\n<meta property=\"og:type\" content=\"article\" \/>\n<meta property=\"og:title\" content=\"Grupo Miguel Vergara en el Sal\u00f3n Gourmets en IFEMA - Blog\" \/>\n<meta property=\"og:description\" content=\"Estaremos en el Stand H8D30 en esta 33\u00aa edici\u00f3n del Sal\u00f3n Gourmets en una de las mayores ferias de alimentaci\u00f3n y bebidas del mundo\" \/>\n<meta property=\"og:url\" content=\"https:\/\/www.miguelvergara.com\/actualidad\/notas-de-prensa\/visita-el-stand-h8d30-de-grupo-miguel-vergara-en-el-33-salon-gourmets\/\" \/>\n<meta property=\"og:site_name\" content=\"Blog\" \/>\n<meta property=\"article:published_time\" content=\"2019-03-18T14:04:42+00:00\" \/>\n<meta property=\"article:modified_time\" content=\"2022-07-29T08:59:25+00:00\" \/>\n<meta property=\"og:image\" content=\"https:\/\/www.miguelvergara.com\/actualidad\/wp-content\/uploads\/2019\/03\/SALON-GOURMETS-MV-e1552919487899-1.jpg\" \/>\n\t<meta property=\"og:image:width\" content=\"720\" \/>\n\t<meta property=\"og:image:height\" content=\"449\" \/>\n\t<meta property=\"og:image:type\" content=\"image\/jpeg\" \/>\n<meta name=\"author\" content=\"Mhh4a0@4\" \/>\n<meta name=\"twitter:card\" content=\"summary_large_image\" \/>\n<meta name=\"twitter:label1\" content=\"Escrito por\" \/>\n\t<meta name=\"twitter:data1\" content=\"Mhh4a0@4\" \/>\n\t<meta name=\"twitter:label2\" content=\"Tiempo de lectura\" \/>\n\t<meta name=\"twitter:data2\" content=\"1 minuto\" \/>\n<script type=\"application\/ld+json\" class=\"yoast-schema-graph\">{\"@context\":\"https:\\\/\\\/schema.org\",\"@graph\":[{\"@type\":\"Article\",\"@id\":\"https:\\\/\\\/www.miguelvergara.com\\\/actualidad\\\/notas-de-prensa\\\/visita-el-stand-h8d30-de-grupo-miguel-vergara-en-el-33-salon-gourmets\\\/#article\",\"isPartOf\":{\"@id\":\"https:\\\/\\\/www.miguelvergara.com\\\/actualidad\\\/notas-de-prensa\\\/visita-el-stand-h8d30-de-grupo-miguel-vergara-en-el-33-salon-gourmets\\\/\"},\"author\":{\"name\":\"Mhh4a0@4\",\"@id\":\"https:\\\/\\\/www.miguelvergara.com\\\/actualidad\\\/#\\\/schema\\\/person\\\/273d4cc3f46c4455932a4634619cfd09\"},\"headline\":\"Visita el stand H8D30 de Grupo Miguel Vergara en el 33 Sal\u00f3n Gourmets\",\"datePublished\":\"2019-03-18T14:04:42+00:00\",\"dateModified\":\"2022-07-29T08:59:25+00:00\",\"mainEntityOfPage\":{\"@id\":\"https:\\\/\\\/www.miguelvergara.com\\\/actualidad\\\/notas-de-prensa\\\/visita-el-stand-h8d30-de-grupo-miguel-vergara-en-el-33-salon-gourmets\\\/\"},\"wordCount\":121,\"image\":{\"@id\":\"https:\\\/\\\/www.miguelvergara.com\\\/actualidad\\\/notas-de-prensa\\\/visita-el-stand-h8d30-de-grupo-miguel-vergara-en-el-33-salon-gourmets\\\/#primaryimage\"},\"thumbnailUrl\":\"https:\\\/\\\/www.miguelvergara.com\\\/actualidad\\\/wp-content\\\/uploads\\\/2019\\\/03\\\/SALON-GOURMETS-MV-e1552919487899-1.jpg\",\"keywords\":[\"alimentacion\",\"angus\",\"beef\",\"blog\",\"blonda\",\"burger\",\"carne\",\"exportacion\",\"feria\",\"gourmet\",\"gourmets\",\"internacional\",\"mayor caba\u00f1a ganado\",\"meat\",\"mejor carne del mundo\",\"miguel vergara\",\"salon\",\"stand\",\"the beef experience\",\"vacuno\",\"visita\"],\"articleSection\":[\"Notas de prensa\"],\"inLanguage\":\"es\"},{\"@type\":\"WebPage\",\"@id\":\"https:\\\/\\\/www.miguelvergara.com\\\/actualidad\\\/notas-de-prensa\\\/visita-el-stand-h8d30-de-grupo-miguel-vergara-en-el-33-salon-gourmets\\\/\",\"url\":\"https:\\\/\\\/www.miguelvergara.com\\\/actualidad\\\/notas-de-prensa\\\/visita-el-stand-h8d30-de-grupo-miguel-vergara-en-el-33-salon-gourmets\\\/\",\"name\":\"Grupo Miguel Vergara en el Sal\u00f3n Gourmets en IFEMA - Blog\",\"isPartOf\":{\"@id\":\"https:\\\/\\\/www.miguelvergara.com\\\/actualidad\\\/#website\"},\"primaryImageOfPage\":{\"@id\":\"https:\\\/\\\/www.miguelvergara.com\\\/actualidad\\\/notas-de-prensa\\\/visita-el-stand-h8d30-de-grupo-miguel-vergara-en-el-33-salon-gourmets\\\/#primaryimage\"},\"image\":{\"@id\":\"https:\\\/\\\/www.miguelvergara.com\\\/actualidad\\\/notas-de-prensa\\\/visita-el-stand-h8d30-de-grupo-miguel-vergara-en-el-33-salon-gourmets\\\/#primaryimage\"},\"thumbnailUrl\":\"https:\\\/\\\/www.miguelvergara.com\\\/actualidad\\\/wp-content\\\/uploads\\\/2019\\\/03\\\/SALON-GOURMETS-MV-e1552919487899-1.jpg\",\"datePublished\":\"2019-03-18T14:04:42+00:00\",\"dateModified\":\"2022-07-29T08:59:25+00:00\",\"author\":{\"@id\":\"https:\\\/\\\/www.miguelvergara.com\\\/actualidad\\\/#\\\/schema\\\/person\\\/273d4cc3f46c4455932a4634619cfd09\"},\"description\":\"Estaremos en el Stand H8D30 en esta 33\u00aa edici\u00f3n del Sal\u00f3n Gourmets en una de las mayores ferias de alimentaci\u00f3n y bebidas del mundo\",\"breadcrumb\":{\"@id\":\"https:\\\/\\\/www.miguelvergara.com\\\/actualidad\\\/notas-de-prensa\\\/visita-el-stand-h8d30-de-grupo-miguel-vergara-en-el-33-salon-gourmets\\\/#breadcrumb\"},\"inLanguage\":\"es\",\"potentialAction\":[{\"@type\":\"ReadAction\",\"target\":[\"https:\\\/\\\/www.miguelvergara.com\\\/actualidad\\\/notas-de-prensa\\\/visita-el-stand-h8d30-de-grupo-miguel-vergara-en-el-33-salon-gourmets\\\/\"]}]},{\"@type\":\"ImageObject\",\"inLanguage\":\"es\",\"@id\":\"https:\\\/\\\/www.miguelvergara.com\\\/actualidad\\\/notas-de-prensa\\\/visita-el-stand-h8d30-de-grupo-miguel-vergara-en-el-33-salon-gourmets\\\/#primaryimage\",\"url\":\"https:\\\/\\\/www.miguelvergara.com\\\/actualidad\\\/wp-content\\\/uploads\\\/2019\\\/03\\\/SALON-GOURMETS-MV-e1552919487899-1.jpg\",\"contentUrl\":\"https:\\\/\\\/www.miguelvergara.com\\\/actualidad\\\/wp-content\\\/uploads\\\/2019\\\/03\\\/SALON-GOURMETS-MV-e1552919487899-1.jpg\",\"width\":720,\"height\":449},{\"@type\":\"BreadcrumbList\",\"@id\":\"https:\\\/\\\/www.miguelvergara.com\\\/actualidad\\\/notas-de-prensa\\\/visita-el-stand-h8d30-de-grupo-miguel-vergara-en-el-33-salon-gourmets\\\/#breadcrumb\",\"itemListElement\":[{\"@type\":\"ListItem\",\"position\":1,\"name\":\"Portada\",\"item\":\"https:\\\/\\\/www.miguelvergara.com\\\/actualidad\\\/\"},{\"@type\":\"ListItem\",\"position\":2,\"name\":\"Visita el stand H8D30 de Grupo Miguel Vergara en el 33 Sal\u00f3n Gourmets\"}]},{\"@type\":\"WebSite\",\"@id\":\"https:\\\/\\\/www.miguelvergara.com\\\/actualidad\\\/#website\",\"url\":\"https:\\\/\\\/www.miguelvergara.com\\\/actualidad\\\/\",\"name\":\"Blog\",\"description\":\"\",\"potentialAction\":[{\"@type\":\"SearchAction\",\"target\":{\"@type\":\"EntryPoint\",\"urlTemplate\":\"https:\\\/\\\/www.miguelvergara.com\\\/actualidad\\\/?s={search_term_string}\"},\"query-input\":{\"@type\":\"PropertyValueSpecification\",\"valueRequired\":true,\"valueName\":\"search_term_string\"}}],\"inLanguage\":\"es\"},{\"@type\":\"Person\",\"@id\":\"https:\\\/\\\/www.miguelvergara.com\\\/actualidad\\\/#\\\/schema\\\/person\\\/273d4cc3f46c4455932a4634619cfd09\",\"name\":\"Mhh4a0@4\",\"sameAs\":[\"https:\\\/\\\/www.miguelvergara.com\\\/actualidad\"]}]}<\/script>\n<!-- \/ Yoast SEO plugin. -->","yoast_head_json":{"title":"Grupo Miguel Vergara en el Sal\u00f3n Gourmets en IFEMA - Blog","description":"Estaremos en el Stand H8D30 en esta 33\u00aa edici\u00f3n del Sal\u00f3n Gourmets en una de las mayores ferias de alimentaci\u00f3n y bebidas del mundo","robots":{"index":"index","follow":"follow","max-snippet":"max-snippet:-1","max-image-preview":"max-image-preview:large","max-video-preview":"max-video-preview:-1"},"canonical":"https:\/\/www.miguelvergara.com\/actualidad\/notas-de-prensa\/visita-el-stand-h8d30-de-grupo-miguel-vergara-en-el-33-salon-gourmets\/","og_locale":"es_ES","og_type":"article","og_title":"Grupo Miguel Vergara en el Sal\u00f3n Gourmets en IFEMA - Blog","og_description":"Estaremos en el Stand H8D30 en esta 33\u00aa edici\u00f3n del Sal\u00f3n Gourmets en una de las mayores ferias de alimentaci\u00f3n y bebidas del mundo","og_url":"https:\/\/www.miguelvergara.com\/actualidad\/notas-de-prensa\/visita-el-stand-h8d30-de-grupo-miguel-vergara-en-el-33-salon-gourmets\/","og_site_name":"Blog","article_published_time":"2019-03-18T14:04:42+00:00","article_modified_time":"2022-07-29T08:59:25+00:00","og_image":[{"width":720,"height":449,"url":"https:\/\/www.miguelvergara.com\/actualidad\/wp-content\/uploads\/2019\/03\/SALON-GOURMETS-MV-e1552919487899-1.jpg","type":"image\/jpeg"}],"author":"Mhh4a0@4","twitter_card":"summary_large_image","twitter_misc":{"Escrito por":"Mhh4a0@4","Tiempo de lectura":"1 minuto"},"schema":{"@context":"https:\/\/schema.org","@graph":[{"@type":"Article","@id":"https:\/\/www.miguelvergara.com\/actualidad\/notas-de-prensa\/visita-el-stand-h8d30-de-grupo-miguel-vergara-en-el-33-salon-gourmets\/#article","isPartOf":{"@id":"https:\/\/www.miguelvergara.com\/actualidad\/notas-de-prensa\/visita-el-stand-h8d30-de-grupo-miguel-vergara-en-el-33-salon-gourmets\/"},"author":{"name":"Mhh4a0@4","@id":"https:\/\/www.miguelvergara.com\/actualidad\/#\/schema\/person\/273d4cc3f46c4455932a4634619cfd09"},"headline":"Visita el stand H8D30 de Grupo Miguel Vergara en el 33 Sal\u00f3n Gourmets","datePublished":"2019-03-18T14:04:42+00:00","dateModified":"2022-07-29T08:59:25+00:00","mainEntityOfPage":{"@id":"https:\/\/www.miguelvergara.com\/actualidad\/notas-de-prensa\/visita-el-stand-h8d30-de-grupo-miguel-vergara-en-el-33-salon-gourmets\/"},"wordCount":121,"image":{"@id":"https:\/\/www.miguelvergara.com\/actualidad\/notas-de-prensa\/visita-el-stand-h8d30-de-grupo-miguel-vergara-en-el-33-salon-gourmets\/#primaryimage"},"thumbnailUrl":"https:\/\/www.miguelvergara.com\/actualidad\/wp-content\/uploads\/2019\/03\/SALON-GOURMETS-MV-e1552919487899-1.jpg","keywords":["alimentacion","angus","beef","blog","blonda","burger","carne","exportacion","feria","gourmet","gourmets","internacional","mayor caba\u00f1a ganado","meat","mejor carne del mundo","miguel vergara","salon","stand","the beef experience","vacuno","visita"],"articleSection":["Notas de prensa"],"inLanguage":"es"},{"@type":"WebPage","@id":"https:\/\/www.miguelvergara.com\/actualidad\/notas-de-prensa\/visita-el-stand-h8d30-de-grupo-miguel-vergara-en-el-33-salon-gourmets\/","url":"https:\/\/www.miguelvergara.com\/actualidad\/notas-de-prensa\/visita-el-stand-h8d30-de-grupo-miguel-vergara-en-el-33-salon-gourmets\/","name":"Grupo Miguel Vergara en el Sal\u00f3n Gourmets en IFEMA - Blog","isPartOf":{"@id":"https:\/\/www.miguelvergara.com\/actualidad\/#website"},"primaryImageOfPage":{"@id":"https:\/\/www.miguelvergara.com\/actualidad\/notas-de-prensa\/visita-el-stand-h8d30-de-grupo-miguel-vergara-en-el-33-salon-gourmets\/#primaryimage"},"image":{"@id":"https:\/\/www.miguelvergara.com\/actualidad\/notas-de-prensa\/visita-el-stand-h8d30-de-grupo-miguel-vergara-en-el-33-salon-gourmets\/#primaryimage"},"thumbnailUrl":"https:\/\/www.miguelvergara.com\/actualidad\/wp-content\/uploads\/2019\/03\/SALON-GOURMETS-MV-e1552919487899-1.jpg","datePublished":"2019-03-18T14:04:42+00:00","dateModified":"2022-07-29T08:59:25+00:00","author":{"@id":"https:\/\/www.miguelvergara.com\/actualidad\/#\/schema\/person\/273d4cc3f46c4455932a4634619cfd09"},"description":"Estaremos en el Stand H8D30 en esta 33\u00aa edici\u00f3n del Sal\u00f3n Gourmets en una de las mayores ferias de alimentaci\u00f3n y bebidas del mundo","breadcrumb":{"@id":"https:\/\/www.miguelvergara.com\/actualidad\/notas-de-prensa\/visita-el-stand-h8d30-de-grupo-miguel-vergara-en-el-33-salon-gourmets\/#breadcrumb"},"inLanguage":"es","potentialAction":[{"@type":"ReadAction","target":["https:\/\/www.miguelvergara.com\/actualidad\/notas-de-prensa\/visita-el-stand-h8d30-de-grupo-miguel-vergara-en-el-33-salon-gourmets\/"]}]},{"@type":"ImageObject","inLanguage":"es","@id":"https:\/\/www.miguelvergara.com\/actualidad\/notas-de-prensa\/visita-el-stand-h8d30-de-grupo-miguel-vergara-en-el-33-salon-gourmets\/#primaryimage","url":"https:\/\/www.miguelvergara.com\/actualidad\/wp-content\/uploads\/2019\/03\/SALON-GOURMETS-MV-e1552919487899-1.jpg","contentUrl":"https:\/\/www.miguelvergara.com\/actualidad\/wp-content\/uploads\/2019\/03\/SALON-GOURMETS-MV-e1552919487899-1.jpg","width":720,"height":449},{"@type":"BreadcrumbList","@id":"https:\/\/www.miguelvergara.com\/actualidad\/notas-de-prensa\/visita-el-stand-h8d30-de-grupo-miguel-vergara-en-el-33-salon-gourmets\/#breadcrumb","itemListElement":[{"@type":"ListItem","position":1,"name":"Portada","item":"https:\/\/www.miguelvergara.com\/actualidad\/"},{"@type":"ListItem","position":2,"name":"Visita el stand H8D30 de Grupo Miguel Vergara en el 33 Sal\u00f3n Gourmets"}]},{"@type":"WebSite","@id":"https:\/\/www.miguelvergara.com\/actualidad\/#website","url":"https:\/\/www.miguelvergara.com\/actualidad\/","name":"Blog","description":"","potentialAction":[{"@type":"SearchAction","target":{"@type":"EntryPoint","urlTemplate":"https:\/\/www.miguelvergara.com\/actualidad\/?s={search_term_string}"},"query-input":{"@type":"PropertyValueSpecification","valueRequired":true,"valueName":"search_term_string"}}],"inLanguage":"es"},{"@type":"Person","@id":"https:\/\/www.miguelvergara.com\/actualidad\/#\/schema\/person\/273d4cc3f46c4455932a4634619cfd09","name":"Mhh4a0@4","sameAs":["https:\/\/www.miguelvergara.com\/actualidad"]}]}},"_links":{"self":[{"href":"https:\/\/www.miguelvergara.com\/actualidad\/wp-json\/wp\/v2\/posts\/2321","targetHints":{"allow":["GET"]}}],"collection":[{"href":"https:\/\/www.miguelvergara.com\/actualidad\/wp-json\/wp\/v2\/posts"}],"about":[{"href":"https:\/\/www.miguelvergara.com\/actualidad\/wp-json\/wp\/v2\/types\/post"}],"author":[{"embeddable":true,"href":"https:\/\/www.miguelvergara.com\/actualidad\/wp-json\/wp\/v2\/users\/1"}],"replies":[{"embeddable":true,"href":"https:\/\/www.miguelvergara.com\/actualidad\/wp-json\/wp\/v2\/comments?post=2321"}],"version-history":[{"count":2,"href":"https:\/\/www.miguelvergara.com\/actualidad\/wp-json\/wp\/v2\/posts\/2321\/revisions"}],"predecessor-version":[{"id":8972,"href":"https:\/\/www.miguelvergara.com\/actualidad\/wp-json\/wp\/v2\/posts\/2321\/revisions\/8972"}],"wp:featuredmedia":[{"embeddable":true,"href":"https:\/\/www.miguelvergara.com\/actualidad\/wp-json\/wp\/v2\/media\/2327"}],"wp:attachment":[{"href":"https:\/\/www.miguelvergara.com\/actualidad\/wp-json\/wp\/v2\/media?parent=2321"}],"wp:term":[{"taxonomy":"category","embeddable":true,"href":"https:\/\/www.miguelvergara.com\/actualidad\/wp-json\/wp\/v2\/categories?post=2321"},{"taxonomy":"post_tag","embeddable":true,"href":"https:\/\/www.miguelvergara.com\/actualidad\/wp-json\/wp\/v2\/tags?post=2321"}],"curies":[{"name":"wp","href":"https:\/\/api.w.org\/{rel}","templated":true}]}}