{"id":2438,"date":"2019-06-21T09:31:29","date_gmt":"2019-06-21T09:31:29","guid":{"rendered":"https:\/\/www.miguelvergara.com\/?p=2438"},"modified":"2021-09-20T13:33:42","modified_gmt":"2021-09-20T11:33:42","slug":"grupo-miguel-vergara-lanza-vergara-life-proyecto-para-la-obtencion-del-angus-selecto-espanol-y-la-profesionalizacion-de-la-produccion-de-vacas-nodrizas","status":"publish","type":"post","link":"https:\/\/www.miguelvergara.com\/actualidad\/notas-de-prensa\/grupo-miguel-vergara-lanza-vergara-life-proyecto-para-la-obtencion-del-angus-selecto-espanol-y-la-profesionalizacion-de-la-produccion-de-vacas-nodrizas\/","title":{"rendered":"Grupo Miguel Vergara lanza \u201cVergara Life\u201d proyecto para la obtenci\u00f3n del Angus selecto espa\u00f1ol y la          profesionalizaci\u00f3n de la producci\u00f3n de vacas nodrizas"},"content":{"rendered":"<ul>\n<li style=\"text-align: left;\"><strong>Surge como respuesta a las exigencias de m\u00e1xima calidad del consumidor y por el deseo del Grupo de obtener productos homog\u00e9neos y excelentes<\/strong><\/li>\n<li style=\"text-align: left;\"><strong>Se firmar\u00e1n acuerdos econ\u00f3micos a precios fijos que aseguren la rentabilidad de las explotaciones ganaderas<\/strong><\/li>\n<li style=\"text-align: left;\"><strong>La Finca Ba\u00f1os de Ledesma contar\u00e1 con un novedoso centro intensivo de reproducci\u00f3n asistida de animales \u201c\u00e9lite\u201d<\/strong><\/li>\n<\/ul>\n<p><!--more--><\/p>\n<p><strong style=\"word-spacing: normal;\"><img loading=\"lazy\" decoding=\"async\" class=\"alignnone wp-image-2440 size-full\" src=\"https:\/\/www.miguelvergara.com\/actualidad\/wp-content\/uploads\/2019\/06\/B2A4834-copia-1.jpg\" alt=\"\" width=\"800\" height=\"533\" srcset=\"https:\/\/www.miguelvergara.com\/actualidad\/wp-content\/uploads\/2019\/06\/B2A4834-copia-1.jpg 800w, https:\/\/www.miguelvergara.com\/actualidad\/wp-content\/uploads\/2019\/06\/B2A4834-copia-1-768x512.jpg 768w\" sizes=\"auto, (max-width: 800px) 100vw, 800px\" \/>Valladolid, 21 de junio de 2019.- <\/strong>Grupo Miguel Vergara acaba de lanzar <strong><em>Vergara Life<\/em><\/strong>, un proyecto de investigaci\u00f3n y colaboraci\u00f3n empresarial pionero en nuestro pa\u00eds que busca la mejora gen\u00e9tica de la caba\u00f1a ganadera de raza Aberdeen Angus, de la que el Grupo vallisoletano es m\u00e1ximo productor de Espa\u00f1a, y la profesionalizaci\u00f3n del sector productivo de vacas nodrizas.<\/p>\n<p><em><strong>Vergara Life<\/strong> <\/em>surge como respuesta tanto a las exigencias de calidad de los consumidores, como al principio de obtenci\u00f3n de productos excelentes del propio Grupo. Tambi\u00e9n buscando la colaboraci\u00f3n y transmisi\u00f3n de conocimientos y experiencia con otros ganaderos de vacuno mediante la creaci\u00f3n de v\u00ednculos empresariales que aseguran la viabilidad y la rentabilidad de sus explotaciones.<\/p>\n<p>La raza Aberdeen Angus ofrece una carne de calidad excelente gracias a su infiltraci\u00f3n, terneza y jugosidad. La docilidad, nobleza y rusticidad del animal son \u00fanicas, lo que sumado a la inmejorable aptitud maternal hacen de la raza de origen escoc\u00e9s la \u00f3ptima candidata para las explotaciones de vacas nodrizas.<\/p>\n<p>As\u00ed, una de las numerosas ventajas de esta iniciativa radica en la selecci\u00f3n inicial del ganado. Dentro de la alta variabilidad de animales y calidades que ofrece el mercado, Grupo Miguel Vergara ha desarrollado un est\u00e1ndar de selecci\u00f3n para reproductores facilitando la adquisici\u00f3n de animales de alto valor gen\u00e9tico para aquellos par\u00e1metros que ayuden a optimizar la productividad y permitan obtener un producto homog\u00e9neo y de calidad excelente.<\/p>\n<p><strong>Centro de reproducci\u00f3n<\/strong><\/p>\n<p>En el n\u00facleo del proyecto, la Finca Ba\u00f1os de Ledesma que Grupo Miguel Vergara posee en la provincia de Salamanca, ya se han iniciado las obras para la construcci\u00f3n de un centro de reproducci\u00f3n para intensificar la obtenci\u00f3n de animales \u00e9lite mediante las m\u00e1s novedosas t\u00e9cnicas de reproducci\u00f3n asistida (inseminaci\u00f3n y embrionaje) y poder asesorar a otras ganader\u00edas que lo requieran.<\/p>\n<p>En este sentido, M\u00aa Jos\u00e9 Castro, veterinaria del Grupo, afirma \u201c<em>queremos apoyar y transmitir nuestra experiencia a todas aquellas personas que quieran sumarse al proyecto. Nos comprometemos a asegurar la rentabilidad de nuestros colaboradores y conseguir productos de calidad. Nuestra implicaci\u00f3n con ellos ser\u00e1 absoluta\u201d. <\/em><\/p>\n<p>Gracias a los numerosos avances en I+D del Grupo empresarial, todos los factores implicados en el proceso productivo como son el manejo nutricional, el reproductivo, el sanitario o la mejora gen\u00e9tica son cuidadosamente analizados y adaptados para un perfeccionamiento continuo.<\/p>\n<p>Adem\u00e1s,<strong> <em>Vergara Life<\/em><\/strong> estudia cada caso de forma individual y asegura la compra de todos los terneros obtenidos en diferentes fases productivas, adapt\u00e1ndose a la disponibilidad del ganadero y siempre buscando la forma de mejorar su rentabilidad. El precio ser\u00e1 fijo e invariable ante las fluctuaciones de la lonja, eliminando la incertidumbre de la valoraci\u00f3n de los productos y por lo tanto, permitiendo obtener datos econ\u00f3micos m\u00e1s precisos a la hora de evaluar la rentabilidad de cada negocio.<\/p>\n<p>Por \u00faltimo, Castro informa que \u201c<em>la aceptaci\u00f3n y la curiosidad que despierta \u201cVergara life\u201d est\u00e1 siendo incre\u00edble. En un modelo de negocio cuyos m\u00e1rgenes econ\u00f3micos son tan escasos, necesitamos tender hacia la profesionalidad y buscar sinergias para obtener el m\u00e1ximo beneficio a nuestro esfuerzo e inversi\u00f3n. Estamos seguros de que va a ser un \u00e9xito, ya contamos con numerosos acuerdos en varias comunidades aut\u00f3nomas y la previsi\u00f3n es seguir aumentando\u201d. <\/em><\/p>\n","protected":false},"excerpt":{"rendered":"<p>Grupo Miguel Vergara acaba de lanzar Vergara Life, un proyecto de investigaci\u00f3n y colaboraci\u00f3n empresarial pionero en nuestro pa\u00eds que busca la mejora gen\u00e9tica de la caba\u00f1a ganadera de raza Aberdeen Angus, de la que el Grupo vallisoletano es m\u00e1ximo productor de Espa\u00f1a, y la profesionalizaci\u00f3n del sector productivo de vacas nodrizas.<\/p>\n","protected":false},"author":1,"featured_media":1241,"comment_status":"closed","ping_status":"closed","sticky":false,"template":"","format":"standard","meta":{"footnotes":""},"categories":[3],"tags":[151,124,152,153,154,132,155,156,157,158,134,159],"class_list":["post-2438","post","type-post","status-publish","format-standard","has-post-thumbnail","hentry","category-notas-de-prensa","tag-acuerdo","tag-angus","tag-calidad","tag-ganaderia","tag-genotipado","tag-miguel-vergara","tag-proyecto","tag-raza","tag-rentabilidad","tag-reproduccion","tag-vacuno","tag-vergara-life"],"yoast_head":"<!-- This site is optimized with the Yoast SEO plugin v27.4 - https:\/\/yoast.com\/product\/yoast-seo-wordpress\/ -->\n<title>Grupo Miguel Vergara lanza su proyecto Vergara Life - Blog<\/title>\n<meta name=\"description\" content=\"Este proyecto de investigaci\u00f3n busca la mejora gen\u00e9tica de la raza Angus para proporcionar la m\u00e1xima calidad al consumidor final.\" \/>\n<meta name=\"robots\" content=\"index, follow, max-snippet:-1, max-image-preview:large, max-video-preview:-1\" \/>\n<link rel=\"canonical\" href=\"https:\/\/www.miguelvergara.com\/actualidad\/notas-de-prensa\/grupo-miguel-vergara-lanza-vergara-life-proyecto-para-la-obtencion-del-angus-selecto-espanol-y-la-profesionalizacion-de-la-produccion-de-vacas-nodrizas\/\" \/>\n<meta property=\"og:locale\" content=\"es_ES\" \/>\n<meta property=\"og:type\" content=\"article\" \/>\n<meta property=\"og:title\" content=\"Grupo Miguel Vergara lanza su proyecto Vergara Life - Blog\" \/>\n<meta property=\"og:description\" content=\"Este proyecto de investigaci\u00f3n busca la mejora gen\u00e9tica de la raza Angus para proporcionar la m\u00e1xima calidad al consumidor final.\" \/>\n<meta property=\"og:url\" content=\"https:\/\/www.miguelvergara.com\/actualidad\/notas-de-prensa\/grupo-miguel-vergara-lanza-vergara-life-proyecto-para-la-obtencion-del-angus-selecto-espanol-y-la-profesionalizacion-de-la-produccion-de-vacas-nodrizas\/\" \/>\n<meta property=\"og:site_name\" content=\"Blog\" \/>\n<meta property=\"article:published_time\" content=\"2019-06-21T09:31:29+00:00\" \/>\n<meta property=\"article:modified_time\" content=\"2021-09-20T11:33:42+00:00\" \/>\n<meta property=\"og:image\" content=\"https:\/\/www.miguelvergara.com\/actualidad\/wp-content\/uploads\/2017\/06\/instalaciones-miguel-vergara-1.jpg\" \/>\n\t<meta property=\"og:image:width\" content=\"1385\" \/>\n\t<meta property=\"og:image:height\" content=\"936\" \/>\n\t<meta property=\"og:image:type\" content=\"image\/jpeg\" \/>\n<meta name=\"author\" content=\"Mhh4a0@4\" \/>\n<meta name=\"twitter:card\" content=\"summary_large_image\" \/>\n<meta name=\"twitter:label1\" content=\"Escrito por\" \/>\n\t<meta name=\"twitter:data1\" content=\"Mhh4a0@4\" \/>\n\t<meta name=\"twitter:label2\" content=\"Tiempo de lectura\" \/>\n\t<meta name=\"twitter:data2\" content=\"3 minutos\" \/>\n<script type=\"application\/ld+json\" class=\"yoast-schema-graph\">{\"@context\":\"https:\\\/\\\/schema.org\",\"@graph\":[{\"@type\":\"Article\",\"@id\":\"https:\\\/\\\/www.miguelvergara.com\\\/actualidad\\\/notas-de-prensa\\\/grupo-miguel-vergara-lanza-vergara-life-proyecto-para-la-obtencion-del-angus-selecto-espanol-y-la-profesionalizacion-de-la-produccion-de-vacas-nodrizas\\\/#article\",\"isPartOf\":{\"@id\":\"https:\\\/\\\/www.miguelvergara.com\\\/actualidad\\\/notas-de-prensa\\\/grupo-miguel-vergara-lanza-vergara-life-proyecto-para-la-obtencion-del-angus-selecto-espanol-y-la-profesionalizacion-de-la-produccion-de-vacas-nodrizas\\\/\"},\"author\":{\"name\":\"Mhh4a0@4\",\"@id\":\"https:\\\/\\\/www.miguelvergara.com\\\/actualidad\\\/#\\\/schema\\\/person\\\/273d4cc3f46c4455932a4634619cfd09\"},\"headline\":\"Grupo Miguel Vergara lanza \u201cVergara Life\u201d proyecto para la obtenci\u00f3n del Angus selecto espa\u00f1ol y la profesionalizaci\u00f3n de la producci\u00f3n de vacas nodrizas\",\"datePublished\":\"2019-06-21T09:31:29+00:00\",\"dateModified\":\"2021-09-20T11:33:42+00:00\",\"mainEntityOfPage\":{\"@id\":\"https:\\\/\\\/www.miguelvergara.com\\\/actualidad\\\/notas-de-prensa\\\/grupo-miguel-vergara-lanza-vergara-life-proyecto-para-la-obtencion-del-angus-selecto-espanol-y-la-profesionalizacion-de-la-produccion-de-vacas-nodrizas\\\/\"},\"wordCount\":666,\"image\":{\"@id\":\"https:\\\/\\\/www.miguelvergara.com\\\/actualidad\\\/notas-de-prensa\\\/grupo-miguel-vergara-lanza-vergara-life-proyecto-para-la-obtencion-del-angus-selecto-espanol-y-la-profesionalizacion-de-la-produccion-de-vacas-nodrizas\\\/#primaryimage\"},\"thumbnailUrl\":\"https:\\\/\\\/www.miguelvergara.com\\\/actualidad\\\/wp-content\\\/uploads\\\/2017\\\/06\\\/instalaciones-miguel-vergara-1.jpg\",\"keywords\":[\"acuerdo\",\"angus\",\"calidad\",\"ganaderia\",\"genotipado\",\"miguel vergara\",\"proyecto\",\"raza\",\"rentabilidad\",\"reproducci\u00f3n\",\"vacuno\",\"vergara life\"],\"articleSection\":[\"Notas de prensa\"],\"inLanguage\":\"es\"},{\"@type\":\"WebPage\",\"@id\":\"https:\\\/\\\/www.miguelvergara.com\\\/actualidad\\\/notas-de-prensa\\\/grupo-miguel-vergara-lanza-vergara-life-proyecto-para-la-obtencion-del-angus-selecto-espanol-y-la-profesionalizacion-de-la-produccion-de-vacas-nodrizas\\\/\",\"url\":\"https:\\\/\\\/www.miguelvergara.com\\\/actualidad\\\/notas-de-prensa\\\/grupo-miguel-vergara-lanza-vergara-life-proyecto-para-la-obtencion-del-angus-selecto-espanol-y-la-profesionalizacion-de-la-produccion-de-vacas-nodrizas\\\/\",\"name\":\"Grupo Miguel Vergara lanza su proyecto Vergara Life - Blog\",\"isPartOf\":{\"@id\":\"https:\\\/\\\/www.miguelvergara.com\\\/actualidad\\\/#website\"},\"primaryImageOfPage\":{\"@id\":\"https:\\\/\\\/www.miguelvergara.com\\\/actualidad\\\/notas-de-prensa\\\/grupo-miguel-vergara-lanza-vergara-life-proyecto-para-la-obtencion-del-angus-selecto-espanol-y-la-profesionalizacion-de-la-produccion-de-vacas-nodrizas\\\/#primaryimage\"},\"image\":{\"@id\":\"https:\\\/\\\/www.miguelvergara.com\\\/actualidad\\\/notas-de-prensa\\\/grupo-miguel-vergara-lanza-vergara-life-proyecto-para-la-obtencion-del-angus-selecto-espanol-y-la-profesionalizacion-de-la-produccion-de-vacas-nodrizas\\\/#primaryimage\"},\"thumbnailUrl\":\"https:\\\/\\\/www.miguelvergara.com\\\/actualidad\\\/wp-content\\\/uploads\\\/2017\\\/06\\\/instalaciones-miguel-vergara-1.jpg\",\"datePublished\":\"2019-06-21T09:31:29+00:00\",\"dateModified\":\"2021-09-20T11:33:42+00:00\",\"author\":{\"@id\":\"https:\\\/\\\/www.miguelvergara.com\\\/actualidad\\\/#\\\/schema\\\/person\\\/273d4cc3f46c4455932a4634619cfd09\"},\"description\":\"Este proyecto de investigaci\u00f3n busca la mejora gen\u00e9tica de la raza Angus para proporcionar la m\u00e1xima calidad al consumidor final.\",\"breadcrumb\":{\"@id\":\"https:\\\/\\\/www.miguelvergara.com\\\/actualidad\\\/notas-de-prensa\\\/grupo-miguel-vergara-lanza-vergara-life-proyecto-para-la-obtencion-del-angus-selecto-espanol-y-la-profesionalizacion-de-la-produccion-de-vacas-nodrizas\\\/#breadcrumb\"},\"inLanguage\":\"es\",\"potentialAction\":[{\"@type\":\"ReadAction\",\"target\":[\"https:\\\/\\\/www.miguelvergara.com\\\/actualidad\\\/notas-de-prensa\\\/grupo-miguel-vergara-lanza-vergara-life-proyecto-para-la-obtencion-del-angus-selecto-espanol-y-la-profesionalizacion-de-la-produccion-de-vacas-nodrizas\\\/\"]}]},{\"@type\":\"ImageObject\",\"inLanguage\":\"es\",\"@id\":\"https:\\\/\\\/www.miguelvergara.com\\\/actualidad\\\/notas-de-prensa\\\/grupo-miguel-vergara-lanza-vergara-life-proyecto-para-la-obtencion-del-angus-selecto-espanol-y-la-profesionalizacion-de-la-produccion-de-vacas-nodrizas\\\/#primaryimage\",\"url\":\"https:\\\/\\\/www.miguelvergara.com\\\/actualidad\\\/wp-content\\\/uploads\\\/2017\\\/06\\\/instalaciones-miguel-vergara-1.jpg\",\"contentUrl\":\"https:\\\/\\\/www.miguelvergara.com\\\/actualidad\\\/wp-content\\\/uploads\\\/2017\\\/06\\\/instalaciones-miguel-vergara-1.jpg\",\"width\":1385,\"height\":936,\"caption\":\"\u201cVergara Life\u201d, un proyecto para la obtenci\u00f3n del Angus selecto espa\u00f1ol y la profesionalizaci\u00f3n de la producci\u00f3n de vacas nodrizas\"},{\"@type\":\"BreadcrumbList\",\"@id\":\"https:\\\/\\\/www.miguelvergara.com\\\/actualidad\\\/notas-de-prensa\\\/grupo-miguel-vergara-lanza-vergara-life-proyecto-para-la-obtencion-del-angus-selecto-espanol-y-la-profesionalizacion-de-la-produccion-de-vacas-nodrizas\\\/#breadcrumb\",\"itemListElement\":[{\"@type\":\"ListItem\",\"position\":1,\"name\":\"Portada\",\"item\":\"https:\\\/\\\/www.miguelvergara.com\\\/actualidad\\\/\"},{\"@type\":\"ListItem\",\"position\":2,\"name\":\"Grupo Miguel Vergara lanza \u201cVergara Life\u201d proyecto para la obtenci\u00f3n del Angus selecto espa\u00f1ol y la profesionalizaci\u00f3n de la producci\u00f3n de vacas nodrizas\"}]},{\"@type\":\"WebSite\",\"@id\":\"https:\\\/\\\/www.miguelvergara.com\\\/actualidad\\\/#website\",\"url\":\"https:\\\/\\\/www.miguelvergara.com\\\/actualidad\\\/\",\"name\":\"Blog\",\"description\":\"\",\"potentialAction\":[{\"@type\":\"SearchAction\",\"target\":{\"@type\":\"EntryPoint\",\"urlTemplate\":\"https:\\\/\\\/www.miguelvergara.com\\\/actualidad\\\/?s={search_term_string}\"},\"query-input\":{\"@type\":\"PropertyValueSpecification\",\"valueRequired\":true,\"valueName\":\"search_term_string\"}}],\"inLanguage\":\"es\"},{\"@type\":\"Person\",\"@id\":\"https:\\\/\\\/www.miguelvergara.com\\\/actualidad\\\/#\\\/schema\\\/person\\\/273d4cc3f46c4455932a4634619cfd09\",\"name\":\"Mhh4a0@4\",\"sameAs\":[\"https:\\\/\\\/www.miguelvergara.com\\\/actualidad\"]}]}<\/script>\n<!-- \/ Yoast SEO plugin. -->","yoast_head_json":{"title":"Grupo Miguel Vergara lanza su proyecto Vergara Life - Blog","description":"Este proyecto de investigaci\u00f3n busca la mejora gen\u00e9tica de la raza Angus para proporcionar la m\u00e1xima calidad al consumidor final.","robots":{"index":"index","follow":"follow","max-snippet":"max-snippet:-1","max-image-preview":"max-image-preview:large","max-video-preview":"max-video-preview:-1"},"canonical":"https:\/\/www.miguelvergara.com\/actualidad\/notas-de-prensa\/grupo-miguel-vergara-lanza-vergara-life-proyecto-para-la-obtencion-del-angus-selecto-espanol-y-la-profesionalizacion-de-la-produccion-de-vacas-nodrizas\/","og_locale":"es_ES","og_type":"article","og_title":"Grupo Miguel Vergara lanza su proyecto Vergara Life - Blog","og_description":"Este proyecto de investigaci\u00f3n busca la mejora gen\u00e9tica de la raza Angus para proporcionar la m\u00e1xima calidad al consumidor final.","og_url":"https:\/\/www.miguelvergara.com\/actualidad\/notas-de-prensa\/grupo-miguel-vergara-lanza-vergara-life-proyecto-para-la-obtencion-del-angus-selecto-espanol-y-la-profesionalizacion-de-la-produccion-de-vacas-nodrizas\/","og_site_name":"Blog","article_published_time":"2019-06-21T09:31:29+00:00","article_modified_time":"2021-09-20T11:33:42+00:00","og_image":[{"width":1385,"height":936,"url":"https:\/\/www.miguelvergara.com\/actualidad\/wp-content\/uploads\/2017\/06\/instalaciones-miguel-vergara-1.jpg","type":"image\/jpeg"}],"author":"Mhh4a0@4","twitter_card":"summary_large_image","twitter_misc":{"Escrito por":"Mhh4a0@4","Tiempo de lectura":"3 minutos"},"schema":{"@context":"https:\/\/schema.org","@graph":[{"@type":"Article","@id":"https:\/\/www.miguelvergara.com\/actualidad\/notas-de-prensa\/grupo-miguel-vergara-lanza-vergara-life-proyecto-para-la-obtencion-del-angus-selecto-espanol-y-la-profesionalizacion-de-la-produccion-de-vacas-nodrizas\/#article","isPartOf":{"@id":"https:\/\/www.miguelvergara.com\/actualidad\/notas-de-prensa\/grupo-miguel-vergara-lanza-vergara-life-proyecto-para-la-obtencion-del-angus-selecto-espanol-y-la-profesionalizacion-de-la-produccion-de-vacas-nodrizas\/"},"author":{"name":"Mhh4a0@4","@id":"https:\/\/www.miguelvergara.com\/actualidad\/#\/schema\/person\/273d4cc3f46c4455932a4634619cfd09"},"headline":"Grupo Miguel Vergara lanza \u201cVergara Life\u201d proyecto para la obtenci\u00f3n del Angus selecto espa\u00f1ol y la profesionalizaci\u00f3n de la producci\u00f3n de vacas nodrizas","datePublished":"2019-06-21T09:31:29+00:00","dateModified":"2021-09-20T11:33:42+00:00","mainEntityOfPage":{"@id":"https:\/\/www.miguelvergara.com\/actualidad\/notas-de-prensa\/grupo-miguel-vergara-lanza-vergara-life-proyecto-para-la-obtencion-del-angus-selecto-espanol-y-la-profesionalizacion-de-la-produccion-de-vacas-nodrizas\/"},"wordCount":666,"image":{"@id":"https:\/\/www.miguelvergara.com\/actualidad\/notas-de-prensa\/grupo-miguel-vergara-lanza-vergara-life-proyecto-para-la-obtencion-del-angus-selecto-espanol-y-la-profesionalizacion-de-la-produccion-de-vacas-nodrizas\/#primaryimage"},"thumbnailUrl":"https:\/\/www.miguelvergara.com\/actualidad\/wp-content\/uploads\/2017\/06\/instalaciones-miguel-vergara-1.jpg","keywords":["acuerdo","angus","calidad","ganaderia","genotipado","miguel vergara","proyecto","raza","rentabilidad","reproducci\u00f3n","vacuno","vergara life"],"articleSection":["Notas de prensa"],"inLanguage":"es"},{"@type":"WebPage","@id":"https:\/\/www.miguelvergara.com\/actualidad\/notas-de-prensa\/grupo-miguel-vergara-lanza-vergara-life-proyecto-para-la-obtencion-del-angus-selecto-espanol-y-la-profesionalizacion-de-la-produccion-de-vacas-nodrizas\/","url":"https:\/\/www.miguelvergara.com\/actualidad\/notas-de-prensa\/grupo-miguel-vergara-lanza-vergara-life-proyecto-para-la-obtencion-del-angus-selecto-espanol-y-la-profesionalizacion-de-la-produccion-de-vacas-nodrizas\/","name":"Grupo Miguel Vergara lanza su proyecto Vergara Life - Blog","isPartOf":{"@id":"https:\/\/www.miguelvergara.com\/actualidad\/#website"},"primaryImageOfPage":{"@id":"https:\/\/www.miguelvergara.com\/actualidad\/notas-de-prensa\/grupo-miguel-vergara-lanza-vergara-life-proyecto-para-la-obtencion-del-angus-selecto-espanol-y-la-profesionalizacion-de-la-produccion-de-vacas-nodrizas\/#primaryimage"},"image":{"@id":"https:\/\/www.miguelvergara.com\/actualidad\/notas-de-prensa\/grupo-miguel-vergara-lanza-vergara-life-proyecto-para-la-obtencion-del-angus-selecto-espanol-y-la-profesionalizacion-de-la-produccion-de-vacas-nodrizas\/#primaryimage"},"thumbnailUrl":"https:\/\/www.miguelvergara.com\/actualidad\/wp-content\/uploads\/2017\/06\/instalaciones-miguel-vergara-1.jpg","datePublished":"2019-06-21T09:31:29+00:00","dateModified":"2021-09-20T11:33:42+00:00","author":{"@id":"https:\/\/www.miguelvergara.com\/actualidad\/#\/schema\/person\/273d4cc3f46c4455932a4634619cfd09"},"description":"Este proyecto de investigaci\u00f3n busca la mejora gen\u00e9tica de la raza Angus para proporcionar la m\u00e1xima calidad al consumidor final.","breadcrumb":{"@id":"https:\/\/www.miguelvergara.com\/actualidad\/notas-de-prensa\/grupo-miguel-vergara-lanza-vergara-life-proyecto-para-la-obtencion-del-angus-selecto-espanol-y-la-profesionalizacion-de-la-produccion-de-vacas-nodrizas\/#breadcrumb"},"inLanguage":"es","potentialAction":[{"@type":"ReadAction","target":["https:\/\/www.miguelvergara.com\/actualidad\/notas-de-prensa\/grupo-miguel-vergara-lanza-vergara-life-proyecto-para-la-obtencion-del-angus-selecto-espanol-y-la-profesionalizacion-de-la-produccion-de-vacas-nodrizas\/"]}]},{"@type":"ImageObject","inLanguage":"es","@id":"https:\/\/www.miguelvergara.com\/actualidad\/notas-de-prensa\/grupo-miguel-vergara-lanza-vergara-life-proyecto-para-la-obtencion-del-angus-selecto-espanol-y-la-profesionalizacion-de-la-produccion-de-vacas-nodrizas\/#primaryimage","url":"https:\/\/www.miguelvergara.com\/actualidad\/wp-content\/uploads\/2017\/06\/instalaciones-miguel-vergara-1.jpg","contentUrl":"https:\/\/www.miguelvergara.com\/actualidad\/wp-content\/uploads\/2017\/06\/instalaciones-miguel-vergara-1.jpg","width":1385,"height":936,"caption":"\u201cVergara Life\u201d, un proyecto para la obtenci\u00f3n del Angus selecto espa\u00f1ol y la profesionalizaci\u00f3n de la producci\u00f3n de vacas nodrizas"},{"@type":"BreadcrumbList","@id":"https:\/\/www.miguelvergara.com\/actualidad\/notas-de-prensa\/grupo-miguel-vergara-lanza-vergara-life-proyecto-para-la-obtencion-del-angus-selecto-espanol-y-la-profesionalizacion-de-la-produccion-de-vacas-nodrizas\/#breadcrumb","itemListElement":[{"@type":"ListItem","position":1,"name":"Portada","item":"https:\/\/www.miguelvergara.com\/actualidad\/"},{"@type":"ListItem","position":2,"name":"Grupo Miguel Vergara lanza \u201cVergara Life\u201d proyecto para la obtenci\u00f3n del Angus selecto espa\u00f1ol y la profesionalizaci\u00f3n de la producci\u00f3n de vacas nodrizas"}]},{"@type":"WebSite","@id":"https:\/\/www.miguelvergara.com\/actualidad\/#website","url":"https:\/\/www.miguelvergara.com\/actualidad\/","name":"Blog","description":"","potentialAction":[{"@type":"SearchAction","target":{"@type":"EntryPoint","urlTemplate":"https:\/\/www.miguelvergara.com\/actualidad\/?s={search_term_string}"},"query-input":{"@type":"PropertyValueSpecification","valueRequired":true,"valueName":"search_term_string"}}],"inLanguage":"es"},{"@type":"Person","@id":"https:\/\/www.miguelvergara.com\/actualidad\/#\/schema\/person\/273d4cc3f46c4455932a4634619cfd09","name":"Mhh4a0@4","sameAs":["https:\/\/www.miguelvergara.com\/actualidad"]}]}},"_links":{"self":[{"href":"https:\/\/www.miguelvergara.com\/actualidad\/wp-json\/wp\/v2\/posts\/2438","targetHints":{"allow":["GET"]}}],"collection":[{"href":"https:\/\/www.miguelvergara.com\/actualidad\/wp-json\/wp\/v2\/posts"}],"about":[{"href":"https:\/\/www.miguelvergara.com\/actualidad\/wp-json\/wp\/v2\/types\/post"}],"author":[{"embeddable":true,"href":"https:\/\/www.miguelvergara.com\/actualidad\/wp-json\/wp\/v2\/users\/1"}],"replies":[{"embeddable":true,"href":"https:\/\/www.miguelvergara.com\/actualidad\/wp-json\/wp\/v2\/comments?post=2438"}],"version-history":[{"count":1,"href":"https:\/\/www.miguelvergara.com\/actualidad\/wp-json\/wp\/v2\/posts\/2438\/revisions"}],"predecessor-version":[{"id":8263,"href":"https:\/\/www.miguelvergara.com\/actualidad\/wp-json\/wp\/v2\/posts\/2438\/revisions\/8263"}],"wp:featuredmedia":[{"embeddable":true,"href":"https:\/\/www.miguelvergara.com\/actualidad\/wp-json\/wp\/v2\/media\/1241"}],"wp:attachment":[{"href":"https:\/\/www.miguelvergara.com\/actualidad\/wp-json\/wp\/v2\/media?parent=2438"}],"wp:term":[{"taxonomy":"category","embeddable":true,"href":"https:\/\/www.miguelvergara.com\/actualidad\/wp-json\/wp\/v2\/categories?post=2438"},{"taxonomy":"post_tag","embeddable":true,"href":"https:\/\/www.miguelvergara.com\/actualidad\/wp-json\/wp\/v2\/tags?post=2438"}],"curies":[{"name":"wp","href":"https:\/\/api.w.org\/{rel}","templated":true}]}}