{"id":2843,"date":"2019-05-10T10:55:11","date_gmt":"2019-05-10T08:55:11","guid":{"rendered":"https:\/\/thebeefexperience.com\/?p=2843"},"modified":"2026-03-16T11:07:59","modified_gmt":"2026-03-16T10:07:59","slug":"raza-aberdeen-angus","status":"publish","type":"post","link":"https:\/\/www.miguelvergara.com\/actualidad\/blog\/raza-aberdeen-angus\/","title":{"rendered":"Raza Aberdeen Angus"},"content":{"rendered":"\n<p>Ya te hemos contado qu\u00e9 es la <a title=\"carne de angus\" href=\"https:\/\/www.miguelvergara.com\/actualidad\/blog\/que-es-la-carne-de-angus\/\"><strong>carne de Angus<\/strong><\/a>, pero, \u00bfsabes de donde proviene? Una carne inconfundible y sabrosa que tiene su origen en la <strong>raza Aberdeen Angus<\/strong>.<\/p>\n\n\n\n<figure class=\"wp-block-image\"><img loading=\"lazy\" decoding=\"async\" width=\"860\" height=\"573\" src=\"https:\/\/www.miguelvergara.com\/actualidad\/wp-content\/uploads\/2019\/05\/Cuerpo-1-860x573.jpg\" alt=\"raza aberdeen angus\" class=\"wp-image-7352\" srcset=\"https:\/\/www.miguelvergara.com\/actualidad\/wp-content\/uploads\/2019\/05\/Cuerpo-1-860x573.jpg 860w, https:\/\/www.miguelvergara.com\/actualidad\/wp-content\/uploads\/2019\/05\/Cuerpo-1-1200x800.jpg 1200w, https:\/\/www.miguelvergara.com\/actualidad\/wp-content\/uploads\/2019\/05\/Cuerpo-1-768x512.jpg 768w, https:\/\/www.miguelvergara.com\/actualidad\/wp-content\/uploads\/2019\/05\/Cuerpo-1-1536x1024.jpg 1536w, https:\/\/www.miguelvergara.com\/actualidad\/wp-content\/uploads\/2019\/05\/Cuerpo-1-2048x1365.jpg 2048w\" sizes=\"auto, (max-width: 860px) 100vw, 860px\" \/><\/figure>\n\n\n\n<p><\/p>\n\n\n\n<!--more-->\n\n\n\n<p>Una raza de animales especiales que nos encargamos de cuidar y mimar en Grupo Miguel Vergara para que, llegado el momento, puedas experimentar al completo su jugosidad y su tierno sabor.<\/p>\n\n\n\n<h2 class=\"wp-block-heading\">El origen del Aberdeen Angus<\/h2>\n\n\n\n<p>Si se conoce de d\u00f3nde proviene este animal sabr\u00e1s por qu\u00e9 la calidad de su carne es tan extraordinaria. Sus or\u00edgenes se encuentran en Escocia, concretamente en los condados de Aberdeenshire y Angushire, y se remontan al <strong>a\u00f1o 1835<\/strong>. De la mezcla en el nombre de ambos lugares toma su nombre el <a title=\"Aberdeen Angus\" href=\"https:\/\/es.wikipedia.org\/wiki\/Aberdeen_angus\" target=\"_blank\" rel=\"nofollow noopener noreferrer\"><strong>Aberdeen Angus<\/strong><\/a>.<\/p>\n\n\n\n<p>Desde Grupo Miguel Vergara vimos en este tipo de ganado vacuno salvaje una nobleza digna de admirar y de ofrecer a nuestros clientes.<\/p>\n\n\n\n<h2 class=\"wp-block-heading\">Caracter\u00edsticas de la raza Angus<\/h2>\n\n\n\n<p>Los rasgos de esta raza y el modo en el que se cuidan los animales, determinan totalmente la calidad que se obtiene de su exquisita carne. Las caracter\u00edsticas principales del Angus son las siguientes.<\/p>\n\n\n\n<h3 class=\"wp-block-heading\">Temperamento apacible<\/h3>\n\n\n\n<p>Si por algo destaca la raza Aberdeen Angus es por su <strong>car\u00e1cter d\u00f3cil y tranquilo<\/strong>. Pueden convivir sin ning\u00fan problema entre ellos ya que no compiten por el territorio ni buscan un grado de dominio sobre el terreno. Como bien te hemos indicado, destacan por ser un ganado muy noble y agradable.<\/p>\n\n\n\n<h3 class=\"wp-block-heading\">Pelaje y apariencia inconfundible<\/h3>\n\n\n\n<p>Otro de los signos inequ\u00edvocos de estos animales que criamos es el <strong>color negro de su pelaje<\/strong>. Adem\u00e1s, destacan por su <strong>ausencia de cuernos<\/strong>, lo que facilita tambi\u00e9n su manutenci\u00f3n al evitar en gran medida las lesiones f\u00edsicas que accidentalmente pudieran provocar.<\/p>\n\n\n\n<h3 class=\"wp-block-heading\">Criados en un entorno perfecto<\/h3>\n\n\n\n<p>En Grupo Miguel Vergara nos encargamos personalmente de garantizar su <strong>bienestar animal,<\/strong> minimizando su estr\u00e9s y consiguiendo un grado de confort \u00f3ptimo. Todos nuestros Angus son criados en nuestras granjas de Castilla y Le\u00f3n, entre las dehesas de Salamanca y las monta\u00f1as de Le\u00f3n, donde pastan y reposan con una alimentaci\u00f3n 100% natural seleccionada por profesionales y de m\u00e1xima calidad.<\/p>\n\n\n\n<p>Adem\u00e1s, en nuestras instalaciones cuentan con <strong>buen alojamiento<\/strong> (encamado diario para que los animales siempre cuenten con paja limpia y seca); <strong>buena salud<\/strong> (uso nulo de antibi\u00f3ticos: Plan Reduce) y buen manejo evitando su estr\u00e9s y maximizando la calidad de la carne.<\/p>\n\n\n\n<h3 class=\"wp-block-heading\">Calidad premium de una carne excelente<\/h3>\n\n\n\n<p>Precisamente nos dedicamos a la cr\u00eda de este ganado gracias a la calidad premium que conseguimos. Con los cuidados que les dispensamos y la nobleza de su raza, nos permiten obtener la carne con mayor grado de infiltraci\u00f3n en el mercado, destacando especialmente por su <strong>jugosidad, suculencia y sabor inconfundible<\/strong>. No dudes en <strong>comprar <a href=\"https:\/\/www.miguelvergara.com\/tienda\/\">carne online<\/a><\/strong> y comprobarlo por ti mismo. <\/p>\n\n\n\n<figure class=\"wp-block-image size-full\"><img loading=\"lazy\" decoding=\"async\" width=\"840\" height=\"440\" src=\"https:\/\/www.miguelvergara.com\/actualidad\/wp-content\/uploads\/2019\/05\/Raza-Angus.jpg\" alt=\"caracter\u00edsticas de la raza angus\" class=\"wp-image-2855\" srcset=\"https:\/\/www.miguelvergara.com\/actualidad\/wp-content\/uploads\/2019\/05\/Raza-Angus.jpg 840w, https:\/\/www.miguelvergara.com\/actualidad\/wp-content\/uploads\/2019\/05\/Raza-Angus-768x402.jpg 768w\" sizes=\"auto, (max-width: 840px) 100vw, 840px\" \/><\/figure>\n\n\n\n<h2 class=\"wp-block-heading\">La mayor producci\u00f3n de Angus en Espa\u00f1a<\/h2>\n\n\n\n<p>Nuestra pasi\u00f3n por estos animales nos llev\u00f3 a crear la <strong>mayor caba\u00f1a de raza Angus de Espa\u00f1a<\/strong>, en lo que ya son m\u00e1s de 30 a\u00f1os de experiencia como maestros en vacuno.<\/p>\n\n\n\n<p>Los cuidados y la atenci\u00f3n dispensados a cada animal de forma personalizada, su vida llena de confort, as\u00ed como la alimentaci\u00f3n 100% vegetal que reciben de nuestra parte son factores fundamentales para que ofrezcamos al consumidor <strong>la mejor carne Angus del mundo<\/strong>.<\/p>\n\n\n\n<p>Si te has quedado con ganas de conocer m\u00e1s sobre ello, te recomendamos que profundices en los <strong><a title=\"cortes de carne de vacuno\" href=\"https:\/\/www.miguelvergara.com\/actualidad\/blog\/descubre-de-donde-procede-cada-corte-de-carne-de-vacuno\/\">cortes de la carne de vacuno<\/a><\/strong> tan deliciosos que te ofrecemos en nuestra tienda online. <\/p>\n","protected":false},"excerpt":{"rendered":"<p>Ya te hemos contado qu\u00e9 es la carne de Angus, pero, \u00bfsabes de donde proviene? Una carne inconfundible y sabrosa que tiene su origen en la raza Aberdeen Angus.<\/p>\n","protected":false},"author":1,"featured_media":7354,"comment_status":"closed","ping_status":"closed","sticky":false,"template":"","format":"standard","meta":{"footnotes":""},"categories":[2,569],"tags":[],"class_list":["post-2843","post","type-post","status-publish","format-standard","has-post-thumbnail","hentry","category-blog","category-razas-produccion-responsable"],"yoast_head":"<!-- This site is optimized with the Yoast SEO plugin v27.4 - https:\/\/yoast.com\/product\/yoast-seo-wordpress\/ -->\n<title>Raza Aberdeen Angus - Blog<\/title>\n<meta name=\"description\" content=\"\u00bfConoces la raza Aberdeen Angus? Uno de los mayores placeres gastron\u00f3micos es saborear nuestra exquisita carne de Angus de este noble animal.\" \/>\n<meta name=\"robots\" content=\"index, follow, max-snippet:-1, max-image-preview:large, max-video-preview:-1\" \/>\n<link rel=\"canonical\" href=\"https:\/\/www.miguelvergara.com\/actualidad\/blog\/raza-aberdeen-angus\/\" \/>\n<meta property=\"og:locale\" content=\"es_ES\" \/>\n<meta property=\"og:type\" content=\"article\" \/>\n<meta property=\"og:title\" content=\"Raza Aberdeen Angus - Blog\" \/>\n<meta property=\"og:description\" content=\"\u00bfConoces la raza Aberdeen Angus? Uno de los mayores placeres gastron\u00f3micos es saborear nuestra exquisita carne de Angus de este noble animal.\" \/>\n<meta property=\"og:url\" content=\"https:\/\/www.miguelvergara.com\/actualidad\/blog\/raza-aberdeen-angus\/\" \/>\n<meta property=\"og:site_name\" content=\"Blog\" \/>\n<meta property=\"article:published_time\" content=\"2019-05-10T08:55:11+00:00\" \/>\n<meta property=\"article:modified_time\" content=\"2026-03-16T10:07:59+00:00\" \/>\n<meta property=\"og:image\" content=\"https:\/\/www.miguelvergara.com\/actualidad\/wp-content\/uploads\/2019\/05\/Miniatura-1.png\" \/>\n\t<meta property=\"og:image:width\" content=\"1378\" \/>\n\t<meta property=\"og:image:height\" content=\"1100\" \/>\n\t<meta property=\"og:image:type\" content=\"image\/png\" \/>\n<meta name=\"author\" content=\"Mhh4a0@4\" \/>\n<meta name=\"twitter:card\" content=\"summary_large_image\" \/>\n<meta name=\"twitter:label1\" content=\"Escrito por\" \/>\n\t<meta name=\"twitter:data1\" content=\"Mhh4a0@4\" \/>\n\t<meta name=\"twitter:label2\" content=\"Tiempo de lectura\" \/>\n\t<meta name=\"twitter:data2\" content=\"4 minutos\" \/>\n<script type=\"application\/ld+json\" class=\"yoast-schema-graph\">{\"@context\":\"https:\\\/\\\/schema.org\",\"@graph\":[{\"@type\":\"Article\",\"@id\":\"https:\\\/\\\/www.miguelvergara.com\\\/actualidad\\\/blog\\\/raza-aberdeen-angus\\\/#article\",\"isPartOf\":{\"@id\":\"https:\\\/\\\/www.miguelvergara.com\\\/actualidad\\\/blog\\\/raza-aberdeen-angus\\\/\"},\"author\":{\"name\":\"Mhh4a0@4\",\"@id\":\"https:\\\/\\\/www.miguelvergara.com\\\/actualidad\\\/#\\\/schema\\\/person\\\/273d4cc3f46c4455932a4634619cfd09\"},\"headline\":\"Raza Aberdeen Angus\",\"datePublished\":\"2019-05-10T08:55:11+00:00\",\"dateModified\":\"2026-03-16T10:07:59+00:00\",\"mainEntityOfPage\":{\"@id\":\"https:\\\/\\\/www.miguelvergara.com\\\/actualidad\\\/blog\\\/raza-aberdeen-angus\\\/\"},\"wordCount\":602,\"image\":{\"@id\":\"https:\\\/\\\/www.miguelvergara.com\\\/actualidad\\\/blog\\\/raza-aberdeen-angus\\\/#primaryimage\"},\"thumbnailUrl\":\"https:\\\/\\\/www.miguelvergara.com\\\/actualidad\\\/wp-content\\\/uploads\\\/2019\\\/05\\\/Miniatura-1.png\",\"articleSection\":[\"Blog\",\"Razas y producci\u00f3n responsable\"],\"inLanguage\":\"es\"},{\"@type\":\"WebPage\",\"@id\":\"https:\\\/\\\/www.miguelvergara.com\\\/actualidad\\\/blog\\\/raza-aberdeen-angus\\\/\",\"url\":\"https:\\\/\\\/www.miguelvergara.com\\\/actualidad\\\/blog\\\/raza-aberdeen-angus\\\/\",\"name\":\"Raza Aberdeen Angus - Blog\",\"isPartOf\":{\"@id\":\"https:\\\/\\\/www.miguelvergara.com\\\/actualidad\\\/#website\"},\"primaryImageOfPage\":{\"@id\":\"https:\\\/\\\/www.miguelvergara.com\\\/actualidad\\\/blog\\\/raza-aberdeen-angus\\\/#primaryimage\"},\"image\":{\"@id\":\"https:\\\/\\\/www.miguelvergara.com\\\/actualidad\\\/blog\\\/raza-aberdeen-angus\\\/#primaryimage\"},\"thumbnailUrl\":\"https:\\\/\\\/www.miguelvergara.com\\\/actualidad\\\/wp-content\\\/uploads\\\/2019\\\/05\\\/Miniatura-1.png\",\"datePublished\":\"2019-05-10T08:55:11+00:00\",\"dateModified\":\"2026-03-16T10:07:59+00:00\",\"author\":{\"@id\":\"https:\\\/\\\/www.miguelvergara.com\\\/actualidad\\\/#\\\/schema\\\/person\\\/273d4cc3f46c4455932a4634619cfd09\"},\"description\":\"\u00bfConoces la raza Aberdeen Angus? Uno de los mayores placeres gastron\u00f3micos es saborear nuestra exquisita carne de Angus de este noble animal.\",\"breadcrumb\":{\"@id\":\"https:\\\/\\\/www.miguelvergara.com\\\/actualidad\\\/blog\\\/raza-aberdeen-angus\\\/#breadcrumb\"},\"inLanguage\":\"es\",\"potentialAction\":[{\"@type\":\"ReadAction\",\"target\":[\"https:\\\/\\\/www.miguelvergara.com\\\/actualidad\\\/blog\\\/raza-aberdeen-angus\\\/\"]}]},{\"@type\":\"ImageObject\",\"inLanguage\":\"es\",\"@id\":\"https:\\\/\\\/www.miguelvergara.com\\\/actualidad\\\/blog\\\/raza-aberdeen-angus\\\/#primaryimage\",\"url\":\"https:\\\/\\\/www.miguelvergara.com\\\/actualidad\\\/wp-content\\\/uploads\\\/2019\\\/05\\\/Miniatura-1.png\",\"contentUrl\":\"https:\\\/\\\/www.miguelvergara.com\\\/actualidad\\\/wp-content\\\/uploads\\\/2019\\\/05\\\/Miniatura-1.png\",\"width\":1378,\"height\":1100},{\"@type\":\"BreadcrumbList\",\"@id\":\"https:\\\/\\\/www.miguelvergara.com\\\/actualidad\\\/blog\\\/raza-aberdeen-angus\\\/#breadcrumb\",\"itemListElement\":[{\"@type\":\"ListItem\",\"position\":1,\"name\":\"Portada\",\"item\":\"https:\\\/\\\/www.miguelvergara.com\\\/actualidad\\\/\"},{\"@type\":\"ListItem\",\"position\":2,\"name\":\"Raza Aberdeen Angus\"}]},{\"@type\":\"WebSite\",\"@id\":\"https:\\\/\\\/www.miguelvergara.com\\\/actualidad\\\/#website\",\"url\":\"https:\\\/\\\/www.miguelvergara.com\\\/actualidad\\\/\",\"name\":\"Blog\",\"description\":\"\",\"potentialAction\":[{\"@type\":\"SearchAction\",\"target\":{\"@type\":\"EntryPoint\",\"urlTemplate\":\"https:\\\/\\\/www.miguelvergara.com\\\/actualidad\\\/?s={search_term_string}\"},\"query-input\":{\"@type\":\"PropertyValueSpecification\",\"valueRequired\":true,\"valueName\":\"search_term_string\"}}],\"inLanguage\":\"es\"},{\"@type\":\"Person\",\"@id\":\"https:\\\/\\\/www.miguelvergara.com\\\/actualidad\\\/#\\\/schema\\\/person\\\/273d4cc3f46c4455932a4634619cfd09\",\"name\":\"Mhh4a0@4\",\"sameAs\":[\"https:\\\/\\\/www.miguelvergara.com\\\/actualidad\"]}]}<\/script>\n<!-- \/ Yoast SEO plugin. -->","yoast_head_json":{"title":"Raza Aberdeen Angus - Blog","description":"\u00bfConoces la raza Aberdeen Angus? Uno de los mayores placeres gastron\u00f3micos es saborear nuestra exquisita carne de Angus de este noble animal.","robots":{"index":"index","follow":"follow","max-snippet":"max-snippet:-1","max-image-preview":"max-image-preview:large","max-video-preview":"max-video-preview:-1"},"canonical":"https:\/\/www.miguelvergara.com\/actualidad\/blog\/raza-aberdeen-angus\/","og_locale":"es_ES","og_type":"article","og_title":"Raza Aberdeen Angus - Blog","og_description":"\u00bfConoces la raza Aberdeen Angus? Uno de los mayores placeres gastron\u00f3micos es saborear nuestra exquisita carne de Angus de este noble animal.","og_url":"https:\/\/www.miguelvergara.com\/actualidad\/blog\/raza-aberdeen-angus\/","og_site_name":"Blog","article_published_time":"2019-05-10T08:55:11+00:00","article_modified_time":"2026-03-16T10:07:59+00:00","og_image":[{"width":1378,"height":1100,"url":"https:\/\/www.miguelvergara.com\/actualidad\/wp-content\/uploads\/2019\/05\/Miniatura-1.png","type":"image\/png"}],"author":"Mhh4a0@4","twitter_card":"summary_large_image","twitter_misc":{"Escrito por":"Mhh4a0@4","Tiempo de lectura":"4 minutos"},"schema":{"@context":"https:\/\/schema.org","@graph":[{"@type":"Article","@id":"https:\/\/www.miguelvergara.com\/actualidad\/blog\/raza-aberdeen-angus\/#article","isPartOf":{"@id":"https:\/\/www.miguelvergara.com\/actualidad\/blog\/raza-aberdeen-angus\/"},"author":{"name":"Mhh4a0@4","@id":"https:\/\/www.miguelvergara.com\/actualidad\/#\/schema\/person\/273d4cc3f46c4455932a4634619cfd09"},"headline":"Raza Aberdeen Angus","datePublished":"2019-05-10T08:55:11+00:00","dateModified":"2026-03-16T10:07:59+00:00","mainEntityOfPage":{"@id":"https:\/\/www.miguelvergara.com\/actualidad\/blog\/raza-aberdeen-angus\/"},"wordCount":602,"image":{"@id":"https:\/\/www.miguelvergara.com\/actualidad\/blog\/raza-aberdeen-angus\/#primaryimage"},"thumbnailUrl":"https:\/\/www.miguelvergara.com\/actualidad\/wp-content\/uploads\/2019\/05\/Miniatura-1.png","articleSection":["Blog","Razas y producci\u00f3n responsable"],"inLanguage":"es"},{"@type":"WebPage","@id":"https:\/\/www.miguelvergara.com\/actualidad\/blog\/raza-aberdeen-angus\/","url":"https:\/\/www.miguelvergara.com\/actualidad\/blog\/raza-aberdeen-angus\/","name":"Raza Aberdeen Angus - Blog","isPartOf":{"@id":"https:\/\/www.miguelvergara.com\/actualidad\/#website"},"primaryImageOfPage":{"@id":"https:\/\/www.miguelvergara.com\/actualidad\/blog\/raza-aberdeen-angus\/#primaryimage"},"image":{"@id":"https:\/\/www.miguelvergara.com\/actualidad\/blog\/raza-aberdeen-angus\/#primaryimage"},"thumbnailUrl":"https:\/\/www.miguelvergara.com\/actualidad\/wp-content\/uploads\/2019\/05\/Miniatura-1.png","datePublished":"2019-05-10T08:55:11+00:00","dateModified":"2026-03-16T10:07:59+00:00","author":{"@id":"https:\/\/www.miguelvergara.com\/actualidad\/#\/schema\/person\/273d4cc3f46c4455932a4634619cfd09"},"description":"\u00bfConoces la raza Aberdeen Angus? Uno de los mayores placeres gastron\u00f3micos es saborear nuestra exquisita carne de Angus de este noble animal.","breadcrumb":{"@id":"https:\/\/www.miguelvergara.com\/actualidad\/blog\/raza-aberdeen-angus\/#breadcrumb"},"inLanguage":"es","potentialAction":[{"@type":"ReadAction","target":["https:\/\/www.miguelvergara.com\/actualidad\/blog\/raza-aberdeen-angus\/"]}]},{"@type":"ImageObject","inLanguage":"es","@id":"https:\/\/www.miguelvergara.com\/actualidad\/blog\/raza-aberdeen-angus\/#primaryimage","url":"https:\/\/www.miguelvergara.com\/actualidad\/wp-content\/uploads\/2019\/05\/Miniatura-1.png","contentUrl":"https:\/\/www.miguelvergara.com\/actualidad\/wp-content\/uploads\/2019\/05\/Miniatura-1.png","width":1378,"height":1100},{"@type":"BreadcrumbList","@id":"https:\/\/www.miguelvergara.com\/actualidad\/blog\/raza-aberdeen-angus\/#breadcrumb","itemListElement":[{"@type":"ListItem","position":1,"name":"Portada","item":"https:\/\/www.miguelvergara.com\/actualidad\/"},{"@type":"ListItem","position":2,"name":"Raza Aberdeen Angus"}]},{"@type":"WebSite","@id":"https:\/\/www.miguelvergara.com\/actualidad\/#website","url":"https:\/\/www.miguelvergara.com\/actualidad\/","name":"Blog","description":"","potentialAction":[{"@type":"SearchAction","target":{"@type":"EntryPoint","urlTemplate":"https:\/\/www.miguelvergara.com\/actualidad\/?s={search_term_string}"},"query-input":{"@type":"PropertyValueSpecification","valueRequired":true,"valueName":"search_term_string"}}],"inLanguage":"es"},{"@type":"Person","@id":"https:\/\/www.miguelvergara.com\/actualidad\/#\/schema\/person\/273d4cc3f46c4455932a4634619cfd09","name":"Mhh4a0@4","sameAs":["https:\/\/www.miguelvergara.com\/actualidad"]}]}},"_links":{"self":[{"href":"https:\/\/www.miguelvergara.com\/actualidad\/wp-json\/wp\/v2\/posts\/2843","targetHints":{"allow":["GET"]}}],"collection":[{"href":"https:\/\/www.miguelvergara.com\/actualidad\/wp-json\/wp\/v2\/posts"}],"about":[{"href":"https:\/\/www.miguelvergara.com\/actualidad\/wp-json\/wp\/v2\/types\/post"}],"author":[{"embeddable":true,"href":"https:\/\/www.miguelvergara.com\/actualidad\/wp-json\/wp\/v2\/users\/1"}],"replies":[{"embeddable":true,"href":"https:\/\/www.miguelvergara.com\/actualidad\/wp-json\/wp\/v2\/comments?post=2843"}],"version-history":[{"count":4,"href":"https:\/\/www.miguelvergara.com\/actualidad\/wp-json\/wp\/v2\/posts\/2843\/revisions"}],"predecessor-version":[{"id":11602,"href":"https:\/\/www.miguelvergara.com\/actualidad\/wp-json\/wp\/v2\/posts\/2843\/revisions\/11602"}],"wp:featuredmedia":[{"embeddable":true,"href":"https:\/\/www.miguelvergara.com\/actualidad\/wp-json\/wp\/v2\/media\/7354"}],"wp:attachment":[{"href":"https:\/\/www.miguelvergara.com\/actualidad\/wp-json\/wp\/v2\/media?parent=2843"}],"wp:term":[{"taxonomy":"category","embeddable":true,"href":"https:\/\/www.miguelvergara.com\/actualidad\/wp-json\/wp\/v2\/categories?post=2843"},{"taxonomy":"post_tag","embeddable":true,"href":"https:\/\/www.miguelvergara.com\/actualidad\/wp-json\/wp\/v2\/tags?post=2843"}],"curies":[{"name":"wp","href":"https:\/\/api.w.org\/{rel}","templated":true}]}}