{"id":3310,"date":"2019-10-10T11:08:15","date_gmt":"2019-10-10T09:08:15","guid":{"rendered":"https:\/\/thebeefexperience.com\/?p=3310"},"modified":"2026-03-16T11:22:49","modified_gmt":"2026-03-16T10:22:49","slug":"la-mayor-feria-agroalimentaria-anuga-en-colonia","status":"publish","type":"post","link":"https:\/\/www.miguelvergara.com\/actualidad\/blog\/la-mayor-feria-agroalimentaria-anuga-en-colonia\/","title":{"rendered":"Miguel Vergara en la mayor feria agroalimentaria del mundo: Anuga, en Colonia"},"content":{"rendered":"<p>Si hay una feria por excelencia del sector alimentario internacional, \u00e9sa es la Feria Anuga, en Colonia. Como no pod\u00eda ser de otra manera, <a title=\"Grupo Miguel Vergara\" href=\"https:\/\/www.miguelvergara.com\/\"><strong>Grupo Miguel Vergara<\/strong><\/a> estuvo presente en este prestigioso evento internacional celebrado en Alemania, hasta donde se desplazaron nuestros directores de exportaci\u00f3n, marketing y comercial: Raul Delgado, Elena Revilla y Eduardo S\u00e1nchez, respectivamente.<\/p>\n<p><img loading=\"lazy\" decoding=\"async\" class=\"alignnone wp-image-7281 size-medium\" src=\"https:\/\/www.miguelvergara.com\/actualidad\/wp-content\/uploads\/2019\/10\/Miniatura-860x706.jpeg\" alt=\"\" width=\"860\" height=\"706\" srcset=\"https:\/\/www.miguelvergara.com\/actualidad\/wp-content\/uploads\/2019\/10\/Miniatura-860x706.jpeg 860w, https:\/\/www.miguelvergara.com\/actualidad\/wp-content\/uploads\/2019\/10\/Miniatura-768x631.jpeg 768w, https:\/\/www.miguelvergara.com\/actualidad\/wp-content\/uploads\/2019\/10\/Miniatura.jpeg 1024w\" sizes=\"auto, (max-width: 860px) 100vw, 860px\" \/><br \/>\n<!--more--><\/p>\n<p>Como expertos en vacuno durante m\u00e1s de 30 a\u00f1os, hemos mostrado desde nuestro stand todas las ventajas que d\u00eda tras d\u00eda ofrecen nuestros productos al sector c\u00e1rnico, tanto a consumidores como a productores.<\/p>\n<h2>Grupo Miguel Vergara en la feria l\u00edder de alimentaci\u00f3n<\/h2>\n<p>La feria Anuga es un <strong>encuentro indispensable<\/strong> entre empresas relacionadas con el sector de la alimentaci\u00f3n para el comercio, la gastronom\u00eda y el consumo. Este evento, adem\u00e1s, se celebra cada dos a\u00f1os en la ciudad germana de Colonia, por lo que es una fecha muy esperada por expositores y visitantes.<\/p>\n<p>Pero, \u00bf<strong>qu\u00e9 es lo que la convierte en una referencia<\/strong>? Te mostramos los motivos por los que no pod\u00edamos faltar a este renombrado encuentro.<\/p>\n<h3><strong>Excelencia de los expositores<\/strong><\/h3>\n<p>Todo lo que se expone en esta feria goza de una excelencia garantizada. No se trata de una muestra m\u00e1s del mercado, sino de todo un <strong>referente l\u00edder en su sector<\/strong>, tal y como sucede con nuestra <a title=\"Carne de Angus\" href=\"https:\/\/www.miguelvergara.com\/tienda\/\"><strong>carne de Angus<\/strong><\/a>. No es de extra\u00f1ar, ya que nuestro producto viene avalado, adem\u00e1s de por la calidad y nuestra pasi\u00f3n por el vacuno, por reconocimientos tan importantes como nuestro <a title=\"Certificado de bienestar animal AENOR\" href=\"https:\/\/www.miguelvergara.com\/actualidad\/blog\/el-certificado-de-bienestar-animal-aenor\/\"><strong>certificado de bienestar animal AENOR<\/strong><\/a>. De hecho, somos la primera empresa c\u00e1rnica de vacuno en haber obtenido dicha certificaci\u00f3n.<\/p>\n<p>Se trata, por tanto, de una asistencia obligada para conocer y poner en com\u00fan, en un mismo espacio, productos de <strong>m\u00e1xima calidad y garant\u00eda en el sector.<\/strong> Pura excelencia, y por ello esta feria est\u00e1 ligada inevitablemente al prestigio.<\/p>\n<h3><strong>Proyecci\u00f3n de futuro<\/strong><\/h3>\n<p>Durante esta feria es un momento extraordinario para poder conocer de primera mano la <strong>situaci\u00f3n real del sector c\u00e1rnico analizada por profesionales<\/strong> del mismo. Una oportunidad para descubrir m\u00e1s a fondo este \u00e1mbito y, de paso, aprovechar para esclarecer ciertas dudas sobre su consumo, como por ejemplo sucede al hablar de la <a title=\"La importancia de la carne en la dieta de las mujeres\" href=\"https:\/\/www.miguelvergara.com\/actualidad\/blog\/la-carne-y-sus-vitaminas-fundamentales-para-la-dieta-de-las-mujeres\/\"><strong>importancia de la carne en la dieta de las mujeres<\/strong><\/a>.<\/p>\n<p>Nuestra presencia en Colonia no solo aporta gran valor a nuestra marca, sino tambi\u00e9n muestra al resto de continentes nuestro compromiso. Aquel que tenemos adquirido permanentemente desde Grupo Miguel Vergara para <strong>potenciar la producci\u00f3n y consumo de nuestra carne<\/strong>. As\u00ed, podemos ofrecer proyectos tan fundamentales como el de <a title=\"Vergara Life\" href=\"https:\/\/www.miguelvergara.com\/vergara-life\/\"><strong>Vergara Life<\/strong><\/a>.<\/p>\n<p>Supone as\u00ed una oportunidad \u00fanica para exponer, en el <strong>mejor escaparate posible<\/strong> y de forma internacional, no solo el presente, sino el futuro de nuestro sector.<\/p>\n<h3><img loading=\"lazy\" decoding=\"async\" class=\"alignnone wp-image-7280 size-medium\" src=\"https:\/\/www.miguelvergara.com\/actualidad\/wp-content\/uploads\/2019\/10\/Cuerpo-2-645x860.jpg\" alt=\"\" width=\"645\" height=\"860\" srcset=\"https:\/\/www.miguelvergara.com\/actualidad\/wp-content\/uploads\/2019\/10\/Cuerpo-2-645x860.jpg 645w, https:\/\/www.miguelvergara.com\/actualidad\/wp-content\/uploads\/2019\/10\/Cuerpo-2.jpg 768w\" sizes=\"auto, (max-width: 645px) 100vw, 645px\" \/><\/h3>\n<h3><strong>Un dec\u00e1logo de eventos personalizados<\/strong><\/h3>\n<p>Una muestra de la magnitud de la feria Anuga es la gran capacidad de personalizaci\u00f3n que ofrece en un sector tan grande como es el de la alimentaci\u00f3n. La cantidad de \u00e1mbitos que abarca es, precisamente, el aspecto m\u00e1s notable que la caracteriza.<\/p>\n<p>De hecho, este acontecimiento celebrado en <a title=\"Colonia\" href=\"https:\/\/es.wikipedia.org\/wiki\/Colonia_(Alemania)\" target=\"_blank\" rel=\"nofollow noopener noreferrer\"><strong>Colonia<\/strong><\/a> dispone de hasta <strong>10 eventos en una misma feria<\/strong>, ya que no solo engloba el <strong>sector de la alimentaci\u00f3n<\/strong> (incluidos alimentos org\u00e1nicos). Tambi\u00e9n tienen cabida expositores relacionados con las bebidas, los elaborados congelados, la panader\u00eda u otro tipo de productos tecnol\u00f3gicos para facilitar la labor culinaria.<\/p>\n<h3><strong>Red de contactos internacionales<\/strong><\/h3>\n<p>Aunque sea evidente, no por ello es menos trascendente. Debido a motivos tan importantes como los nombrados anteriormente, en este evento se dan cita todo tipo de empresas de otros continentes.<\/p>\n<p>Supone, por tanto, una oportunidad extraordinaria para <strong>tejer contactos de car\u00e1cter internacional y expandir<\/strong>, no solo el conocimiento de nuestra carne, sino su importancia para los ganaderos y consumidores.<\/p>\n<h3><strong>Todo lo bueno de las ferias tradicionales<\/strong><\/h3>\n<p>Como se puede apreciar, la feria Anuga goza de un prestigio superior. Precisamente por ello, tambi\u00e9n re\u00fane todas las <strong><a title=\"Ventajas de las ferias gastron\u00f3micas tradicionales\" href=\"https:\/\/www.miguelvergara.com\/actualidad\/blog\/por-que-visitar-ferias-gastronomicas\/\">ventajas de las ferias gastron\u00f3micas tradicionales<\/a><\/strong>. Por lo tanto, conocer nuevos productos, aprender de gastronom\u00eda y realizar una actividad de ocio diferente tambi\u00e9n forman parte de este importante encuentro relacionado con el comercio, la gastronom\u00eda y el consumo.<\/p>\n<h2><strong>Completamos un recorrido por las mejores ferias gastron\u00f3micas<\/strong><\/h2>\n<p>Tras este renombrado evento, hemos completado un a\u00f1o envidiable a lo largo de toda la geograf\u00eda mundial dando a conocer toda la excelencia de nuestros productos.<\/p>\n<p>Un a\u00f1o en el que hemos participado en la Foodex Japan (Tokio), la 33\u00aa Edici\u00f3n de Sal\u00f3n Gourmets (Madrid), la 18\u00aa Edici\u00f3n de Asian Food Hospitality Trade Show HofEx China (Hong Kong), la Speciality Fine Food (Singapur) y en la Meat Attraction (Madrid), entre otras.<\/p>\n<p>Sin duda un recorrido para estar doblemente orgullosos: por todo lo conseguido y todo el trabajo desempe\u00f1ado por el equipo de <strong>Grupo Miguel Vergara<\/strong> que ha acudido a dichos eventos.<\/p>\n","protected":false},"excerpt":{"rendered":"<p>Si hay una feria por excelencia del sector alimentario internacional, \u00e9sa es la Feria Anuga, en Colonia. Como no pod\u00eda ser de otra manera, Grupo Miguel Vergara estuvo presente en este prestigioso evento internacional celebrado en Alemania, hasta donde se desplazaron nuestros directores de exportaci\u00f3n, marketing y comercial: Raul Delgado, Elena Revilla y Eduardo S\u00e1nchez, [&hellip;]<\/p>\n","protected":false},"author":1,"featured_media":7279,"comment_status":"closed","ping_status":"closed","sticky":false,"template":"","format":"standard","meta":{"footnotes":""},"categories":[2,569],"tags":[],"class_list":["post-3310","post","type-post","status-publish","format-standard","has-post-thumbnail","hentry","category-blog","category-razas-produccion-responsable"],"yoast_head":"<!-- This site is optimized with the Yoast SEO plugin v27.4 - https:\/\/yoast.com\/product\/yoast-seo-wordpress\/ -->\n<title>Miguel Vergara en la mayor feria agroalimentaria mundial: Anuga (Colonia)<\/title>\n<meta name=\"description\" content=\"Desde Grupo Miguel Vergara asistimos a la feria por excelencia del sector alimentario: se trata de la Feria Anuga, en Colonia.\" \/>\n<meta name=\"robots\" content=\"index, follow, max-snippet:-1, max-image-preview:large, max-video-preview:-1\" \/>\n<link rel=\"canonical\" href=\"https:\/\/www.miguelvergara.com\/actualidad\/blog\/la-mayor-feria-agroalimentaria-anuga-en-colonia\/\" \/>\n<meta property=\"og:locale\" content=\"es_ES\" \/>\n<meta property=\"og:type\" content=\"article\" \/>\n<meta property=\"og:title\" content=\"Miguel Vergara en la mayor feria agroalimentaria mundial: Anuga (Colonia)\" \/>\n<meta property=\"og:description\" content=\"Desde Grupo Miguel Vergara asistimos a la feria por excelencia del sector alimentario: se trata de la Feria Anuga, en Colonia.\" \/>\n<meta property=\"og:url\" content=\"https:\/\/www.miguelvergara.com\/actualidad\/blog\/la-mayor-feria-agroalimentaria-anuga-en-colonia\/\" \/>\n<meta property=\"og:site_name\" content=\"Blog\" \/>\n<meta property=\"article:published_time\" content=\"2019-10-10T09:08:15+00:00\" \/>\n<meta property=\"article:modified_time\" content=\"2026-03-16T10:22:49+00:00\" \/>\n<meta property=\"og:image\" content=\"https:\/\/www.miguelvergara.com\/actualidad\/wp-content\/uploads\/2019\/10\/Cuerpo-1.jpeg\" \/>\n\t<meta property=\"og:image:width\" content=\"1024\" \/>\n\t<meta property=\"og:image:height\" content=\"841\" \/>\n\t<meta property=\"og:image:type\" content=\"image\/jpeg\" \/>\n<meta name=\"author\" content=\"Mhh4a0@4\" \/>\n<meta name=\"twitter:card\" content=\"summary_large_image\" \/>\n<meta name=\"twitter:label1\" content=\"Escrito por\" \/>\n\t<meta name=\"twitter:data1\" content=\"Mhh4a0@4\" \/>\n\t<meta name=\"twitter:label2\" content=\"Tiempo de lectura\" \/>\n\t<meta name=\"twitter:data2\" content=\"4 minutos\" \/>\n<script type=\"application\/ld+json\" class=\"yoast-schema-graph\">{\"@context\":\"https:\\\/\\\/schema.org\",\"@graph\":[{\"@type\":\"Article\",\"@id\":\"https:\\\/\\\/www.miguelvergara.com\\\/actualidad\\\/blog\\\/la-mayor-feria-agroalimentaria-anuga-en-colonia\\\/#article\",\"isPartOf\":{\"@id\":\"https:\\\/\\\/www.miguelvergara.com\\\/actualidad\\\/blog\\\/la-mayor-feria-agroalimentaria-anuga-en-colonia\\\/\"},\"author\":{\"name\":\"Mhh4a0@4\",\"@id\":\"https:\\\/\\\/www.miguelvergara.com\\\/actualidad\\\/#\\\/schema\\\/person\\\/273d4cc3f46c4455932a4634619cfd09\"},\"headline\":\"Miguel Vergara en la mayor feria agroalimentaria del mundo: Anuga, en Colonia\",\"datePublished\":\"2019-10-10T09:08:15+00:00\",\"dateModified\":\"2026-03-16T10:22:49+00:00\",\"mainEntityOfPage\":{\"@id\":\"https:\\\/\\\/www.miguelvergara.com\\\/actualidad\\\/blog\\\/la-mayor-feria-agroalimentaria-anuga-en-colonia\\\/\"},\"wordCount\":843,\"image\":{\"@id\":\"https:\\\/\\\/www.miguelvergara.com\\\/actualidad\\\/blog\\\/la-mayor-feria-agroalimentaria-anuga-en-colonia\\\/#primaryimage\"},\"thumbnailUrl\":\"https:\\\/\\\/www.miguelvergara.com\\\/actualidad\\\/wp-content\\\/uploads\\\/2019\\\/10\\\/Cuerpo-1.jpeg\",\"articleSection\":[\"Blog\",\"Razas y producci\u00f3n responsable\"],\"inLanguage\":\"es\"},{\"@type\":\"WebPage\",\"@id\":\"https:\\\/\\\/www.miguelvergara.com\\\/actualidad\\\/blog\\\/la-mayor-feria-agroalimentaria-anuga-en-colonia\\\/\",\"url\":\"https:\\\/\\\/www.miguelvergara.com\\\/actualidad\\\/blog\\\/la-mayor-feria-agroalimentaria-anuga-en-colonia\\\/\",\"name\":\"Miguel Vergara en la mayor feria agroalimentaria mundial: Anuga (Colonia)\",\"isPartOf\":{\"@id\":\"https:\\\/\\\/www.miguelvergara.com\\\/actualidad\\\/#website\"},\"primaryImageOfPage\":{\"@id\":\"https:\\\/\\\/www.miguelvergara.com\\\/actualidad\\\/blog\\\/la-mayor-feria-agroalimentaria-anuga-en-colonia\\\/#primaryimage\"},\"image\":{\"@id\":\"https:\\\/\\\/www.miguelvergara.com\\\/actualidad\\\/blog\\\/la-mayor-feria-agroalimentaria-anuga-en-colonia\\\/#primaryimage\"},\"thumbnailUrl\":\"https:\\\/\\\/www.miguelvergara.com\\\/actualidad\\\/wp-content\\\/uploads\\\/2019\\\/10\\\/Cuerpo-1.jpeg\",\"datePublished\":\"2019-10-10T09:08:15+00:00\",\"dateModified\":\"2026-03-16T10:22:49+00:00\",\"author\":{\"@id\":\"https:\\\/\\\/www.miguelvergara.com\\\/actualidad\\\/#\\\/schema\\\/person\\\/273d4cc3f46c4455932a4634619cfd09\"},\"description\":\"Desde Grupo Miguel Vergara asistimos a la feria por excelencia del sector alimentario: se trata de la Feria Anuga, en Colonia.\",\"breadcrumb\":{\"@id\":\"https:\\\/\\\/www.miguelvergara.com\\\/actualidad\\\/blog\\\/la-mayor-feria-agroalimentaria-anuga-en-colonia\\\/#breadcrumb\"},\"inLanguage\":\"es\",\"potentialAction\":[{\"@type\":\"ReadAction\",\"target\":[\"https:\\\/\\\/www.miguelvergara.com\\\/actualidad\\\/blog\\\/la-mayor-feria-agroalimentaria-anuga-en-colonia\\\/\"]}]},{\"@type\":\"ImageObject\",\"inLanguage\":\"es\",\"@id\":\"https:\\\/\\\/www.miguelvergara.com\\\/actualidad\\\/blog\\\/la-mayor-feria-agroalimentaria-anuga-en-colonia\\\/#primaryimage\",\"url\":\"https:\\\/\\\/www.miguelvergara.com\\\/actualidad\\\/wp-content\\\/uploads\\\/2019\\\/10\\\/Cuerpo-1.jpeg\",\"contentUrl\":\"https:\\\/\\\/www.miguelvergara.com\\\/actualidad\\\/wp-content\\\/uploads\\\/2019\\\/10\\\/Cuerpo-1.jpeg\",\"width\":1024,\"height\":841},{\"@type\":\"BreadcrumbList\",\"@id\":\"https:\\\/\\\/www.miguelvergara.com\\\/actualidad\\\/blog\\\/la-mayor-feria-agroalimentaria-anuga-en-colonia\\\/#breadcrumb\",\"itemListElement\":[{\"@type\":\"ListItem\",\"position\":1,\"name\":\"Portada\",\"item\":\"https:\\\/\\\/www.miguelvergara.com\\\/actualidad\\\/\"},{\"@type\":\"ListItem\",\"position\":2,\"name\":\"Miguel Vergara en la mayor feria agroalimentaria del mundo: Anuga, en Colonia\"}]},{\"@type\":\"WebSite\",\"@id\":\"https:\\\/\\\/www.miguelvergara.com\\\/actualidad\\\/#website\",\"url\":\"https:\\\/\\\/www.miguelvergara.com\\\/actualidad\\\/\",\"name\":\"Blog\",\"description\":\"\",\"potentialAction\":[{\"@type\":\"SearchAction\",\"target\":{\"@type\":\"EntryPoint\",\"urlTemplate\":\"https:\\\/\\\/www.miguelvergara.com\\\/actualidad\\\/?s={search_term_string}\"},\"query-input\":{\"@type\":\"PropertyValueSpecification\",\"valueRequired\":true,\"valueName\":\"search_term_string\"}}],\"inLanguage\":\"es\"},{\"@type\":\"Person\",\"@id\":\"https:\\\/\\\/www.miguelvergara.com\\\/actualidad\\\/#\\\/schema\\\/person\\\/273d4cc3f46c4455932a4634619cfd09\",\"name\":\"Mhh4a0@4\",\"sameAs\":[\"https:\\\/\\\/www.miguelvergara.com\\\/actualidad\"]}]}<\/script>\n<!-- \/ Yoast SEO plugin. -->","yoast_head_json":{"title":"Miguel Vergara en la mayor feria agroalimentaria mundial: Anuga (Colonia)","description":"Desde Grupo Miguel Vergara asistimos a la feria por excelencia del sector alimentario: se trata de la Feria Anuga, en Colonia.","robots":{"index":"index","follow":"follow","max-snippet":"max-snippet:-1","max-image-preview":"max-image-preview:large","max-video-preview":"max-video-preview:-1"},"canonical":"https:\/\/www.miguelvergara.com\/actualidad\/blog\/la-mayor-feria-agroalimentaria-anuga-en-colonia\/","og_locale":"es_ES","og_type":"article","og_title":"Miguel Vergara en la mayor feria agroalimentaria mundial: Anuga (Colonia)","og_description":"Desde Grupo Miguel Vergara asistimos a la feria por excelencia del sector alimentario: se trata de la Feria Anuga, en Colonia.","og_url":"https:\/\/www.miguelvergara.com\/actualidad\/blog\/la-mayor-feria-agroalimentaria-anuga-en-colonia\/","og_site_name":"Blog","article_published_time":"2019-10-10T09:08:15+00:00","article_modified_time":"2026-03-16T10:22:49+00:00","og_image":[{"width":1024,"height":841,"url":"https:\/\/www.miguelvergara.com\/actualidad\/wp-content\/uploads\/2019\/10\/Cuerpo-1.jpeg","type":"image\/jpeg"}],"author":"Mhh4a0@4","twitter_card":"summary_large_image","twitter_misc":{"Escrito por":"Mhh4a0@4","Tiempo de lectura":"4 minutos"},"schema":{"@context":"https:\/\/schema.org","@graph":[{"@type":"Article","@id":"https:\/\/www.miguelvergara.com\/actualidad\/blog\/la-mayor-feria-agroalimentaria-anuga-en-colonia\/#article","isPartOf":{"@id":"https:\/\/www.miguelvergara.com\/actualidad\/blog\/la-mayor-feria-agroalimentaria-anuga-en-colonia\/"},"author":{"name":"Mhh4a0@4","@id":"https:\/\/www.miguelvergara.com\/actualidad\/#\/schema\/person\/273d4cc3f46c4455932a4634619cfd09"},"headline":"Miguel Vergara en la mayor feria agroalimentaria del mundo: Anuga, en Colonia","datePublished":"2019-10-10T09:08:15+00:00","dateModified":"2026-03-16T10:22:49+00:00","mainEntityOfPage":{"@id":"https:\/\/www.miguelvergara.com\/actualidad\/blog\/la-mayor-feria-agroalimentaria-anuga-en-colonia\/"},"wordCount":843,"image":{"@id":"https:\/\/www.miguelvergara.com\/actualidad\/blog\/la-mayor-feria-agroalimentaria-anuga-en-colonia\/#primaryimage"},"thumbnailUrl":"https:\/\/www.miguelvergara.com\/actualidad\/wp-content\/uploads\/2019\/10\/Cuerpo-1.jpeg","articleSection":["Blog","Razas y producci\u00f3n responsable"],"inLanguage":"es"},{"@type":"WebPage","@id":"https:\/\/www.miguelvergara.com\/actualidad\/blog\/la-mayor-feria-agroalimentaria-anuga-en-colonia\/","url":"https:\/\/www.miguelvergara.com\/actualidad\/blog\/la-mayor-feria-agroalimentaria-anuga-en-colonia\/","name":"Miguel Vergara en la mayor feria agroalimentaria mundial: Anuga (Colonia)","isPartOf":{"@id":"https:\/\/www.miguelvergara.com\/actualidad\/#website"},"primaryImageOfPage":{"@id":"https:\/\/www.miguelvergara.com\/actualidad\/blog\/la-mayor-feria-agroalimentaria-anuga-en-colonia\/#primaryimage"},"image":{"@id":"https:\/\/www.miguelvergara.com\/actualidad\/blog\/la-mayor-feria-agroalimentaria-anuga-en-colonia\/#primaryimage"},"thumbnailUrl":"https:\/\/www.miguelvergara.com\/actualidad\/wp-content\/uploads\/2019\/10\/Cuerpo-1.jpeg","datePublished":"2019-10-10T09:08:15+00:00","dateModified":"2026-03-16T10:22:49+00:00","author":{"@id":"https:\/\/www.miguelvergara.com\/actualidad\/#\/schema\/person\/273d4cc3f46c4455932a4634619cfd09"},"description":"Desde Grupo Miguel Vergara asistimos a la feria por excelencia del sector alimentario: se trata de la Feria Anuga, en Colonia.","breadcrumb":{"@id":"https:\/\/www.miguelvergara.com\/actualidad\/blog\/la-mayor-feria-agroalimentaria-anuga-en-colonia\/#breadcrumb"},"inLanguage":"es","potentialAction":[{"@type":"ReadAction","target":["https:\/\/www.miguelvergara.com\/actualidad\/blog\/la-mayor-feria-agroalimentaria-anuga-en-colonia\/"]}]},{"@type":"ImageObject","inLanguage":"es","@id":"https:\/\/www.miguelvergara.com\/actualidad\/blog\/la-mayor-feria-agroalimentaria-anuga-en-colonia\/#primaryimage","url":"https:\/\/www.miguelvergara.com\/actualidad\/wp-content\/uploads\/2019\/10\/Cuerpo-1.jpeg","contentUrl":"https:\/\/www.miguelvergara.com\/actualidad\/wp-content\/uploads\/2019\/10\/Cuerpo-1.jpeg","width":1024,"height":841},{"@type":"BreadcrumbList","@id":"https:\/\/www.miguelvergara.com\/actualidad\/blog\/la-mayor-feria-agroalimentaria-anuga-en-colonia\/#breadcrumb","itemListElement":[{"@type":"ListItem","position":1,"name":"Portada","item":"https:\/\/www.miguelvergara.com\/actualidad\/"},{"@type":"ListItem","position":2,"name":"Miguel Vergara en la mayor feria agroalimentaria del mundo: Anuga, en Colonia"}]},{"@type":"WebSite","@id":"https:\/\/www.miguelvergara.com\/actualidad\/#website","url":"https:\/\/www.miguelvergara.com\/actualidad\/","name":"Blog","description":"","potentialAction":[{"@type":"SearchAction","target":{"@type":"EntryPoint","urlTemplate":"https:\/\/www.miguelvergara.com\/actualidad\/?s={search_term_string}"},"query-input":{"@type":"PropertyValueSpecification","valueRequired":true,"valueName":"search_term_string"}}],"inLanguage":"es"},{"@type":"Person","@id":"https:\/\/www.miguelvergara.com\/actualidad\/#\/schema\/person\/273d4cc3f46c4455932a4634619cfd09","name":"Mhh4a0@4","sameAs":["https:\/\/www.miguelvergara.com\/actualidad"]}]}},"_links":{"self":[{"href":"https:\/\/www.miguelvergara.com\/actualidad\/wp-json\/wp\/v2\/posts\/3310","targetHints":{"allow":["GET"]}}],"collection":[{"href":"https:\/\/www.miguelvergara.com\/actualidad\/wp-json\/wp\/v2\/posts"}],"about":[{"href":"https:\/\/www.miguelvergara.com\/actualidad\/wp-json\/wp\/v2\/types\/post"}],"author":[{"embeddable":true,"href":"https:\/\/www.miguelvergara.com\/actualidad\/wp-json\/wp\/v2\/users\/1"}],"replies":[{"embeddable":true,"href":"https:\/\/www.miguelvergara.com\/actualidad\/wp-json\/wp\/v2\/comments?post=3310"}],"version-history":[{"count":8,"href":"https:\/\/www.miguelvergara.com\/actualidad\/wp-json\/wp\/v2\/posts\/3310\/revisions"}],"predecessor-version":[{"id":7957,"href":"https:\/\/www.miguelvergara.com\/actualidad\/wp-json\/wp\/v2\/posts\/3310\/revisions\/7957"}],"wp:featuredmedia":[{"embeddable":true,"href":"https:\/\/www.miguelvergara.com\/actualidad\/wp-json\/wp\/v2\/media\/7279"}],"wp:attachment":[{"href":"https:\/\/www.miguelvergara.com\/actualidad\/wp-json\/wp\/v2\/media?parent=3310"}],"wp:term":[{"taxonomy":"category","embeddable":true,"href":"https:\/\/www.miguelvergara.com\/actualidad\/wp-json\/wp\/v2\/categories?post=3310"},{"taxonomy":"post_tag","embeddable":true,"href":"https:\/\/www.miguelvergara.com\/actualidad\/wp-json\/wp\/v2\/tags?post=3310"}],"curies":[{"name":"wp","href":"https:\/\/api.w.org\/{rel}","templated":true}]}}