{"id":3407,"date":"2020-09-16T22:51:26","date_gmt":"2020-09-16T22:51:26","guid":{"rendered":"https:\/\/www.miguelvergara.com\/?p=3407"},"modified":"2025-07-03T17:25:17","modified_gmt":"2025-07-03T15:25:17","slug":"miguel-vergara-recibe-el-premio-al-mejor-directivo-de-empresa-de-castilla-y-leon","status":"publish","type":"post","link":"https:\/\/www.miguelvergara.com\/actualidad\/notas-de-prensa\/miguel-vergara-recibe-el-premio-al-mejor-directivo-de-empresa-de-castilla-y-leon\/","title":{"rendered":"Miguel Vergara recibe el Premio al Mejor Directivo de Empresa de Castilla y Le\u00f3n"},"content":{"rendered":"<ul>\n<li><strong>El acto ha tenido lugar bajo estrictas medidas de seguridad en Abad\u00eda Retuerta LeDomaine<\/strong><\/li>\n<li><strong>Vergara Zamora destaca el est\u00edmulo que suponen estos galardones para crear marca regional<\/strong><\/li>\n<\/ul>\n<p><!--more--><\/p>\n<p><strong><img loading=\"lazy\" decoding=\"async\" class=\"alignnone wp-image-3408 size-full\" src=\"https:\/\/www.miguelvergara.com\/actualidad\/wp-content\/uploads\/2020\/10\/160920-MV-Premios-Mejor-Directivo-Empresa-CyL.jpeg\" alt=\"\" width=\"1024\" height=\"768\" \/>Valladolid, 16 de septiembre de 2020.- <\/strong>Miguel Vergara Zamora, consejero delegado de <strong>Grupo Miguel Vergara<\/strong>, ha recibido hoy el galard\u00f3n al \u201cMejor Directivo de Empresa de Castilla y Le\u00f3n\u201d de los VI Premios Mejor Directivo de la regi\u00f3n que organiza la revista Castilla y Le\u00f3n Econ\u00f3mica. Este certamen fue fallado en abril pero su celebraci\u00f3n, en la bodega-hotel 5* vallisoletano Abad\u00eda Retuerta LeDomaine y bajo estrictas medidas de aforo y seguridad, ha tenido que posponerse hasta esta fecha por motivos del Covid-19.<\/p>\n<p>Miguel Vergara Zamora, segunda generaci\u00f3n al frente del holding empresarial que lleva su nombre, ha visto recompensado con este reconocimiento su gesti\u00f3n impulsado el crecimiento de su empresa ubicada la comunidad castellanoleonesa y se ha mostrado \u201csatisfecho y emocionado enormemente\u201d. \u201cMi compromiso, y el del Grupo Miguel Vergara, siempre ha sido, es y ser\u00e1, el de\u00a0elaborar y poner en el mercado productos excelentes. Por eso, celebro que el esfuerzo, el cuidado y el esmero que dedicamos d\u00eda a d\u00eda a nuestro trabajo, obtenga hoy este reconocimiento\u00bb, ha dicho.\u00a0Adem\u00e1s, Vergara Zamora ha querido agradecer a la revista econ\u00f3mica \u201cel trabajo que desempe\u00f1an por estimular a los empresarios de la regi\u00f3n a crear marca castellano y leonesa en nuestro pa\u00eds y fuera de \u00e9l.<\/p>\n<h3 class=\"title\">La gala virtual de los VII Premios al Mejor Directivo de Castilla y Le\u00f3n Econ\u00f3mica, podr\u00e1 verse el d\u00eda 8 de octubre a las 18,00 horas en este <a href=\"https:\/\/www.youtube.com\/watch?v=H6X3m6fayIE&amp;feature=youtu.be\">enlace.<\/a><\/h3>\n<p><strong>Otros premiados<\/strong><\/p>\n<p>Entre el resto de galardonados se encontraron Jes\u00fas Ponce, presidente del <a href=\"https:\/\/www.novartis.es\/\">Grupo Novartis Espa\u00f1a<\/a>, como Mejor Directivo de Castilla y Le\u00f3n que Triunfa Fuera; Jos\u00e9 Mar\u00eda Mart\u00ednez P\u00e9rez, director general de\u00a0<a href=\"https:\/\/www.amriglobal.com\/\">CrystalPharma Amri-Spain<\/a>, en la categor\u00eda Multinacional ubicada en Castilla y Le\u00f3n; Susana Hern\u00e1ndez Mu\u00f1oz, directora financiera de\u00a0<a href=\"https:\/\/www.signify.com\/es-es\">Signify<\/a>\u00a0y\u00a0<a href=\"https:\/\/saetadiecasting.com\/\">Saeta Die Casting<\/a>, en la secci\u00f3n Financiero; Roberto Sanz Soblechero, director de Marketing, Comunicaci\u00f3n y Estrategia del\u00a0<a href=\"https:\/\/matarromera.es\/\">Grupo Matarromera<\/a>, en Comercial\/Marketing; Vanesa Bl\u00e1zquez, directora del Departamento de Personas del\u00a0<a href=\"https:\/\/www.grupocopese.com\/\">Grupo Copese<\/a>, en Recursos Humanos; Enrique Santero, director de Exportaci\u00f3n de\u00a0<a href=\"https:\/\/www.maeshoney.com\/\">Maes Honey<\/a>, en Exportaci\u00f3n\/Internacionalizaci\u00f3n; Alberto Oliva Gonz\u00e1lez, director de Innovaci\u00f3n del\u00a0Grupo Rockethall, en I+D+i; y Jorge Lorenzo Fern\u00e1ndez, director de Calidad, I+D+i y Medio Ambiente del\u00a0<a href=\"https:\/\/www.tecozam.com\/es\">Grupo Tecozam<\/a>, en la categor\u00eda de Calidad.<\/p>\n","protected":false},"excerpt":{"rendered":"<p>Miguel Vergara Zamora, consejero delegado de Grupo Miguel Vergara, ha recibido hoy el galard\u00f3n al \u201cMejor Directivo de Empresa de Castilla y Le\u00f3n\u201d de los VI Premios Mejor Directivo de la regi\u00f3n que organiza la revista Castilla y Le\u00f3n Econ\u00f3mica. Este certamen fue fallado en abril pero su celebraci\u00f3n, en la bodega-hotel 5* vallisoletano Abad\u00eda Retuerta LeDomaine y bajo estrictas medidas de aforo y seguridad, ha tenido que posponerse hasta esta fecha por motivos del Covid-19.\u00a0<\/p>\n","protected":false},"author":1,"featured_media":3408,"comment_status":"closed","ping_status":"closed","sticky":false,"template":"","format":"standard","meta":{"footnotes":""},"categories":[3],"tags":[190,191,192,193,194,235,236,195,196,197,198,132,199,146],"class_list":["post-3407","post","type-post","status-publish","format-standard","has-post-thumbnail","hentry","category-notas-de-prensa","tag-carnica","tag-castilla-y-leon","tag-directivo","tag-economica","tag-empresa","tag-evento","tag-gala","tag-galardon","tag-grupo-miguel-vergara","tag-jurado","tag-mejor-directivo","tag-miguel-vergara","tag-premiados","tag-premio"],"yoast_head":"<!-- This site is optimized with the Yoast SEO plugin v27.4 - https:\/\/yoast.com\/product\/yoast-seo-wordpress\/ -->\n<title>Miguel Vergara premiado como Mejor Directivo de Empresa en CyL - Blog<\/title>\n<meta name=\"description\" content=\"El consejero delegado del Grupo ha sido as\u00ed reconocido en los VI Premios Mejor Directivo que organiza la revista Castilla y Le\u00f3n Econ\u00f3mica.\" \/>\n<meta name=\"robots\" content=\"index, follow, max-snippet:-1, max-image-preview:large, max-video-preview:-1\" \/>\n<link rel=\"canonical\" href=\"https:\/\/www.miguelvergara.com\/actualidad\/notas-de-prensa\/miguel-vergara-recibe-el-premio-al-mejor-directivo-de-empresa-de-castilla-y-leon\/\" \/>\n<meta property=\"og:locale\" content=\"es_ES\" \/>\n<meta property=\"og:type\" content=\"article\" \/>\n<meta property=\"og:title\" content=\"Miguel Vergara premiado como Mejor Directivo de Empresa en CyL - Blog\" \/>\n<meta property=\"og:description\" content=\"El consejero delegado del Grupo ha sido as\u00ed reconocido en los VI Premios Mejor Directivo que organiza la revista Castilla y Le\u00f3n Econ\u00f3mica.\" \/>\n<meta property=\"og:url\" content=\"https:\/\/www.miguelvergara.com\/actualidad\/notas-de-prensa\/miguel-vergara-recibe-el-premio-al-mejor-directivo-de-empresa-de-castilla-y-leon\/\" \/>\n<meta property=\"og:site_name\" content=\"Blog\" \/>\n<meta property=\"article:published_time\" content=\"2020-09-16T22:51:26+00:00\" \/>\n<meta property=\"article:modified_time\" content=\"2025-07-03T15:25:17+00:00\" \/>\n<meta property=\"og:image\" content=\"https:\/\/www.miguelvergara.com\/actualidad\/wp-content\/uploads\/2020\/10\/160920-MV-Premios-Mejor-Directivo-Empresa-CyL-1.jpeg\" \/>\n\t<meta property=\"og:image:width\" content=\"1024\" \/>\n\t<meta property=\"og:image:height\" content=\"768\" \/>\n\t<meta property=\"og:image:type\" content=\"image\/jpeg\" \/>\n<meta name=\"author\" content=\"Mhh4a0@4\" \/>\n<meta name=\"twitter:card\" content=\"summary_large_image\" \/>\n<meta name=\"twitter:label1\" content=\"Escrito por\" \/>\n\t<meta name=\"twitter:data1\" content=\"Mhh4a0@4\" \/>\n\t<meta name=\"twitter:label2\" content=\"Tiempo de lectura\" \/>\n\t<meta name=\"twitter:data2\" content=\"3 minutos\" \/>\n<script type=\"application\/ld+json\" class=\"yoast-schema-graph\">{\"@context\":\"https:\\\/\\\/schema.org\",\"@graph\":[{\"@type\":\"Article\",\"@id\":\"https:\\\/\\\/www.miguelvergara.com\\\/actualidad\\\/notas-de-prensa\\\/miguel-vergara-recibe-el-premio-al-mejor-directivo-de-empresa-de-castilla-y-leon\\\/#article\",\"isPartOf\":{\"@id\":\"https:\\\/\\\/www.miguelvergara.com\\\/actualidad\\\/notas-de-prensa\\\/miguel-vergara-recibe-el-premio-al-mejor-directivo-de-empresa-de-castilla-y-leon\\\/\"},\"author\":{\"name\":\"Mhh4a0@4\",\"@id\":\"https:\\\/\\\/www.miguelvergara.com\\\/actualidad\\\/#\\\/schema\\\/person\\\/273d4cc3f46c4455932a4634619cfd09\"},\"headline\":\"Miguel Vergara recibe el Premio al Mejor Directivo de Empresa de Castilla y Le\u00f3n\",\"datePublished\":\"2020-09-16T22:51:26+00:00\",\"dateModified\":\"2025-07-03T15:25:17+00:00\",\"mainEntityOfPage\":{\"@id\":\"https:\\\/\\\/www.miguelvergara.com\\\/actualidad\\\/notas-de-prensa\\\/miguel-vergara-recibe-el-premio-al-mejor-directivo-de-empresa-de-castilla-y-leon\\\/\"},\"wordCount\":446,\"image\":{\"@id\":\"https:\\\/\\\/www.miguelvergara.com\\\/actualidad\\\/notas-de-prensa\\\/miguel-vergara-recibe-el-premio-al-mejor-directivo-de-empresa-de-castilla-y-leon\\\/#primaryimage\"},\"thumbnailUrl\":\"https:\\\/\\\/www.miguelvergara.com\\\/actualidad\\\/wp-content\\\/uploads\\\/2020\\\/10\\\/160920-MV-Premios-Mejor-Directivo-Empresa-CyL-1.jpeg\",\"keywords\":[\"Carnica\",\"Castilla y Leon\",\"Directivo\",\"Economica\",\"Empresa\",\"evento\",\"gala\",\"Galard\u00f3n\",\"Grupo Miguel Vergara\",\"Jurado\",\"Mejor Directivo\",\"miguel vergara\",\"Premiados\",\"premio\"],\"articleSection\":[\"Notas de prensa\"],\"inLanguage\":\"es\"},{\"@type\":\"WebPage\",\"@id\":\"https:\\\/\\\/www.miguelvergara.com\\\/actualidad\\\/notas-de-prensa\\\/miguel-vergara-recibe-el-premio-al-mejor-directivo-de-empresa-de-castilla-y-leon\\\/\",\"url\":\"https:\\\/\\\/www.miguelvergara.com\\\/actualidad\\\/notas-de-prensa\\\/miguel-vergara-recibe-el-premio-al-mejor-directivo-de-empresa-de-castilla-y-leon\\\/\",\"name\":\"Miguel Vergara premiado como Mejor Directivo de Empresa en CyL - Blog\",\"isPartOf\":{\"@id\":\"https:\\\/\\\/www.miguelvergara.com\\\/actualidad\\\/#website\"},\"primaryImageOfPage\":{\"@id\":\"https:\\\/\\\/www.miguelvergara.com\\\/actualidad\\\/notas-de-prensa\\\/miguel-vergara-recibe-el-premio-al-mejor-directivo-de-empresa-de-castilla-y-leon\\\/#primaryimage\"},\"image\":{\"@id\":\"https:\\\/\\\/www.miguelvergara.com\\\/actualidad\\\/notas-de-prensa\\\/miguel-vergara-recibe-el-premio-al-mejor-directivo-de-empresa-de-castilla-y-leon\\\/#primaryimage\"},\"thumbnailUrl\":\"https:\\\/\\\/www.miguelvergara.com\\\/actualidad\\\/wp-content\\\/uploads\\\/2020\\\/10\\\/160920-MV-Premios-Mejor-Directivo-Empresa-CyL-1.jpeg\",\"datePublished\":\"2020-09-16T22:51:26+00:00\",\"dateModified\":\"2025-07-03T15:25:17+00:00\",\"author\":{\"@id\":\"https:\\\/\\\/www.miguelvergara.com\\\/actualidad\\\/#\\\/schema\\\/person\\\/273d4cc3f46c4455932a4634619cfd09\"},\"description\":\"El consejero delegado del Grupo ha sido as\u00ed reconocido en los VI Premios Mejor Directivo que organiza la revista Castilla y Le\u00f3n Econ\u00f3mica.\",\"breadcrumb\":{\"@id\":\"https:\\\/\\\/www.miguelvergara.com\\\/actualidad\\\/notas-de-prensa\\\/miguel-vergara-recibe-el-premio-al-mejor-directivo-de-empresa-de-castilla-y-leon\\\/#breadcrumb\"},\"inLanguage\":\"es\",\"potentialAction\":[{\"@type\":\"ReadAction\",\"target\":[\"https:\\\/\\\/www.miguelvergara.com\\\/actualidad\\\/notas-de-prensa\\\/miguel-vergara-recibe-el-premio-al-mejor-directivo-de-empresa-de-castilla-y-leon\\\/\"]}]},{\"@type\":\"ImageObject\",\"inLanguage\":\"es\",\"@id\":\"https:\\\/\\\/www.miguelvergara.com\\\/actualidad\\\/notas-de-prensa\\\/miguel-vergara-recibe-el-premio-al-mejor-directivo-de-empresa-de-castilla-y-leon\\\/#primaryimage\",\"url\":\"https:\\\/\\\/www.miguelvergara.com\\\/actualidad\\\/wp-content\\\/uploads\\\/2020\\\/10\\\/160920-MV-Premios-Mejor-Directivo-Empresa-CyL-1.jpeg\",\"contentUrl\":\"https:\\\/\\\/www.miguelvergara.com\\\/actualidad\\\/wp-content\\\/uploads\\\/2020\\\/10\\\/160920-MV-Premios-Mejor-Directivo-Empresa-CyL-1.jpeg\",\"width\":1024,\"height\":768},{\"@type\":\"BreadcrumbList\",\"@id\":\"https:\\\/\\\/www.miguelvergara.com\\\/actualidad\\\/notas-de-prensa\\\/miguel-vergara-recibe-el-premio-al-mejor-directivo-de-empresa-de-castilla-y-leon\\\/#breadcrumb\",\"itemListElement\":[{\"@type\":\"ListItem\",\"position\":1,\"name\":\"Portada\",\"item\":\"https:\\\/\\\/www.miguelvergara.com\\\/actualidad\\\/\"},{\"@type\":\"ListItem\",\"position\":2,\"name\":\"Miguel Vergara recibe el Premio al Mejor Directivo de Empresa de Castilla y Le\u00f3n\"}]},{\"@type\":\"WebSite\",\"@id\":\"https:\\\/\\\/www.miguelvergara.com\\\/actualidad\\\/#website\",\"url\":\"https:\\\/\\\/www.miguelvergara.com\\\/actualidad\\\/\",\"name\":\"Blog\",\"description\":\"\",\"potentialAction\":[{\"@type\":\"SearchAction\",\"target\":{\"@type\":\"EntryPoint\",\"urlTemplate\":\"https:\\\/\\\/www.miguelvergara.com\\\/actualidad\\\/?s={search_term_string}\"},\"query-input\":{\"@type\":\"PropertyValueSpecification\",\"valueRequired\":true,\"valueName\":\"search_term_string\"}}],\"inLanguage\":\"es\"},{\"@type\":\"Person\",\"@id\":\"https:\\\/\\\/www.miguelvergara.com\\\/actualidad\\\/#\\\/schema\\\/person\\\/273d4cc3f46c4455932a4634619cfd09\",\"name\":\"Mhh4a0@4\",\"sameAs\":[\"https:\\\/\\\/www.miguelvergara.com\\\/actualidad\"]}]}<\/script>\n<!-- \/ Yoast SEO plugin. -->","yoast_head_json":{"title":"Miguel Vergara premiado como Mejor Directivo de Empresa en CyL - Blog","description":"El consejero delegado del Grupo ha sido as\u00ed reconocido en los VI Premios Mejor Directivo que organiza la revista Castilla y Le\u00f3n Econ\u00f3mica.","robots":{"index":"index","follow":"follow","max-snippet":"max-snippet:-1","max-image-preview":"max-image-preview:large","max-video-preview":"max-video-preview:-1"},"canonical":"https:\/\/www.miguelvergara.com\/actualidad\/notas-de-prensa\/miguel-vergara-recibe-el-premio-al-mejor-directivo-de-empresa-de-castilla-y-leon\/","og_locale":"es_ES","og_type":"article","og_title":"Miguel Vergara premiado como Mejor Directivo de Empresa en CyL - Blog","og_description":"El consejero delegado del Grupo ha sido as\u00ed reconocido en los VI Premios Mejor Directivo que organiza la revista Castilla y Le\u00f3n Econ\u00f3mica.","og_url":"https:\/\/www.miguelvergara.com\/actualidad\/notas-de-prensa\/miguel-vergara-recibe-el-premio-al-mejor-directivo-de-empresa-de-castilla-y-leon\/","og_site_name":"Blog","article_published_time":"2020-09-16T22:51:26+00:00","article_modified_time":"2025-07-03T15:25:17+00:00","og_image":[{"width":1024,"height":768,"url":"https:\/\/www.miguelvergara.com\/actualidad\/wp-content\/uploads\/2020\/10\/160920-MV-Premios-Mejor-Directivo-Empresa-CyL-1.jpeg","type":"image\/jpeg"}],"author":"Mhh4a0@4","twitter_card":"summary_large_image","twitter_misc":{"Escrito por":"Mhh4a0@4","Tiempo de lectura":"3 minutos"},"schema":{"@context":"https:\/\/schema.org","@graph":[{"@type":"Article","@id":"https:\/\/www.miguelvergara.com\/actualidad\/notas-de-prensa\/miguel-vergara-recibe-el-premio-al-mejor-directivo-de-empresa-de-castilla-y-leon\/#article","isPartOf":{"@id":"https:\/\/www.miguelvergara.com\/actualidad\/notas-de-prensa\/miguel-vergara-recibe-el-premio-al-mejor-directivo-de-empresa-de-castilla-y-leon\/"},"author":{"name":"Mhh4a0@4","@id":"https:\/\/www.miguelvergara.com\/actualidad\/#\/schema\/person\/273d4cc3f46c4455932a4634619cfd09"},"headline":"Miguel Vergara recibe el Premio al Mejor Directivo de Empresa de Castilla y Le\u00f3n","datePublished":"2020-09-16T22:51:26+00:00","dateModified":"2025-07-03T15:25:17+00:00","mainEntityOfPage":{"@id":"https:\/\/www.miguelvergara.com\/actualidad\/notas-de-prensa\/miguel-vergara-recibe-el-premio-al-mejor-directivo-de-empresa-de-castilla-y-leon\/"},"wordCount":446,"image":{"@id":"https:\/\/www.miguelvergara.com\/actualidad\/notas-de-prensa\/miguel-vergara-recibe-el-premio-al-mejor-directivo-de-empresa-de-castilla-y-leon\/#primaryimage"},"thumbnailUrl":"https:\/\/www.miguelvergara.com\/actualidad\/wp-content\/uploads\/2020\/10\/160920-MV-Premios-Mejor-Directivo-Empresa-CyL-1.jpeg","keywords":["Carnica","Castilla y Leon","Directivo","Economica","Empresa","evento","gala","Galard\u00f3n","Grupo Miguel Vergara","Jurado","Mejor Directivo","miguel vergara","Premiados","premio"],"articleSection":["Notas de prensa"],"inLanguage":"es"},{"@type":"WebPage","@id":"https:\/\/www.miguelvergara.com\/actualidad\/notas-de-prensa\/miguel-vergara-recibe-el-premio-al-mejor-directivo-de-empresa-de-castilla-y-leon\/","url":"https:\/\/www.miguelvergara.com\/actualidad\/notas-de-prensa\/miguel-vergara-recibe-el-premio-al-mejor-directivo-de-empresa-de-castilla-y-leon\/","name":"Miguel Vergara premiado como Mejor Directivo de Empresa en CyL - Blog","isPartOf":{"@id":"https:\/\/www.miguelvergara.com\/actualidad\/#website"},"primaryImageOfPage":{"@id":"https:\/\/www.miguelvergara.com\/actualidad\/notas-de-prensa\/miguel-vergara-recibe-el-premio-al-mejor-directivo-de-empresa-de-castilla-y-leon\/#primaryimage"},"image":{"@id":"https:\/\/www.miguelvergara.com\/actualidad\/notas-de-prensa\/miguel-vergara-recibe-el-premio-al-mejor-directivo-de-empresa-de-castilla-y-leon\/#primaryimage"},"thumbnailUrl":"https:\/\/www.miguelvergara.com\/actualidad\/wp-content\/uploads\/2020\/10\/160920-MV-Premios-Mejor-Directivo-Empresa-CyL-1.jpeg","datePublished":"2020-09-16T22:51:26+00:00","dateModified":"2025-07-03T15:25:17+00:00","author":{"@id":"https:\/\/www.miguelvergara.com\/actualidad\/#\/schema\/person\/273d4cc3f46c4455932a4634619cfd09"},"description":"El consejero delegado del Grupo ha sido as\u00ed reconocido en los VI Premios Mejor Directivo que organiza la revista Castilla y Le\u00f3n Econ\u00f3mica.","breadcrumb":{"@id":"https:\/\/www.miguelvergara.com\/actualidad\/notas-de-prensa\/miguel-vergara-recibe-el-premio-al-mejor-directivo-de-empresa-de-castilla-y-leon\/#breadcrumb"},"inLanguage":"es","potentialAction":[{"@type":"ReadAction","target":["https:\/\/www.miguelvergara.com\/actualidad\/notas-de-prensa\/miguel-vergara-recibe-el-premio-al-mejor-directivo-de-empresa-de-castilla-y-leon\/"]}]},{"@type":"ImageObject","inLanguage":"es","@id":"https:\/\/www.miguelvergara.com\/actualidad\/notas-de-prensa\/miguel-vergara-recibe-el-premio-al-mejor-directivo-de-empresa-de-castilla-y-leon\/#primaryimage","url":"https:\/\/www.miguelvergara.com\/actualidad\/wp-content\/uploads\/2020\/10\/160920-MV-Premios-Mejor-Directivo-Empresa-CyL-1.jpeg","contentUrl":"https:\/\/www.miguelvergara.com\/actualidad\/wp-content\/uploads\/2020\/10\/160920-MV-Premios-Mejor-Directivo-Empresa-CyL-1.jpeg","width":1024,"height":768},{"@type":"BreadcrumbList","@id":"https:\/\/www.miguelvergara.com\/actualidad\/notas-de-prensa\/miguel-vergara-recibe-el-premio-al-mejor-directivo-de-empresa-de-castilla-y-leon\/#breadcrumb","itemListElement":[{"@type":"ListItem","position":1,"name":"Portada","item":"https:\/\/www.miguelvergara.com\/actualidad\/"},{"@type":"ListItem","position":2,"name":"Miguel Vergara recibe el Premio al Mejor Directivo de Empresa de Castilla y Le\u00f3n"}]},{"@type":"WebSite","@id":"https:\/\/www.miguelvergara.com\/actualidad\/#website","url":"https:\/\/www.miguelvergara.com\/actualidad\/","name":"Blog","description":"","potentialAction":[{"@type":"SearchAction","target":{"@type":"EntryPoint","urlTemplate":"https:\/\/www.miguelvergara.com\/actualidad\/?s={search_term_string}"},"query-input":{"@type":"PropertyValueSpecification","valueRequired":true,"valueName":"search_term_string"}}],"inLanguage":"es"},{"@type":"Person","@id":"https:\/\/www.miguelvergara.com\/actualidad\/#\/schema\/person\/273d4cc3f46c4455932a4634619cfd09","name":"Mhh4a0@4","sameAs":["https:\/\/www.miguelvergara.com\/actualidad"]}]}},"_links":{"self":[{"href":"https:\/\/www.miguelvergara.com\/actualidad\/wp-json\/wp\/v2\/posts\/3407","targetHints":{"allow":["GET"]}}],"collection":[{"href":"https:\/\/www.miguelvergara.com\/actualidad\/wp-json\/wp\/v2\/posts"}],"about":[{"href":"https:\/\/www.miguelvergara.com\/actualidad\/wp-json\/wp\/v2\/types\/post"}],"author":[{"embeddable":true,"href":"https:\/\/www.miguelvergara.com\/actualidad\/wp-json\/wp\/v2\/users\/1"}],"replies":[{"embeddable":true,"href":"https:\/\/www.miguelvergara.com\/actualidad\/wp-json\/wp\/v2\/comments?post=3407"}],"version-history":[{"count":2,"href":"https:\/\/www.miguelvergara.com\/actualidad\/wp-json\/wp\/v2\/posts\/3407\/revisions"}],"predecessor-version":[{"id":11180,"href":"https:\/\/www.miguelvergara.com\/actualidad\/wp-json\/wp\/v2\/posts\/3407\/revisions\/11180"}],"wp:featuredmedia":[{"embeddable":true,"href":"https:\/\/www.miguelvergara.com\/actualidad\/wp-json\/wp\/v2\/media\/3408"}],"wp:attachment":[{"href":"https:\/\/www.miguelvergara.com\/actualidad\/wp-json\/wp\/v2\/media?parent=3407"}],"wp:term":[{"taxonomy":"category","embeddable":true,"href":"https:\/\/www.miguelvergara.com\/actualidad\/wp-json\/wp\/v2\/categories?post=3407"},{"taxonomy":"post_tag","embeddable":true,"href":"https:\/\/www.miguelvergara.com\/actualidad\/wp-json\/wp\/v2\/tags?post=3407"}],"curies":[{"name":"wp","href":"https:\/\/api.w.org\/{rel}","templated":true}]}}