{"id":7062,"date":"2020-10-30T11:18:16","date_gmt":"2020-10-30T10:18:16","guid":{"rendered":"https:\/\/www.miguelvergara.com\/actualidad\/?p=7062"},"modified":"2026-03-16T11:06:43","modified_gmt":"2026-03-16T10:06:43","slug":"los-lomos-de-la-carne-alto-bajo-con-o-sin-hueso","status":"publish","type":"post","link":"https:\/\/www.miguelvergara.com\/actualidad\/blog\/los-lomos-de-la-carne-alto-bajo-con-o-sin-hueso\/","title":{"rendered":"Los lomos de la carne: alto, bajo, con o sin hueso\u2026"},"content":{"rendered":"\n<h2 class=\"wp-block-heading\">A la cabeza en establecimientos especializados en carne<\/h2>\n\n\n\n<p><a rel=\"noreferrer noopener\" href=\"https:\/\/cdecomunicacion.us2.list-manage.com\/track\/click?u=567dcae4a33a5c564400b4583&amp;id=4929f8bb19&amp;e=400d421f54\" target=\"_blank\"><strong>Espa\u00f1a, pa\u00eds europeo a la cabeza en establecimientos de carnicer\u00eda y charcuter\u00eda<\/strong><\/a>. As\u00ed lo confirmaba esta semana EUROSTAT (Oficina Europea de Estad\u00edstica). En&nbsp;<strong>nuestro pa\u00eds<\/strong> existen cerca de&nbsp;<strong>24.200 establecimientos de carnicer\u00eda, charcuter\u00eda, poller\u00eda o casquer\u00eda<\/strong>, lo que nos convierte en la naci\u00f3n<strong>&nbsp;europea que cuenta con m\u00e1s establecimientos especializados de carne<\/strong>. Por detr\u00e1s, se sit\u00faan Italia, con poco m\u00e1s de 24.000, y Francia, con 13.000 establecimientos.<\/p>\n\n\n\n<p>Sin duda resulta un gran dato que llega en un momento en el que las corrientes contrarias al consumo de carne culpabilizan a sus compradores de que siga existiendo. Si bien es cierto que este manjar ofrece numerosos beneficios que hacen aconsejable mantener el consumo de este producto \u2018top\u2019 de la gastronom\u00eda europea y nacional dentro una dieta sin carencias.<\/p>\n\n\n\n<h2 class=\"wp-block-heading\">La carne en una dieta sin carencias<\/h2>\n\n\n\n<p>Desde&nbsp;<strong>Grupo Miguel Vergara<\/strong>, como expertos en carne de vacuno desde hace 40 a\u00f1os, abogamos claramente por el consumo de este alimento, entre otras muchas razones, por ser rico en nutrientes, accesible y sabroso; por la calidad y seguridad alimentaria que ofrece; por su producci\u00f3n atendiendo como prioridad el Bienestar animal; y porque ayuda al desarrollo rural y al empleo de muchas personas y familias a lo largo de toda nuestra geograf\u00eda como demuestran las estad\u00edsticas.<\/p>\n\n\n\n<p>Y, es que, si no existieran los establecimientos de carnicer\u00eda, no se podr\u00edan degustar piezas tan suculentas y ricas para nuestro organismo como son los&nbsp;<strong>lomos,<\/strong>&nbsp;que se encuentran dentro de<strong>&nbsp;<a href=\"https:\/\/www.miguelvergara.com\/actualidad\/blog\/mejores-cortes-de-carne-de-vacuno\/\">los mejores cortes de carne de vacuno<\/a><\/strong>&nbsp;que en&nbsp;<strong>Miguel Vergara<\/strong>&nbsp;elaboramos diariamente con animales seleccionados de la raza Aberdeen Angus para alimentar a los hogares de medio mundo.<\/p>\n\n\n\n<h2 class=\"wp-block-heading\">Distintas formas de presentaci\u00f3n de un lomo de Angus<\/h2>\n\n\n\n<h3 class=\"wp-block-heading\">Chuletero con hueso y solomillo<\/h3>\n\n\n\n<p>Excelente corte de la regi\u00f3n dorsal, dejando una cobertura de grasa, as\u00ed como el cord\u00f3n con el solomillo, unido a la ri\u00f1onada, en el que se aprecian a la perfecci\u00f3n los matices de la carne Angus.<\/p>\n\n\n\n<figure class=\"wp-block-image size-large\"><img loading=\"lazy\" decoding=\"async\" width=\"860\" height=\"786\" src=\"https:\/\/www.miguelvergara.com\/actualidad\/wp-content\/uploads\/2020\/10\/Chuletero-con-hueso-y-solomillo-Angus-interior-noticia.jpg\" alt=\"\" class=\"wp-image-7064\" srcset=\"https:\/\/www.miguelvergara.com\/actualidad\/wp-content\/uploads\/2020\/10\/Chuletero-con-hueso-y-solomillo-Angus-interior-noticia.jpg 860w, https:\/\/www.miguelvergara.com\/actualidad\/wp-content\/uploads\/2020\/10\/Chuletero-con-hueso-y-solomillo-Angus-interior-noticia-768x702.jpg 768w\" sizes=\"auto, (max-width: 860px) 100vw, 860px\" \/><\/figure>\n\n\n\n<h3 class=\"wp-block-heading\">Chuletero con hueso<\/h3>\n\n\n\n<p>Excelente corte de la regi\u00f3n dorsal en el que se suele encontrar un alto grado de grasa intramuscular.<\/p>\n\n\n\n<h3 class=\"wp-block-heading\">Lomo alto con hueso<\/h3>\n\n\n\n<p>Exquisito corte, cortado siempre con hueso, que va desde la sexta hasta la duod\u00e9cima costilla.<\/p>\n\n\n\n<h3 class=\"wp-block-heading\"><a href=\"https:\/\/www.miguelvergara.com\/tienda\/lomo-bajo-deshuesado-angus-pieza-n7\/\"><strong>Lomo bajo con hueso<\/strong><\/a><\/h3>\n\n\n\n<p>Espectacular pieza de Angus cortada desde la duod\u00e9cima costilla hasta la inserci\u00f3n del lomo con la cadera, que siempre va con hueso. Esta pieza est\u00e1 disponible a la venta en nuestra\u00a0<strong><a href=\"https:\/\/www.miguelvergara.com\/tienda\/\">carnicer\u00eda online<\/a><\/strong>.<\/p>\n\n\n\n<figure class=\"wp-block-image size-large\"><img loading=\"lazy\" decoding=\"async\" width=\"860\" height=\"786\" src=\"https:\/\/www.miguelvergara.com\/actualidad\/wp-content\/uploads\/2020\/10\/Lomo-bajo-con-hueso-Angus-interior-noticia-2.jpg\" alt=\"\" class=\"wp-image-7066\" srcset=\"https:\/\/www.miguelvergara.com\/actualidad\/wp-content\/uploads\/2020\/10\/Lomo-bajo-con-hueso-Angus-interior-noticia-2.jpg 860w, https:\/\/www.miguelvergara.com\/actualidad\/wp-content\/uploads\/2020\/10\/Lomo-bajo-con-hueso-Angus-interior-noticia-2-768x702.jpg 768w\" sizes=\"auto, (max-width: 860px) 100vw, 860px\" \/><\/figure>\n\n\n\n<h3 class=\"wp-block-heading\">Chuletero deshuesado<\/h3>\n\n\n\n<p>Lomo alto y lomo bajo completamente deshuesados y tapa, sin pulir. De caracter\u00edsticas organol\u00e9pticas excepcionales y color rojo brillante, el chuletero deshuesado a\u00fana los caracteres principales de la raza como son terneza, jugosidad e infiltraci\u00f3n de grasa que funde en boca aportando matices muy particulares.<\/p>\n\n\n\n<h3 class=\"wp-block-heading\">Lomo alto deshuesado<\/h3>\n\n\n\n<p>Corte especial de Angus con mucha infiltraci\u00f3n grasa, de color rojo brillante.<\/p>\n\n\n\n<figure class=\"wp-block-image size-large\"><img loading=\"lazy\" decoding=\"async\" width=\"860\" height=\"643\" src=\"https:\/\/www.miguelvergara.com\/actualidad\/wp-content\/uploads\/2020\/10\/Lomo-alto-deshuesado-Angus-interior-noticia-3.jpg\" alt=\"\" class=\"wp-image-7067\" srcset=\"https:\/\/www.miguelvergara.com\/actualidad\/wp-content\/uploads\/2020\/10\/Lomo-alto-deshuesado-Angus-interior-noticia-3.jpg 860w, https:\/\/www.miguelvergara.com\/actualidad\/wp-content\/uploads\/2020\/10\/Lomo-alto-deshuesado-Angus-interior-noticia-3-768x574.jpg 768w\" sizes=\"auto, (max-width: 860px) 100vw, 860px\" \/><\/figure>\n\n\n\n<h3 class=\"wp-block-heading\">Lomo bajo deshuesado<\/h3>\n\n\n\n<p>Magn\u00edfico corte procedente de la regi\u00f3n dorsal que siempre se sirve dejando una cobertura de grasa.<\/p>\n\n\n\n<h3 class=\"wp-block-heading\">Ribeye<\/h3>\n\n\n\n<p>Preparaci\u00f3n de corte especial de Angus con una de las infiltraciones grasas m\u00e1s espectaculares que existen. Este coraz\u00f3n u ojo del lomo alto se presenta siempre sin hueso, sin tapa y perfectamente perfilado.<\/p>\n\n\n\n<figure class=\"wp-block-image size-large\"><img loading=\"lazy\" decoding=\"async\" width=\"860\" height=\"643\" src=\"https:\/\/www.miguelvergara.com\/actualidad\/wp-content\/uploads\/2020\/10\/Ribeye-Angus-interior-noticia-4.jpg\" alt=\"\" class=\"wp-image-7068\" srcset=\"https:\/\/www.miguelvergara.com\/actualidad\/wp-content\/uploads\/2020\/10\/Ribeye-Angus-interior-noticia-4.jpg 860w, https:\/\/www.miguelvergara.com\/actualidad\/wp-content\/uploads\/2020\/10\/Ribeye-Angus-interior-noticia-4-768x574.jpg 768w\" sizes=\"auto, (max-width: 860px) 100vw, 860px\" \/><\/figure>\n\n\n\n<h3 class=\"wp-block-heading\">Striploin<\/h3>\n\n\n\n<p>Excelente corte de la regi\u00f3n dorsal, sin hueso y perfectamente perfilado donde se pueden apreciar los matices de la carne Angus. El coraz\u00f3n u ojo del lomo bajo, se ofrece dejando una peque\u00f1a cobertura de grasa superior.<\/p>\n\n\n\n<figure class=\"wp-block-image size-large\"><img loading=\"lazy\" decoding=\"async\" width=\"860\" height=\"643\" src=\"https:\/\/www.miguelvergara.com\/actualidad\/wp-content\/uploads\/2020\/10\/Striploin-Angus-interior-noticia-5.jpg\" alt=\"\" class=\"wp-image-7069\" srcset=\"https:\/\/www.miguelvergara.com\/actualidad\/wp-content\/uploads\/2020\/10\/Striploin-Angus-interior-noticia-5.jpg 860w, https:\/\/www.miguelvergara.com\/actualidad\/wp-content\/uploads\/2020\/10\/Striploin-Angus-interior-noticia-5-768x574.jpg 768w\" sizes=\"auto, (max-width: 860px) 100vw, 860px\" \/><\/figure>\n\n\n\n<p>Esperamos que con esta breve descripci\u00f3n de cada una de las partes del lomo que elaboramos con esmero y cuidado en&nbsp;<strong>Grupo Miguel Vergara<\/strong>&nbsp;te haya servido para entender un poquito m\u00e1s sobre el maravilloso mundo de la carne y seguir disfrutando m\u00e1s y mejor de la experiencia carn\u00edvora. Muchas de estas piezas las puedes encontrar en las carnicer\u00edas de tu barrio o de los centros comerciales.<\/p>\n\n\n\n<section class=\"shortcode-productos\">\t<h3 data-aos=\"fade-up\">Seguro que te interesa<\/h3>\t\t\t<article  id=\"medallon-angus-pack-x-6-uds\" data-aos=\"fade-up\">\t\t\t\t\t\t<a href=\"tienda\/medallon-angus-pack-x-6-uds-n35\/\" title=\"Pack x 6 Medallones Angus\" class=\"impresionEcommerce\" data-producto_id=\"35 data-posicion=0\" rel=\"nofollow\">\t\t\t\t\t\t\t<figure>\t\t\t\t\t\t\t\t<img decoding=\"async\" src=\"https:\/\/www.miguelvergara.com\/imagenes\/productos\/35l1_medallon_370-230_pack.jpg\" alt=\"Pack x 6 Medallones Angus\">\t\t\t\t\t\t\t\t<img decoding=\"async\" src=\"https:\/\/www.miguelvergara.com\/imagenes\/productos\/35l2_medallon_370-230_producto.jpg\" alt=\"Pack x 6 Medallones Angus\">\t\t\t\t\t\t\t<\/figure>\t\t\t\t\t\t\t<h3>Pack x 6 Medallones Angus<\/h3>\t\t\t\t\t\t\t\t<p class=\"precio\"><del>58,54\u20ac<\/del> 46,84\u20ac<\/p>\t\t\t\t\t\t\t\t<em>A\u00f1adir a la cesta <span class=\"ico-cesta\"><\/span><\/em>\t\t\t\t\t\t<\/a>\t\t\t<\/article>\t\t\t<article  id=\"steakburger-angus-pack-x-6-uds\" data-aos=\"fade-up\">\t\t\t\t\t\t<a href=\"tienda\/steakburger-angus-pack-x-6-uds-n26\/\" title=\"Pack x 6 Burgers Angus (12 unidades)\" class=\"impresionEcommerce\" data-producto_id=\"26 data-posicion=1\" rel=\"nofollow\">\t\t\t\t\t\t\t<figure>\t\t\t\t\t\t\t\t<img decoding=\"async\" src=\"https:\/\/www.miguelvergara.com\/imagenes\/productos\/26l1_packangus_370-230_pack.jpg\" alt=\"Pack x 6 Burgers Angus (12 unidades)\">\t\t\t\t\t\t\t\t<img decoding=\"async\" src=\"https:\/\/www.miguelvergara.com\/imagenes\/productos\/26l2_packangus_370-230_producto.jpg\" alt=\"Pack x 6 Burgers Angus (12 unidades)\">\t\t\t\t\t\t\t<\/figure>\t\t\t\t\t\t\t<h3>Pack x 6 Burgers Angus (12 unidades)<\/h3>\t\t\t\t\t\t\t\t<p class=\"precio\"><del>35,48\u20ac<\/del> 28,39\u20ac<\/p>\t\t\t\t\t\t\t\t<em>A\u00f1adir a la cesta <span class=\"ico-cesta\"><\/span><\/em>\t\t\t\t\t\t<\/a>\t\t\t<\/article>\t\t\t<article  id=\"pack2-chuleta-angus\" data-aos=\"fade-up\">\t\t\t\t\t\t<a href=\"tienda\/pack2-chuleta-angus-n21\/\" title=\"Pack x 2 Chuletas Angus\" class=\"impresionEcommerce\" data-producto_id=\"21 data-posicion=2\" rel=\"nofollow\">\t\t\t\t\t\t\t<figure>\t\t\t\t\t\t\t\t<img decoding=\"async\" src=\"https:\/\/www.miguelvergara.com\/imagenes\/productos\/21l1_chuleta_370-320_pack.jpg\" alt=\"Pack x 2 Chuletas Angus\">\t\t\t\t\t\t\t\t<img decoding=\"async\" src=\"https:\/\/www.miguelvergara.com\/imagenes\/productos\/21l2_chuleta_370-320_producto.jpg\" alt=\"Pack x 2 Chuletas Angus\">\t\t\t\t\t\t\t<\/figure>\t\t\t\t\t\t\t<h3>Pack x 2 Chuletas Angus<\/h3>\t\t\t\t\t\t\t\t<p class=\"precio\"><del>126,29\u20ac<\/del> 101,03\u20ac<\/p>\t\t\t\t\t\t\t\t<em>A\u00f1adir a la cesta <span class=\"ico-cesta\"><\/span><\/em>\t\t\t\t\t\t<\/a>\t\t\t<\/article>\t\t\t<article  id=\"rabo-de-angus\" data-aos=\"fade-up\">\t\t\t\t\t\t<a href=\"tienda\/rabo-de-angus-n6\/\" title=\"Rabo Angus\" class=\"impresionEcommerce\" data-producto_id=\"6 data-posicion=3\" rel=\"nofollow\">\t\t\t\t\t\t\t<figure>\t\t\t\t\t\t\t\t<img decoding=\"async\" src=\"https:\/\/www.miguelvergara.com\/imagenes\/productos\/6l1_370_fondo.jpg\" alt=\"Rabo Angus\">\t\t\t\t\t\t\t\t<img decoding=\"async\" src=\"https:\/\/www.miguelvergara.com\/imagenes\/productos\/6l2_370_sin.jpg\" alt=\"Rabo Angus\">\t\t\t\t\t\t\t<\/figure>\t\t\t\t\t\t\t<h3>Rabo Angus<\/h3>\t\t\t\t\t\t\t\t<p class=\"precio\">30,05\u20ac<\/p>\t\t\t\t\t\t\t\t<em>A\u00f1adir a la cesta <span class=\"ico-cesta\"><\/span><\/em>\t\t\t\t\t\t<\/a>\t\t\t<\/article>\t\t\t<article  id=\"pack-coleccion-angus-burger-entrana-corazon-de-aguja-medallon-entrecot-solomillo\" data-aos=\"fade-up\">\t\t\t\t\t\t<a href=\"tienda\/pack-coleccion-angus-burger-entrana-corazon-de-aguja-medallon-entrecot-solomillo-n33\/\" title=\"Pack Colecci\u00f3n Angus\" class=\"impresionEcommerce\" data-producto_id=\"33 data-posicion=4\" rel=\"nofollow\">\t\t\t\t\t\t\t<figure>\t\t\t\t\t\t\t\t<img decoding=\"async\" src=\"https:\/\/www.miguelvergara.com\/imagenes\/productos\/33l1_coleccion_370-230_pack.jpg\" alt=\"Pack Colecci\u00f3n Angus\">\t\t\t\t\t\t\t\t<img decoding=\"async\" src=\"https:\/\/www.miguelvergara.com\/imagenes\/productos\/33l2_370.jpg\" alt=\"Pack Colecci\u00f3n Angus\">\t\t\t\t\t\t\t<\/figure>\t\t\t\t\t\t\t<h3>Pack Colecci\u00f3n Angus<\/h3>\t\t\t\t\t\t\t\t<p class=\"precio\"><del>80,72\u20ac<\/del> 68,61\u20ac<\/p>\t\t\t\t\t\t\t\t<em>A\u00f1adir a la cesta <span class=\"ico-cesta\"><\/span><\/em>\t\t\t\t\t\t<\/a>\t\t\t<\/article>\t\t\t<article  id=\"brisket-aleta\" data-aos=\"fade-up\">\t\t\t\t\t\t<a href=\"tienda\/brisket-aleta-n42\/\" title=\"Brisket (Aleta) Angus\" class=\"impresionEcommerce\" data-producto_id=\"42 data-posicion=5\" rel=\"nofollow\">\t\t\t\t\t\t\t<figure>\t\t\t\t\t\t\t\t<img decoding=\"async\" src=\"https:\/\/www.miguelvergara.com\/imagenes\/productos\/42l1_brisket370x230.jpg\" alt=\"Brisket (Aleta) Angus\">\t\t\t\t\t\t\t\t<img decoding=\"async\" src=\"https:\/\/www.miguelvergara.com\/imagenes\/productos\/42l2_brisket-sinfondo370x230.jpg\" alt=\"Brisket (Aleta) Angus\">\t\t\t\t\t\t\t<\/figure>\t\t\t\t\t\t\t<h3>Brisket (Aleta) Angus<\/h3>\t\t\t\t\t\t\t\t<p class=\"precio\">94,64\u20ac<\/p>\t\t\t\t\t\t\t\t<em>A\u00f1adir a la cesta <span class=\"ico-cesta\"><\/span><\/em>\t\t\t\t\t\t<\/a>\t\t\t<\/article>\t\t\t<article  id=\"tira-de-asado\" data-aos=\"fade-up\">\t\t\t\t\t\t<a href=\"tienda\/tira-de-asado-n49\/\" title=\"Tira de asado Angus\" class=\"impresionEcommerce\" data-producto_id=\"49 data-posicion=6\" rel=\"nofollow\">\t\t\t\t\t\t\t<figure>\t\t\t\t\t\t\t\t<img decoding=\"async\" src=\"https:\/\/www.miguelvergara.com\/imagenes\/productos\/49l1_tiradeasado370x230_.jpg\" alt=\"Tira de asado Angus\">\t\t\t\t\t\t\t\t<img decoding=\"async\" src=\"https:\/\/www.miguelvergara.com\/imagenes\/productos\/49l2_tiradeasado-sinfondo370x230.jpg\" alt=\"Tira de asado Angus\">\t\t\t\t\t\t\t<\/figure>\t\t\t\t\t\t\t<h3>Tira de asado Angus<\/h3>\t\t\t\t\t\t\t\t<p class=\"precio\">74,53\u20ac<\/p>\t\t\t\t\t\t\t\t<em>A\u00f1adir a la cesta <span class=\"ico-cesta\"><\/span><\/em>\t\t\t\t\t\t<\/a>\t\t\t<\/article>\t\t\t<article  id=\"quinta-costilla\" data-aos=\"fade-up\">\t\t\t\t\t\t<a href=\"tienda\/quinta-costilla-n48\/\" title=\"Quinta costilla Angus\" class=\"impresionEcommerce\" data-producto_id=\"48 data-posicion=7\" rel=\"nofollow\">\t\t\t\t\t\t\t<figure>\t\t\t\t\t\t\t\t<img decoding=\"async\" src=\"https:\/\/www.miguelvergara.com\/imagenes\/productos\/48l1_quinta_costilla370x230_.jpg\" alt=\"Quinta costilla Angus\">\t\t\t\t\t\t\t\t<img decoding=\"async\" src=\"https:\/\/www.miguelvergara.com\/imagenes\/productos\/48l2_quinta_costilla-sinfondo370x230.jpg\" alt=\"Quinta costilla Angus\">\t\t\t\t\t\t\t<\/figure>\t\t\t\t\t\t\t<h3>Quinta costilla Angus<\/h3>\t\t\t\t\t\t\t\t<p class=\"precio\">32,27\u20ac<\/p>\t\t\t\t\t\t\t\t<em>A\u00f1adir a la cesta <span class=\"ico-cesta\"><\/span><\/em>\t\t\t\t\t\t<\/a>\t\t\t<\/article>\t\t\t<article  id=\"tira-de-vacio-bavette\" data-aos=\"fade-up\">\t\t\t\t\t\t<a href=\"tienda\/tira-de-vacio-bavette-n50\/\" title=\"Tira de vac\u00edo (Bavette) Angus\" class=\"impresionEcommerce\" data-producto_id=\"50 data-posicion=8\" rel=\"nofollow\">\t\t\t\t\t\t\t<figure>\t\t\t\t\t\t\t\t<img decoding=\"async\" src=\"https:\/\/www.miguelvergara.com\/imagenes\/productos\/50l1_tiradevacio370x230.jpg\" alt=\"Tira de vac\u00edo (Bavette) Angus\">\t\t\t\t\t\t\t\t<img decoding=\"async\" src=\"https:\/\/www.miguelvergara.com\/imagenes\/productos\/50l2_tiradevacio-sinfondo370x230.jpg\" alt=\"Tira de vac\u00edo (Bavette) Angus\">\t\t\t\t\t\t\t<\/figure>\t\t\t\t\t\t\t<h3>Tira de vac\u00edo (Bavette) Angus<\/h3>\t\t\t\t\t\t\t\t<p class=\"precio\">61,80\u20ac<\/p>\t\t\t\t\t\t\t\t<em>A\u00f1adir a la cesta <span class=\"ico-cesta\"><\/span><\/em>\t\t\t\t\t\t<\/a>\t\t\t<\/article><\/section>\n","protected":false},"excerpt":{"rendered":"<p>A la cabeza en establecimientos especializados en carne Espa\u00f1a, pa\u00eds europeo a la cabeza en establecimientos de carnicer\u00eda y charcuter\u00eda. As\u00ed lo confirmaba esta semana EUROSTAT (Oficina Europea de Estad\u00edstica). En&nbsp;nuestro pa\u00eds existen cerca de&nbsp;24.200 establecimientos de carnicer\u00eda, charcuter\u00eda, poller\u00eda o casquer\u00eda, lo que nos convierte en la naci\u00f3n&nbsp;europea que cuenta con m\u00e1s establecimientos especializados [&hellip;]<\/p>\n","protected":false},"author":1,"featured_media":7065,"comment_status":"closed","ping_status":"closed","sticky":false,"template":"","format":"standard","meta":{"footnotes":""},"categories":[2,568],"tags":[],"class_list":["post-7062","post","type-post","status-publish","format-standard","has-post-thumbnail","hentry","category-blog","category-cortes-anatomia-vacuno"],"yoast_head":"<!-- This site is optimized with the Yoast SEO plugin v27.4 - https:\/\/yoast.com\/product\/yoast-seo-wordpress\/ -->\n<title>Los lomos de la carne: alto, bajo, con o sin hueso\u2026 - Blog<\/title>\n<meta name=\"description\" content=\"Descubre todos los tipos de lomo de la carne de vacuno que tenemos para ti: alto, bajo, con y sin hueso, solomillo...\" \/>\n<meta name=\"robots\" content=\"index, follow, max-snippet:-1, max-image-preview:large, max-video-preview:-1\" \/>\n<link rel=\"canonical\" href=\"https:\/\/www.miguelvergara.com\/actualidad\/blog\/los-lomos-de-la-carne-alto-bajo-con-o-sin-hueso\/\" \/>\n<meta property=\"og:locale\" content=\"es_ES\" \/>\n<meta property=\"og:type\" content=\"article\" \/>\n<meta property=\"og:title\" content=\"Los lomos de la carne: alto, bajo, con o sin hueso\u2026 - Blog\" \/>\n<meta property=\"og:description\" content=\"Descubre todos los tipos de lomo de la carne de vacuno que tenemos para ti: alto, bajo, con y sin hueso, solomillo...\" \/>\n<meta property=\"og:url\" content=\"https:\/\/www.miguelvergara.com\/actualidad\/blog\/los-lomos-de-la-carne-alto-bajo-con-o-sin-hueso\/\" \/>\n<meta property=\"og:site_name\" content=\"Blog\" \/>\n<meta property=\"article:published_time\" content=\"2020-10-30T10:18:16+00:00\" \/>\n<meta property=\"article:modified_time\" content=\"2026-03-16T10:06:43+00:00\" \/>\n<meta property=\"og:image\" content=\"https:\/\/www.miguelvergara.com\/actualidad\/wp-content\/uploads\/2020\/10\/Lomos-de-la-carne-destacada-listado.jpg\" \/>\n\t<meta property=\"og:image:width\" content=\"860\" \/>\n\t<meta property=\"og:image:height\" content=\"500\" \/>\n\t<meta property=\"og:image:type\" content=\"image\/jpeg\" \/>\n<meta name=\"author\" content=\"Mhh4a0@4\" \/>\n<meta name=\"twitter:card\" content=\"summary_large_image\" \/>\n<meta name=\"twitter:label1\" content=\"Escrito por\" \/>\n\t<meta name=\"twitter:data1\" content=\"Mhh4a0@4\" \/>\n\t<meta name=\"twitter:label2\" content=\"Tiempo de lectura\" \/>\n\t<meta name=\"twitter:data2\" content=\"3 minutos\" \/>\n<script type=\"application\/ld+json\" class=\"yoast-schema-graph\">{\"@context\":\"https:\\\/\\\/schema.org\",\"@graph\":[{\"@type\":\"Article\",\"@id\":\"https:\\\/\\\/www.miguelvergara.com\\\/actualidad\\\/blog\\\/los-lomos-de-la-carne-alto-bajo-con-o-sin-hueso\\\/#article\",\"isPartOf\":{\"@id\":\"https:\\\/\\\/www.miguelvergara.com\\\/actualidad\\\/blog\\\/los-lomos-de-la-carne-alto-bajo-con-o-sin-hueso\\\/\"},\"author\":{\"name\":\"Mhh4a0@4\",\"@id\":\"https:\\\/\\\/www.miguelvergara.com\\\/actualidad\\\/#\\\/schema\\\/person\\\/273d4cc3f46c4455932a4634619cfd09\"},\"headline\":\"Los lomos de la carne: alto, bajo, con o sin hueso\u2026\",\"datePublished\":\"2020-10-30T10:18:16+00:00\",\"dateModified\":\"2026-03-16T10:06:43+00:00\",\"mainEntityOfPage\":{\"@id\":\"https:\\\/\\\/www.miguelvergara.com\\\/actualidad\\\/blog\\\/los-lomos-de-la-carne-alto-bajo-con-o-sin-hueso\\\/\"},\"wordCount\":698,\"image\":{\"@id\":\"https:\\\/\\\/www.miguelvergara.com\\\/actualidad\\\/blog\\\/los-lomos-de-la-carne-alto-bajo-con-o-sin-hueso\\\/#primaryimage\"},\"thumbnailUrl\":\"https:\\\/\\\/www.miguelvergara.com\\\/actualidad\\\/wp-content\\\/uploads\\\/2020\\\/10\\\/Lomos-de-la-carne-destacada-listado.jpg\",\"articleSection\":[\"Blog\",\"Cortes y anatom\u00eda del vacuno\"],\"inLanguage\":\"es\"},{\"@type\":\"WebPage\",\"@id\":\"https:\\\/\\\/www.miguelvergara.com\\\/actualidad\\\/blog\\\/los-lomos-de-la-carne-alto-bajo-con-o-sin-hueso\\\/\",\"url\":\"https:\\\/\\\/www.miguelvergara.com\\\/actualidad\\\/blog\\\/los-lomos-de-la-carne-alto-bajo-con-o-sin-hueso\\\/\",\"name\":\"Los lomos de la carne: alto, bajo, con o sin hueso\u2026 - Blog\",\"isPartOf\":{\"@id\":\"https:\\\/\\\/www.miguelvergara.com\\\/actualidad\\\/#website\"},\"primaryImageOfPage\":{\"@id\":\"https:\\\/\\\/www.miguelvergara.com\\\/actualidad\\\/blog\\\/los-lomos-de-la-carne-alto-bajo-con-o-sin-hueso\\\/#primaryimage\"},\"image\":{\"@id\":\"https:\\\/\\\/www.miguelvergara.com\\\/actualidad\\\/blog\\\/los-lomos-de-la-carne-alto-bajo-con-o-sin-hueso\\\/#primaryimage\"},\"thumbnailUrl\":\"https:\\\/\\\/www.miguelvergara.com\\\/actualidad\\\/wp-content\\\/uploads\\\/2020\\\/10\\\/Lomos-de-la-carne-destacada-listado.jpg\",\"datePublished\":\"2020-10-30T10:18:16+00:00\",\"dateModified\":\"2026-03-16T10:06:43+00:00\",\"author\":{\"@id\":\"https:\\\/\\\/www.miguelvergara.com\\\/actualidad\\\/#\\\/schema\\\/person\\\/273d4cc3f46c4455932a4634619cfd09\"},\"description\":\"Descubre todos los tipos de lomo de la carne de vacuno que tenemos para ti: alto, bajo, con y sin hueso, solomillo...\",\"breadcrumb\":{\"@id\":\"https:\\\/\\\/www.miguelvergara.com\\\/actualidad\\\/blog\\\/los-lomos-de-la-carne-alto-bajo-con-o-sin-hueso\\\/#breadcrumb\"},\"inLanguage\":\"es\",\"potentialAction\":[{\"@type\":\"ReadAction\",\"target\":[\"https:\\\/\\\/www.miguelvergara.com\\\/actualidad\\\/blog\\\/los-lomos-de-la-carne-alto-bajo-con-o-sin-hueso\\\/\"]}]},{\"@type\":\"ImageObject\",\"inLanguage\":\"es\",\"@id\":\"https:\\\/\\\/www.miguelvergara.com\\\/actualidad\\\/blog\\\/los-lomos-de-la-carne-alto-bajo-con-o-sin-hueso\\\/#primaryimage\",\"url\":\"https:\\\/\\\/www.miguelvergara.com\\\/actualidad\\\/wp-content\\\/uploads\\\/2020\\\/10\\\/Lomos-de-la-carne-destacada-listado.jpg\",\"contentUrl\":\"https:\\\/\\\/www.miguelvergara.com\\\/actualidad\\\/wp-content\\\/uploads\\\/2020\\\/10\\\/Lomos-de-la-carne-destacada-listado.jpg\",\"width\":860,\"height\":500},{\"@type\":\"BreadcrumbList\",\"@id\":\"https:\\\/\\\/www.miguelvergara.com\\\/actualidad\\\/blog\\\/los-lomos-de-la-carne-alto-bajo-con-o-sin-hueso\\\/#breadcrumb\",\"itemListElement\":[{\"@type\":\"ListItem\",\"position\":1,\"name\":\"Portada\",\"item\":\"https:\\\/\\\/www.miguelvergara.com\\\/actualidad\\\/\"},{\"@type\":\"ListItem\",\"position\":2,\"name\":\"Los lomos de la carne: alto, bajo, con o sin hueso\u2026\"}]},{\"@type\":\"WebSite\",\"@id\":\"https:\\\/\\\/www.miguelvergara.com\\\/actualidad\\\/#website\",\"url\":\"https:\\\/\\\/www.miguelvergara.com\\\/actualidad\\\/\",\"name\":\"Blog\",\"description\":\"\",\"potentialAction\":[{\"@type\":\"SearchAction\",\"target\":{\"@type\":\"EntryPoint\",\"urlTemplate\":\"https:\\\/\\\/www.miguelvergara.com\\\/actualidad\\\/?s={search_term_string}\"},\"query-input\":{\"@type\":\"PropertyValueSpecification\",\"valueRequired\":true,\"valueName\":\"search_term_string\"}}],\"inLanguage\":\"es\"},{\"@type\":\"Person\",\"@id\":\"https:\\\/\\\/www.miguelvergara.com\\\/actualidad\\\/#\\\/schema\\\/person\\\/273d4cc3f46c4455932a4634619cfd09\",\"name\":\"Mhh4a0@4\",\"sameAs\":[\"https:\\\/\\\/www.miguelvergara.com\\\/actualidad\"]}]}<\/script>\n<!-- \/ Yoast SEO plugin. -->","yoast_head_json":{"title":"Los lomos de la carne: alto, bajo, con o sin hueso\u2026 - Blog","description":"Descubre todos los tipos de lomo de la carne de vacuno que tenemos para ti: alto, bajo, con y sin hueso, solomillo...","robots":{"index":"index","follow":"follow","max-snippet":"max-snippet:-1","max-image-preview":"max-image-preview:large","max-video-preview":"max-video-preview:-1"},"canonical":"https:\/\/www.miguelvergara.com\/actualidad\/blog\/los-lomos-de-la-carne-alto-bajo-con-o-sin-hueso\/","og_locale":"es_ES","og_type":"article","og_title":"Los lomos de la carne: alto, bajo, con o sin hueso\u2026 - Blog","og_description":"Descubre todos los tipos de lomo de la carne de vacuno que tenemos para ti: alto, bajo, con y sin hueso, solomillo...","og_url":"https:\/\/www.miguelvergara.com\/actualidad\/blog\/los-lomos-de-la-carne-alto-bajo-con-o-sin-hueso\/","og_site_name":"Blog","article_published_time":"2020-10-30T10:18:16+00:00","article_modified_time":"2026-03-16T10:06:43+00:00","og_image":[{"width":860,"height":500,"url":"https:\/\/www.miguelvergara.com\/actualidad\/wp-content\/uploads\/2020\/10\/Lomos-de-la-carne-destacada-listado.jpg","type":"image\/jpeg"}],"author":"Mhh4a0@4","twitter_card":"summary_large_image","twitter_misc":{"Escrito por":"Mhh4a0@4","Tiempo de lectura":"3 minutos"},"schema":{"@context":"https:\/\/schema.org","@graph":[{"@type":"Article","@id":"https:\/\/www.miguelvergara.com\/actualidad\/blog\/los-lomos-de-la-carne-alto-bajo-con-o-sin-hueso\/#article","isPartOf":{"@id":"https:\/\/www.miguelvergara.com\/actualidad\/blog\/los-lomos-de-la-carne-alto-bajo-con-o-sin-hueso\/"},"author":{"name":"Mhh4a0@4","@id":"https:\/\/www.miguelvergara.com\/actualidad\/#\/schema\/person\/273d4cc3f46c4455932a4634619cfd09"},"headline":"Los lomos de la carne: alto, bajo, con o sin hueso\u2026","datePublished":"2020-10-30T10:18:16+00:00","dateModified":"2026-03-16T10:06:43+00:00","mainEntityOfPage":{"@id":"https:\/\/www.miguelvergara.com\/actualidad\/blog\/los-lomos-de-la-carne-alto-bajo-con-o-sin-hueso\/"},"wordCount":698,"image":{"@id":"https:\/\/www.miguelvergara.com\/actualidad\/blog\/los-lomos-de-la-carne-alto-bajo-con-o-sin-hueso\/#primaryimage"},"thumbnailUrl":"https:\/\/www.miguelvergara.com\/actualidad\/wp-content\/uploads\/2020\/10\/Lomos-de-la-carne-destacada-listado.jpg","articleSection":["Blog","Cortes y anatom\u00eda del vacuno"],"inLanguage":"es"},{"@type":"WebPage","@id":"https:\/\/www.miguelvergara.com\/actualidad\/blog\/los-lomos-de-la-carne-alto-bajo-con-o-sin-hueso\/","url":"https:\/\/www.miguelvergara.com\/actualidad\/blog\/los-lomos-de-la-carne-alto-bajo-con-o-sin-hueso\/","name":"Los lomos de la carne: alto, bajo, con o sin hueso\u2026 - Blog","isPartOf":{"@id":"https:\/\/www.miguelvergara.com\/actualidad\/#website"},"primaryImageOfPage":{"@id":"https:\/\/www.miguelvergara.com\/actualidad\/blog\/los-lomos-de-la-carne-alto-bajo-con-o-sin-hueso\/#primaryimage"},"image":{"@id":"https:\/\/www.miguelvergara.com\/actualidad\/blog\/los-lomos-de-la-carne-alto-bajo-con-o-sin-hueso\/#primaryimage"},"thumbnailUrl":"https:\/\/www.miguelvergara.com\/actualidad\/wp-content\/uploads\/2020\/10\/Lomos-de-la-carne-destacada-listado.jpg","datePublished":"2020-10-30T10:18:16+00:00","dateModified":"2026-03-16T10:06:43+00:00","author":{"@id":"https:\/\/www.miguelvergara.com\/actualidad\/#\/schema\/person\/273d4cc3f46c4455932a4634619cfd09"},"description":"Descubre todos los tipos de lomo de la carne de vacuno que tenemos para ti: alto, bajo, con y sin hueso, solomillo...","breadcrumb":{"@id":"https:\/\/www.miguelvergara.com\/actualidad\/blog\/los-lomos-de-la-carne-alto-bajo-con-o-sin-hueso\/#breadcrumb"},"inLanguage":"es","potentialAction":[{"@type":"ReadAction","target":["https:\/\/www.miguelvergara.com\/actualidad\/blog\/los-lomos-de-la-carne-alto-bajo-con-o-sin-hueso\/"]}]},{"@type":"ImageObject","inLanguage":"es","@id":"https:\/\/www.miguelvergara.com\/actualidad\/blog\/los-lomos-de-la-carne-alto-bajo-con-o-sin-hueso\/#primaryimage","url":"https:\/\/www.miguelvergara.com\/actualidad\/wp-content\/uploads\/2020\/10\/Lomos-de-la-carne-destacada-listado.jpg","contentUrl":"https:\/\/www.miguelvergara.com\/actualidad\/wp-content\/uploads\/2020\/10\/Lomos-de-la-carne-destacada-listado.jpg","width":860,"height":500},{"@type":"BreadcrumbList","@id":"https:\/\/www.miguelvergara.com\/actualidad\/blog\/los-lomos-de-la-carne-alto-bajo-con-o-sin-hueso\/#breadcrumb","itemListElement":[{"@type":"ListItem","position":1,"name":"Portada","item":"https:\/\/www.miguelvergara.com\/actualidad\/"},{"@type":"ListItem","position":2,"name":"Los lomos de la carne: alto, bajo, con o sin hueso\u2026"}]},{"@type":"WebSite","@id":"https:\/\/www.miguelvergara.com\/actualidad\/#website","url":"https:\/\/www.miguelvergara.com\/actualidad\/","name":"Blog","description":"","potentialAction":[{"@type":"SearchAction","target":{"@type":"EntryPoint","urlTemplate":"https:\/\/www.miguelvergara.com\/actualidad\/?s={search_term_string}"},"query-input":{"@type":"PropertyValueSpecification","valueRequired":true,"valueName":"search_term_string"}}],"inLanguage":"es"},{"@type":"Person","@id":"https:\/\/www.miguelvergara.com\/actualidad\/#\/schema\/person\/273d4cc3f46c4455932a4634619cfd09","name":"Mhh4a0@4","sameAs":["https:\/\/www.miguelvergara.com\/actualidad"]}]}},"_links":{"self":[{"href":"https:\/\/www.miguelvergara.com\/actualidad\/wp-json\/wp\/v2\/posts\/7062","targetHints":{"allow":["GET"]}}],"collection":[{"href":"https:\/\/www.miguelvergara.com\/actualidad\/wp-json\/wp\/v2\/posts"}],"about":[{"href":"https:\/\/www.miguelvergara.com\/actualidad\/wp-json\/wp\/v2\/types\/post"}],"author":[{"embeddable":true,"href":"https:\/\/www.miguelvergara.com\/actualidad\/wp-json\/wp\/v2\/users\/1"}],"replies":[{"embeddable":true,"href":"https:\/\/www.miguelvergara.com\/actualidad\/wp-json\/wp\/v2\/comments?post=7062"}],"version-history":[{"count":4,"href":"https:\/\/www.miguelvergara.com\/actualidad\/wp-json\/wp\/v2\/posts\/7062\/revisions"}],"predecessor-version":[{"id":7134,"href":"https:\/\/www.miguelvergara.com\/actualidad\/wp-json\/wp\/v2\/posts\/7062\/revisions\/7134"}],"wp:featuredmedia":[{"embeddable":true,"href":"https:\/\/www.miguelvergara.com\/actualidad\/wp-json\/wp\/v2\/media\/7065"}],"wp:attachment":[{"href":"https:\/\/www.miguelvergara.com\/actualidad\/wp-json\/wp\/v2\/media?parent=7062"}],"wp:term":[{"taxonomy":"category","embeddable":true,"href":"https:\/\/www.miguelvergara.com\/actualidad\/wp-json\/wp\/v2\/categories?post=7062"},{"taxonomy":"post_tag","embeddable":true,"href":"https:\/\/www.miguelvergara.com\/actualidad\/wp-json\/wp\/v2\/tags?post=7062"}],"curies":[{"name":"wp","href":"https:\/\/api.w.org\/{rel}","templated":true}]}}