{"id":7671,"date":"2021-03-11T10:30:01","date_gmt":"2021-03-11T09:30:01","guid":{"rendered":"https:\/\/www.miguelvergara.com\/actualidad\/?p=7671"},"modified":"2026-03-16T11:43:27","modified_gmt":"2026-03-16T10:43:27","slug":"la-carne-en-los-menus-de-comedores-escolares","status":"publish","type":"post","link":"https:\/\/www.miguelvergara.com\/actualidad\/blog\/la-carne-en-los-menus-de-comedores-escolares\/","title":{"rendered":"La carne en los men\u00fas de comedores escolares"},"content":{"rendered":"\n<p>Desde <strong><a title=\"Grupo Miguel Vergara\" href=\"https:\/\/www.miguelvergara.com\/\">Grupo Miguel Vergara<\/a><\/strong> siempre hemos querido incidir en la importancia de la carne para cualquier dieta sana y equilibrada. Esto es todav\u00eda m\u00e1s importante en los casos en los que hablamos de la alimentaci\u00f3n infantil. Por eso, incluir la <strong>carne de vacuno en los men\u00fas que forman parte de los comedores escolares<\/strong> es trascendental para nuestros hijos.<\/p>\n\n\n\n<p>Que mantengan una alimentaci\u00f3n equilibrada cuando no comen en casa no solamente deber\u00eda ser algo a tener en cuenta, sino que tendr\u00eda que convertirse en una prioridad. B\u00e1sicamente porque esto contribuye a su sano crecimiento y desarrollo. Y a todo ello ayudan los productos c\u00e1rnicos que se les proporciona, tambi\u00e9n a lo largo de su etapa educativa, en los men\u00fas del comedor escolar.<\/p>\n\n\n\n<figure class=\"wp-block-image size-large\"><img loading=\"lazy\" decoding=\"async\" width=\"1200\" height=\"859\" src=\"https:\/\/www.miguelvergara.com\/actualidad\/wp-content\/uploads\/2021\/03\/104463289_1651222991699183_3789408035030063111_o-1200x859.jpg\" alt=\"carne menu colegio\" class=\"wp-image-7702\" srcset=\"https:\/\/www.miguelvergara.com\/actualidad\/wp-content\/uploads\/2021\/03\/104463289_1651222991699183_3789408035030063111_o-1200x859.jpg 1200w, https:\/\/www.miguelvergara.com\/actualidad\/wp-content\/uploads\/2021\/03\/104463289_1651222991699183_3789408035030063111_o-860x616.jpg 860w, https:\/\/www.miguelvergara.com\/actualidad\/wp-content\/uploads\/2021\/03\/104463289_1651222991699183_3789408035030063111_o-768x550.jpg 768w, https:\/\/www.miguelvergara.com\/actualidad\/wp-content\/uploads\/2021\/03\/104463289_1651222991699183_3789408035030063111_o.jpg 1352w\" sizes=\"auto, (max-width: 1200px) 100vw, 1200px\" \/><\/figure>\n\n\n\n<h2 class=\"wp-block-heading\">Por qu\u00e9 es necesario el consumo de carne en la dieta de los ni\u00f1os<\/h2>\n\n\n\n<p>Un alimento como la <strong><a title=\"Carne fundamental en ni\u00f1os y adultos\" href=\"https:\/\/www.miguelvergara.com\/actualidad\/blog\/la-carne-en-la-alimentacion-de-ninos-y-adultos\/\">carne es fundamental en ni\u00f1os y adultos<\/a><\/strong>, pero sin duda, en el caso de la edad infantil, adquiere a\u00fan mayor relevancia. No solamente porque hablemos de algo tan importante como lo que ingieren los ni\u00f1os, sino tambi\u00e9n porque muchas veces decidimos que nuestros hijos coman en el propio centro educativo y <strong>lo adecuado es que sigan una dieta variada y sana<\/strong>. Por ello, y por los siguientes motivos que te explicamos a continuaci\u00f3n, la carne debe estar presente entre esos alimentos ofrecidos del men\u00fa escolar.<\/p>\n\n\n\n<h3 class=\"wp-block-heading\">Nutrientes necesarios para su actividad escolar<\/h3>\n\n\n\n<p>En primer lugar, es clave incluir la carne de vacuno en los comedores escolares porque aportan los nutrientes necesarios como el <strong>f\u00f3sforo, el hierro y el potasio<\/strong>, para que puedan desarrollar con total normalidad su actividad educativa. No solamente hacemos referencia a las <strong>actividades extraescolares<\/strong> que incluyen ejercicio f\u00edsico, sino tambi\u00e9n a aquellas habituales a la hora de estar activos y rendir mentalmente y con atenci\u00f3n durante las clases. Todo un motivo de peso para que en la comida se les ofrezca un <strong><a title=\"Entrecot de Angus\" href=\"https:\/\/www.miguelvergara.com\/tienda\/entrecot-angus-n13\/\">entrecot de Angus<\/a><\/strong> delicioso y nutritivo.   <\/p>\n\n\n\n<h3 class=\"wp-block-heading\">Crecimiento con fuerza y energ\u00eda<\/h3>\n\n\n\n<p><strong><a title=\"La carne en la alimentaci\u00f3n infantil\" href=\"https:\/\/www.miguelvergara.com\/actualidad\/blog\/la-carne-en-la-alimentacion-infantil\/\">La carne en la alimentaci\u00f3n infantil<\/a><\/strong> es b\u00e1sica para el crecimiento. Se trata de un alimento que les aporta la suficiente energ\u00eda para su actividad diaria y que, adem\u00e1s, les permite crecer fuertes y sanos. Las <strong>prote\u00ednas y vitaminas<\/strong> que contiene, proporciona todo lo que necesitan para su <strong>desarrollo \u00f3seo, muscular, dental, cognitivo<\/strong> <strong>e inmunitario<\/strong> normal. De esa forma conseguir\u00e1n un desarrollo fuerte y no les faltar\u00e1 energ\u00eda.<\/p>\n\n\n\n<h3 class=\"wp-block-heading\">Men\u00fa completo con verduras, fruta y pescado<\/h3>\n\n\n\n<p>De la misma forma que sucede con los adultos y las personas avanzada edad, los ni\u00f1os deben seguir una correcta alimentaci\u00f3n para asegurarnos de que su organismo recibe todo tipo de vitaminas y nutrientes. Fruta, verdura, pescado, legumbres, pastas&#8230; y, en lo que afecta a la <strong>carne<\/strong>, es recomendable su consumo <strong>entre 2 y 4 raciones a la semana<\/strong>.<\/p>\n\n\n\n<figure class=\"wp-block-image size-large\"><img loading=\"lazy\" decoding=\"async\" width=\"1200\" height=\"750\" src=\"https:\/\/www.miguelvergara.com\/actualidad\/wp-content\/uploads\/2021\/03\/Inspecciones-sanidad-manipulacion-alimentos-e1533647020485-1200x750.jpg\" alt=\"carne comedor escolar\" class=\"wp-image-7700\" srcset=\"https:\/\/www.miguelvergara.com\/actualidad\/wp-content\/uploads\/2021\/03\/Inspecciones-sanidad-manipulacion-alimentos-e1533647020485-1200x750.jpg 1200w, https:\/\/www.miguelvergara.com\/actualidad\/wp-content\/uploads\/2021\/03\/Inspecciones-sanidad-manipulacion-alimentos-e1533647020485-860x538.jpg 860w, https:\/\/www.miguelvergara.com\/actualidad\/wp-content\/uploads\/2021\/03\/Inspecciones-sanidad-manipulacion-alimentos-e1533647020485-768x480.jpg 768w, https:\/\/www.miguelvergara.com\/actualidad\/wp-content\/uploads\/2021\/03\/Inspecciones-sanidad-manipulacion-alimentos-e1533647020485-1536x960.jpg 1536w, https:\/\/www.miguelvergara.com\/actualidad\/wp-content\/uploads\/2021\/03\/Inspecciones-sanidad-manipulacion-alimentos-e1533647020485.jpg 1563w\" sizes=\"auto, (max-width: 1200px) 100vw, 1200px\" \/><\/figure>\n\n\n\n<h2 class=\"wp-block-heading\">Conoce la carne que comen tus hijos en los men\u00fas escolares<\/h2>\n\n\n\n<p>Por otro lado, tanto para el centro educativo como para los padres, es una tranquilidad conocer la calidad y procedencia de la carne con la que se alimentan los ni\u00f1os. Por eso, como <strong>maestros en vacuno<\/strong>, te podemos garantizar la excelencia en toda la <strong><a title=\"Carne de calidad\" href=\"https:\/\/www.miguelvergara.com\/actualidad\/blog\/como-identificar-la-carne-de-calidad\/\">carne de calidad<\/a><\/strong> <strong>Miguel Vergara<\/strong> que ofrecemos: jugosa, tierna, de intenso sabor&#8230; \u00bfSabes c\u00f3mo lo conseguimos? Gracias a una serie de factores que compartimos contigo para que sepas exactamente su procedencia.<\/p>\n\n\n\n<h3 class=\"wp-block-heading\">Cuidado y bienestar animal<\/h3>\n\n\n\n<p>El cuidado que dispensamos a nuestros animales es la clave para ofrecer una carne \u00fanica en el mercado. Somos la primera empresa c\u00e1rnica en obtener el <strong><a href=\"https:\/\/www.aenor.com\/certificacion\/alimentacion\/bienestar-explotaciones-ganaderas-mataderos\" target=\"_blank\" rel=\"noreferrer noopener nofollow\">certificado de Bienestar Animal AENOR<\/a><\/strong> a lo largo de toda su cadena productiva, y esto no es casualidad. El buen cuidado de los animales influye directamente en la carne excelsa que llevamos a la mesa.<\/p>\n\n\n\n<h3 class=\"wp-block-heading\">Responsables con el medio ambiente<\/h3>\n\n\n\n<p>En Grupo Miguel Vergara sabemos que la convivencia entre <strong><a title=\"La industria c\u00e1rnica y el medio ambiente\" href=\"https:\/\/www.miguelvergara.com\/actualidad\/blog\/la-industria-carnica-y-el-medio-ambiente\/\">la industria c\u00e1rnica y el medio ambiente<\/a><\/strong> son de suma importancia. Por ello, nuestro compromiso es total para convertir nuestro quehacer diario en una actividad cada vez m\u00e1s sostenible y respetuosa con el mundo que nos rodea. De esta forma, a la vez que cuidamos nuestro planeta, cuidamos del entorno en el que se alimenta nuestro ganado y, por tanto, ofrecemos la mejor carne posible.<\/p>\n\n\n\n<figure class=\"wp-block-image size-large\"><img loading=\"lazy\" decoding=\"async\" width=\"1200\" height=\"790\" src=\"https:\/\/www.miguelvergara.com\/actualidad\/wp-content\/uploads\/2021\/03\/126191808_1798634973624650_7489845915234569631_o-1200x790.jpg\" alt=\"\" class=\"wp-image-7699\" srcset=\"https:\/\/www.miguelvergara.com\/actualidad\/wp-content\/uploads\/2021\/03\/126191808_1798634973624650_7489845915234569631_o-1200x790.jpg 1200w, https:\/\/www.miguelvergara.com\/actualidad\/wp-content\/uploads\/2021\/03\/126191808_1798634973624650_7489845915234569631_o-860x566.jpg 860w, https:\/\/www.miguelvergara.com\/actualidad\/wp-content\/uploads\/2021\/03\/126191808_1798634973624650_7489845915234569631_o-768x505.jpg 768w, https:\/\/www.miguelvergara.com\/actualidad\/wp-content\/uploads\/2021\/03\/126191808_1798634973624650_7489845915234569631_o.jpg 1334w\" sizes=\"auto, (max-width: 1200px) 100vw, 1200px\" \/><\/figure>\n\n\n\n<h3 class=\"wp-block-heading\">Amplio equipo profesional<\/h3>\n\n\n\n<p>Nuestros m\u00e1s de 40 a\u00f1os como expertos en vacuno nos permite conocer c\u00f3mo obtener una carne extraordinaria para ofrecerla a los ni\u00f1os en los comedores escolares. Un <strong>amplio equipo profesional se encarga de la cr\u00eda y manutenci\u00f3n de nuestro ganado<\/strong> en cuidadas instalaciones, donde se les proporciona todo aquello que necesitan para que despu\u00e9s obtengamos la carne con mayor infiltraci\u00f3n del mercado. Adem\u00e1s, dispensamos a nuestras reses una alimentaci\u00f3n 100% vegetal, un buen alojamiento con encamado diario y todo aquello que necesiten para minimizar al m\u00e1ximo su estr\u00e9s.<\/p>\n\n\n\n<h2 class=\"wp-block-heading\">La mejor carne para la alimentaci\u00f3n infantil<\/h2>\n\n\n\n<p>Siempre queremos lo mejor para los ni\u00f1os, y, como hemos visto, conocer la calidad y procedencia de lo que comen no es una excepci\u00f3n. As\u00ed, para cuidar la alimentaci\u00f3n de los m\u00e1s peque\u00f1os, lo mejor es <strong><a title=\"Comprar carne online\" href=\"https:\/\/www.miguelvergara.com\/tienda\/\">comprar carne online<\/a><\/strong> con <strong>Grupo Miguel Vergara<\/strong>. <\/p>\n\n\n\n<p>Al incluir <strong>la carne en los men\u00fas de los comedores escolares<\/strong> les proporcionar\u00e1s todos los nutrientes que necesita su organismo para que crezcan sanos y fuertes, mientras disfrutan de un exquisito sabor al que no se podr\u00e1n resistir.<\/p>\n","protected":false},"excerpt":{"rendered":"<p>Desde Grupo Miguel Vergara siempre hemos querido incidir en la importancia de la carne para cualquier dieta sana y equilibrada. Esto es todav\u00eda m\u00e1s importante en los casos en los que hablamos de la alimentaci\u00f3n infantil. Por eso, incluir la carne de vacuno en los men\u00fas que forman parte de los comedores escolares es trascendental [&hellip;]<\/p>\n","protected":false},"author":2,"featured_media":7711,"comment_status":"closed","ping_status":"closed","sticky":false,"template":"","format":"standard","meta":{"footnotes":""},"categories":[2,570],"tags":[],"class_list":["post-7671","post","type-post","status-publish","format-standard","has-post-thumbnail","hentry","category-blog","category-guias-eleccion-nutricion-vacuno"],"yoast_head":"<!-- This site is optimized with the Yoast SEO plugin v27.4 - https:\/\/yoast.com\/product\/yoast-seo-wordpress\/ -->\n<title>Por qu\u00e9 incluir carne en el men\u00fa del comedor escolar - Miguel Vergara<\/title>\n<meta name=\"description\" content=\"A\u00f1adir la carne en los men\u00fas de los comedores escolares permitir\u00e1 que los ni\u00f1os puedan mantener una dieta equilibrada. Pero hay m\u00e1s ventajas.\" \/>\n<meta name=\"robots\" content=\"index, follow, max-snippet:-1, max-image-preview:large, max-video-preview:-1\" \/>\n<link rel=\"canonical\" href=\"https:\/\/www.miguelvergara.com\/actualidad\/blog\/la-carne-en-los-menus-de-comedores-escolares\/\" \/>\n<meta property=\"og:locale\" content=\"es_ES\" \/>\n<meta property=\"og:type\" content=\"article\" \/>\n<meta property=\"og:title\" content=\"Por qu\u00e9 incluir carne en el men\u00fa del comedor escolar - Miguel Vergara\" \/>\n<meta property=\"og:description\" content=\"A\u00f1adir la carne en los men\u00fas de los comedores escolares permitir\u00e1 que los ni\u00f1os puedan mantener una dieta equilibrada. Pero hay m\u00e1s ventajas.\" \/>\n<meta property=\"og:url\" content=\"https:\/\/www.miguelvergara.com\/actualidad\/blog\/la-carne-en-los-menus-de-comedores-escolares\/\" \/>\n<meta property=\"og:site_name\" content=\"Blog\" \/>\n<meta property=\"article:published_time\" content=\"2021-03-11T09:30:01+00:00\" \/>\n<meta property=\"article:modified_time\" content=\"2026-03-16T10:43:27+00:00\" \/>\n<meta property=\"og:image\" content=\"https:\/\/www.miguelvergara.com\/actualidad\/wp-content\/uploads\/2021\/03\/image001.jpg\" \/>\n\t<meta property=\"og:image:width\" content=\"1000\" \/>\n\t<meta property=\"og:image:height\" content=\"567\" \/>\n\t<meta property=\"og:image:type\" content=\"image\/jpeg\" \/>\n<meta name=\"author\" content=\"editor_digival\" \/>\n<meta name=\"twitter:card\" content=\"summary_large_image\" \/>\n<meta name=\"twitter:label1\" content=\"Escrito por\" \/>\n\t<meta name=\"twitter:data1\" content=\"editor_digival\" \/>\n\t<meta name=\"twitter:label2\" content=\"Tiempo de lectura\" \/>\n\t<meta name=\"twitter:data2\" content=\"5 minutos\" \/>\n<script type=\"application\/ld+json\" class=\"yoast-schema-graph\">{\"@context\":\"https:\\\/\\\/schema.org\",\"@graph\":[{\"@type\":\"Article\",\"@id\":\"https:\\\/\\\/www.miguelvergara.com\\\/actualidad\\\/blog\\\/la-carne-en-los-menus-de-comedores-escolares\\\/#article\",\"isPartOf\":{\"@id\":\"https:\\\/\\\/www.miguelvergara.com\\\/actualidad\\\/blog\\\/la-carne-en-los-menus-de-comedores-escolares\\\/\"},\"author\":{\"name\":\"editor_digival\",\"@id\":\"https:\\\/\\\/www.miguelvergara.com\\\/actualidad\\\/#\\\/schema\\\/person\\\/e68ceba8360bde19f1494aa7acbd48ef\"},\"headline\":\"La carne en los men\u00fas de comedores escolares\",\"datePublished\":\"2021-03-11T09:30:01+00:00\",\"dateModified\":\"2026-03-16T10:43:27+00:00\",\"mainEntityOfPage\":{\"@id\":\"https:\\\/\\\/www.miguelvergara.com\\\/actualidad\\\/blog\\\/la-carne-en-los-menus-de-comedores-escolares\\\/\"},\"wordCount\":930,\"image\":{\"@id\":\"https:\\\/\\\/www.miguelvergara.com\\\/actualidad\\\/blog\\\/la-carne-en-los-menus-de-comedores-escolares\\\/#primaryimage\"},\"thumbnailUrl\":\"https:\\\/\\\/www.miguelvergara.com\\\/actualidad\\\/wp-content\\\/uploads\\\/2021\\\/03\\\/image001.jpg\",\"articleSection\":[\"Blog\",\"Gu\u00edas de elecci\u00f3n y nutrici\u00f3n del vacuno\"],\"inLanguage\":\"es\"},{\"@type\":\"WebPage\",\"@id\":\"https:\\\/\\\/www.miguelvergara.com\\\/actualidad\\\/blog\\\/la-carne-en-los-menus-de-comedores-escolares\\\/\",\"url\":\"https:\\\/\\\/www.miguelvergara.com\\\/actualidad\\\/blog\\\/la-carne-en-los-menus-de-comedores-escolares\\\/\",\"name\":\"Por qu\u00e9 incluir carne en el men\u00fa del comedor escolar - Miguel Vergara\",\"isPartOf\":{\"@id\":\"https:\\\/\\\/www.miguelvergara.com\\\/actualidad\\\/#website\"},\"primaryImageOfPage\":{\"@id\":\"https:\\\/\\\/www.miguelvergara.com\\\/actualidad\\\/blog\\\/la-carne-en-los-menus-de-comedores-escolares\\\/#primaryimage\"},\"image\":{\"@id\":\"https:\\\/\\\/www.miguelvergara.com\\\/actualidad\\\/blog\\\/la-carne-en-los-menus-de-comedores-escolares\\\/#primaryimage\"},\"thumbnailUrl\":\"https:\\\/\\\/www.miguelvergara.com\\\/actualidad\\\/wp-content\\\/uploads\\\/2021\\\/03\\\/image001.jpg\",\"datePublished\":\"2021-03-11T09:30:01+00:00\",\"dateModified\":\"2026-03-16T10:43:27+00:00\",\"author\":{\"@id\":\"https:\\\/\\\/www.miguelvergara.com\\\/actualidad\\\/#\\\/schema\\\/person\\\/e68ceba8360bde19f1494aa7acbd48ef\"},\"description\":\"A\u00f1adir la carne en los men\u00fas de los comedores escolares permitir\u00e1 que los ni\u00f1os puedan mantener una dieta equilibrada. Pero hay m\u00e1s ventajas.\",\"breadcrumb\":{\"@id\":\"https:\\\/\\\/www.miguelvergara.com\\\/actualidad\\\/blog\\\/la-carne-en-los-menus-de-comedores-escolares\\\/#breadcrumb\"},\"inLanguage\":\"es\",\"potentialAction\":[{\"@type\":\"ReadAction\",\"target\":[\"https:\\\/\\\/www.miguelvergara.com\\\/actualidad\\\/blog\\\/la-carne-en-los-menus-de-comedores-escolares\\\/\"]}]},{\"@type\":\"ImageObject\",\"inLanguage\":\"es\",\"@id\":\"https:\\\/\\\/www.miguelvergara.com\\\/actualidad\\\/blog\\\/la-carne-en-los-menus-de-comedores-escolares\\\/#primaryimage\",\"url\":\"https:\\\/\\\/www.miguelvergara.com\\\/actualidad\\\/wp-content\\\/uploads\\\/2021\\\/03\\\/image001.jpg\",\"contentUrl\":\"https:\\\/\\\/www.miguelvergara.com\\\/actualidad\\\/wp-content\\\/uploads\\\/2021\\\/03\\\/image001.jpg\",\"width\":1000,\"height\":567},{\"@type\":\"BreadcrumbList\",\"@id\":\"https:\\\/\\\/www.miguelvergara.com\\\/actualidad\\\/blog\\\/la-carne-en-los-menus-de-comedores-escolares\\\/#breadcrumb\",\"itemListElement\":[{\"@type\":\"ListItem\",\"position\":1,\"name\":\"Portada\",\"item\":\"https:\\\/\\\/www.miguelvergara.com\\\/actualidad\\\/\"},{\"@type\":\"ListItem\",\"position\":2,\"name\":\"La carne en los men\u00fas de comedores escolares\"}]},{\"@type\":\"WebSite\",\"@id\":\"https:\\\/\\\/www.miguelvergara.com\\\/actualidad\\\/#website\",\"url\":\"https:\\\/\\\/www.miguelvergara.com\\\/actualidad\\\/\",\"name\":\"Blog\",\"description\":\"\",\"potentialAction\":[{\"@type\":\"SearchAction\",\"target\":{\"@type\":\"EntryPoint\",\"urlTemplate\":\"https:\\\/\\\/www.miguelvergara.com\\\/actualidad\\\/?s={search_term_string}\"},\"query-input\":{\"@type\":\"PropertyValueSpecification\",\"valueRequired\":true,\"valueName\":\"search_term_string\"}}],\"inLanguage\":\"es\"},{\"@type\":\"Person\",\"@id\":\"https:\\\/\\\/www.miguelvergara.com\\\/actualidad\\\/#\\\/schema\\\/person\\\/e68ceba8360bde19f1494aa7acbd48ef\",\"name\":\"editor_digival\"}]}<\/script>\n<!-- \/ Yoast SEO plugin. -->","yoast_head_json":{"title":"Por qu\u00e9 incluir carne en el men\u00fa del comedor escolar - Miguel Vergara","description":"A\u00f1adir la carne en los men\u00fas de los comedores escolares permitir\u00e1 que los ni\u00f1os puedan mantener una dieta equilibrada. Pero hay m\u00e1s ventajas.","robots":{"index":"index","follow":"follow","max-snippet":"max-snippet:-1","max-image-preview":"max-image-preview:large","max-video-preview":"max-video-preview:-1"},"canonical":"https:\/\/www.miguelvergara.com\/actualidad\/blog\/la-carne-en-los-menus-de-comedores-escolares\/","og_locale":"es_ES","og_type":"article","og_title":"Por qu\u00e9 incluir carne en el men\u00fa del comedor escolar - Miguel Vergara","og_description":"A\u00f1adir la carne en los men\u00fas de los comedores escolares permitir\u00e1 que los ni\u00f1os puedan mantener una dieta equilibrada. Pero hay m\u00e1s ventajas.","og_url":"https:\/\/www.miguelvergara.com\/actualidad\/blog\/la-carne-en-los-menus-de-comedores-escolares\/","og_site_name":"Blog","article_published_time":"2021-03-11T09:30:01+00:00","article_modified_time":"2026-03-16T10:43:27+00:00","og_image":[{"width":1000,"height":567,"url":"https:\/\/www.miguelvergara.com\/actualidad\/wp-content\/uploads\/2021\/03\/image001.jpg","type":"image\/jpeg"}],"author":"editor_digival","twitter_card":"summary_large_image","twitter_misc":{"Escrito por":"editor_digival","Tiempo de lectura":"5 minutos"},"schema":{"@context":"https:\/\/schema.org","@graph":[{"@type":"Article","@id":"https:\/\/www.miguelvergara.com\/actualidad\/blog\/la-carne-en-los-menus-de-comedores-escolares\/#article","isPartOf":{"@id":"https:\/\/www.miguelvergara.com\/actualidad\/blog\/la-carne-en-los-menus-de-comedores-escolares\/"},"author":{"name":"editor_digival","@id":"https:\/\/www.miguelvergara.com\/actualidad\/#\/schema\/person\/e68ceba8360bde19f1494aa7acbd48ef"},"headline":"La carne en los men\u00fas de comedores escolares","datePublished":"2021-03-11T09:30:01+00:00","dateModified":"2026-03-16T10:43:27+00:00","mainEntityOfPage":{"@id":"https:\/\/www.miguelvergara.com\/actualidad\/blog\/la-carne-en-los-menus-de-comedores-escolares\/"},"wordCount":930,"image":{"@id":"https:\/\/www.miguelvergara.com\/actualidad\/blog\/la-carne-en-los-menus-de-comedores-escolares\/#primaryimage"},"thumbnailUrl":"https:\/\/www.miguelvergara.com\/actualidad\/wp-content\/uploads\/2021\/03\/image001.jpg","articleSection":["Blog","Gu\u00edas de elecci\u00f3n y nutrici\u00f3n del vacuno"],"inLanguage":"es"},{"@type":"WebPage","@id":"https:\/\/www.miguelvergara.com\/actualidad\/blog\/la-carne-en-los-menus-de-comedores-escolares\/","url":"https:\/\/www.miguelvergara.com\/actualidad\/blog\/la-carne-en-los-menus-de-comedores-escolares\/","name":"Por qu\u00e9 incluir carne en el men\u00fa del comedor escolar - Miguel Vergara","isPartOf":{"@id":"https:\/\/www.miguelvergara.com\/actualidad\/#website"},"primaryImageOfPage":{"@id":"https:\/\/www.miguelvergara.com\/actualidad\/blog\/la-carne-en-los-menus-de-comedores-escolares\/#primaryimage"},"image":{"@id":"https:\/\/www.miguelvergara.com\/actualidad\/blog\/la-carne-en-los-menus-de-comedores-escolares\/#primaryimage"},"thumbnailUrl":"https:\/\/www.miguelvergara.com\/actualidad\/wp-content\/uploads\/2021\/03\/image001.jpg","datePublished":"2021-03-11T09:30:01+00:00","dateModified":"2026-03-16T10:43:27+00:00","author":{"@id":"https:\/\/www.miguelvergara.com\/actualidad\/#\/schema\/person\/e68ceba8360bde19f1494aa7acbd48ef"},"description":"A\u00f1adir la carne en los men\u00fas de los comedores escolares permitir\u00e1 que los ni\u00f1os puedan mantener una dieta equilibrada. Pero hay m\u00e1s ventajas.","breadcrumb":{"@id":"https:\/\/www.miguelvergara.com\/actualidad\/blog\/la-carne-en-los-menus-de-comedores-escolares\/#breadcrumb"},"inLanguage":"es","potentialAction":[{"@type":"ReadAction","target":["https:\/\/www.miguelvergara.com\/actualidad\/blog\/la-carne-en-los-menus-de-comedores-escolares\/"]}]},{"@type":"ImageObject","inLanguage":"es","@id":"https:\/\/www.miguelvergara.com\/actualidad\/blog\/la-carne-en-los-menus-de-comedores-escolares\/#primaryimage","url":"https:\/\/www.miguelvergara.com\/actualidad\/wp-content\/uploads\/2021\/03\/image001.jpg","contentUrl":"https:\/\/www.miguelvergara.com\/actualidad\/wp-content\/uploads\/2021\/03\/image001.jpg","width":1000,"height":567},{"@type":"BreadcrumbList","@id":"https:\/\/www.miguelvergara.com\/actualidad\/blog\/la-carne-en-los-menus-de-comedores-escolares\/#breadcrumb","itemListElement":[{"@type":"ListItem","position":1,"name":"Portada","item":"https:\/\/www.miguelvergara.com\/actualidad\/"},{"@type":"ListItem","position":2,"name":"La carne en los men\u00fas de comedores escolares"}]},{"@type":"WebSite","@id":"https:\/\/www.miguelvergara.com\/actualidad\/#website","url":"https:\/\/www.miguelvergara.com\/actualidad\/","name":"Blog","description":"","potentialAction":[{"@type":"SearchAction","target":{"@type":"EntryPoint","urlTemplate":"https:\/\/www.miguelvergara.com\/actualidad\/?s={search_term_string}"},"query-input":{"@type":"PropertyValueSpecification","valueRequired":true,"valueName":"search_term_string"}}],"inLanguage":"es"},{"@type":"Person","@id":"https:\/\/www.miguelvergara.com\/actualidad\/#\/schema\/person\/e68ceba8360bde19f1494aa7acbd48ef","name":"editor_digival"}]}},"_links":{"self":[{"href":"https:\/\/www.miguelvergara.com\/actualidad\/wp-json\/wp\/v2\/posts\/7671","targetHints":{"allow":["GET"]}}],"collection":[{"href":"https:\/\/www.miguelvergara.com\/actualidad\/wp-json\/wp\/v2\/posts"}],"about":[{"href":"https:\/\/www.miguelvergara.com\/actualidad\/wp-json\/wp\/v2\/types\/post"}],"author":[{"embeddable":true,"href":"https:\/\/www.miguelvergara.com\/actualidad\/wp-json\/wp\/v2\/users\/2"}],"replies":[{"embeddable":true,"href":"https:\/\/www.miguelvergara.com\/actualidad\/wp-json\/wp\/v2\/comments?post=7671"}],"version-history":[{"count":35,"href":"https:\/\/www.miguelvergara.com\/actualidad\/wp-json\/wp\/v2\/posts\/7671\/revisions"}],"predecessor-version":[{"id":7712,"href":"https:\/\/www.miguelvergara.com\/actualidad\/wp-json\/wp\/v2\/posts\/7671\/revisions\/7712"}],"wp:featuredmedia":[{"embeddable":true,"href":"https:\/\/www.miguelvergara.com\/actualidad\/wp-json\/wp\/v2\/media\/7711"}],"wp:attachment":[{"href":"https:\/\/www.miguelvergara.com\/actualidad\/wp-json\/wp\/v2\/media?parent=7671"}],"wp:term":[{"taxonomy":"category","embeddable":true,"href":"https:\/\/www.miguelvergara.com\/actualidad\/wp-json\/wp\/v2\/categories?post=7671"},{"taxonomy":"post_tag","embeddable":true,"href":"https:\/\/www.miguelvergara.com\/actualidad\/wp-json\/wp\/v2\/tags?post=7671"}],"curies":[{"name":"wp","href":"https:\/\/api.w.org\/{rel}","templated":true}]}}