{"id":7754,"date":"2020-10-19T13:39:43","date_gmt":"2020-10-19T11:39:43","guid":{"rendered":"https:\/\/www.miguelvergara.com\/actualidad\/?p=7754"},"modified":"2021-09-20T09:54:33","modified_gmt":"2021-09-20T07:54:33","slug":"gmv-se-hace-con-el-v-premio-especial-surcos-del-sector-agricola-y-ganadero-de-cyl","status":"publish","type":"post","link":"https:\/\/www.miguelvergara.com\/actualidad\/notas-de-prensa\/gmv-se-hace-con-el-v-premio-especial-surcos-del-sector-agricola-y-ganadero-de-cyl\/","title":{"rendered":"Grupo Miguel Vergara se hace con el V Premio Especial Surcos del sector agr\u00edcola y ganadero de CyL"},"content":{"rendered":"\n<ul class=\"wp-block-list\"><li><strong>El holding c\u00e1rnico recibe el m\u00e1ximo galard\u00f3n de estos reconocimientos de Castilla y Le\u00f3n Televisi\u00f3n<\/strong><\/li><li><strong>El acto ha contado con la presencia del consejero de Agricultura, Ganader\u00eda y Desarrollo Rural, Jes\u00fas Julio Carnero<\/strong><\/li><\/ul>\n\n\n\n<figure class=\"wp-block-image size-large\"><img loading=\"lazy\" decoding=\"async\" width=\"900\" height=\"1200\" src=\"https:\/\/www.miguelvergara.com\/actualidad\/wp-content\/uploads\/2021\/04\/surcos-1-900x1200.jpg\" alt=\"\" class=\"wp-image-7756\" srcset=\"https:\/\/www.miguelvergara.com\/actualidad\/wp-content\/uploads\/2021\/04\/surcos-1-900x1200.jpg 900w, https:\/\/www.miguelvergara.com\/actualidad\/wp-content\/uploads\/2021\/04\/surcos-1-645x860.jpg 645w, https:\/\/www.miguelvergara.com\/actualidad\/wp-content\/uploads\/2021\/04\/surcos-1-768x1024.jpg 768w, https:\/\/www.miguelvergara.com\/actualidad\/wp-content\/uploads\/2021\/04\/surcos-1-1152x1536.jpg 1152w, https:\/\/www.miguelvergara.com\/actualidad\/wp-content\/uploads\/2021\/04\/surcos-1.jpg 1200w\" sizes=\"auto, (max-width: 900px) 100vw, 900px\" \/><\/figure>\n\n\n\n<p><strong>Valladolid, 19 de octubre de 2020.-<\/strong> <strong>Grupo Miguel Vergara<\/strong> ha recibido hoy, en el Monasterio de La Santa Espina (Castromonte), el V Premio Especial Surcos, m\u00e1ximo galard\u00f3n que otorgan estos conocidos galardones de Castilla y Le\u00f3n Televisi\u00f3n a las personas e instituciones que dan visibilidad al sector agr\u00edcola y ganadero de nuestra regi\u00f3n.<\/p>\n\n\n\n<p>El acto, con un reducido n\u00famero de asistentes para cumplir las medidas de seguridad frente al Covid-19, ha contado con la presencia del consejero de Agricultura, Ganader\u00eda y Desarrollo Rural, Jes\u00fas Julio Carnero; el viceconsejero de Desarrollo Rural y director general del Instituto Tecnol\u00f3gico Agrario, Jorge Llorente; el secretario general de la Consejer\u00eda; y la directora general de Desarrollo Rural, Mar\u00eda Gonz\u00e1lez Corral.<\/p>\n\n\n\n<p>El Premio Especial Surcos 2020, recogido por el propio Miguel Vergara Zamora y designado por la propia CyLTV, este a\u00f1o ha considerado reconocer el trabajo desarrollado por Grupo Miguel Vergara, con una larga trayectoria y unos valores entre los que destacan la pasi\u00f3n por el campo y el respeto por los animales. Los m\u00e1s de 30.000 animales que se cr\u00edan al a\u00f1o bajo su sello de calidad diferenciada se encuentran en explotaciones ganaderas propias de Castilla y Le\u00f3n, entre la dehesa de Salamanca y en las monta\u00f1as de Le\u00f3n. Holding empresarial de capital 100% espa\u00f1ol, el Grupo lleva m\u00e1s de tres d\u00e9cadas de dedicaci\u00f3n al mundo del vacuno. <\/p>\n\n\n\n<figure class=\"wp-block-image size-large\"><img loading=\"lazy\" decoding=\"async\" width=\"1200\" height=\"789\" src=\"https:\/\/www.miguelvergara.com\/actualidad\/wp-content\/uploads\/2021\/04\/surcos2-1-1200x789.jpg\" alt=\"\" class=\"wp-image-7760\" srcset=\"https:\/\/www.miguelvergara.com\/actualidad\/wp-content\/uploads\/2021\/04\/surcos2-1-1200x789.jpg 1200w, https:\/\/www.miguelvergara.com\/actualidad\/wp-content\/uploads\/2021\/04\/surcos2-1-860x565.jpg 860w, https:\/\/www.miguelvergara.com\/actualidad\/wp-content\/uploads\/2021\/04\/surcos2-1-768x505.jpg 768w, https:\/\/www.miguelvergara.com\/actualidad\/wp-content\/uploads\/2021\/04\/surcos2-1-1536x1010.jpg 1536w, https:\/\/www.miguelvergara.com\/actualidad\/wp-content\/uploads\/2021\/04\/surcos2-1.jpg 1591w\" sizes=\"auto, (max-width: 1200px) 100vw, 1200px\" \/><\/figure>\n\n\n\n<p>Los galardonados de la presente edici\u00f3n en las distintas categor\u00edas establecidas han sido: Fernando Esteban, Portillo (Valladolid), Mejor Explotaci\u00f3n Agr\u00edcola; Francisco Javier Arandilla, Carbonero el Mayor (Segovia), Mejor Explotaci\u00f3n Ganadera; el vallisoletano Jes\u00fas Yuste, Personaje Surcos; Agerpix Technologies, Golmayo (Soria), Premio Surcos a la Innovaci\u00f3n; Ventura Gonz\u00e1lez, Madrigal de las Altas Torres (\u00c1vila), Agricultores contra el Cambio Clim\u00e1tico; Lorena Genzor, Pobar (Soria), Premio Surcos Joven; Morcillas de Sotillo Pablo D\u00edaz, Sotillo de la Adrada (\u00c1vila), Mejor Pyme Agroganadera. <\/p>\n\n\n\n<p>Los espectadores pueden conocer a todos los premiados en un programa especial, conducido por Cristina Carro, directora y presentadora de Surcos, en La 7, picando en este link: <a href=\"https:\/\/www.cyltv.es\/noticia\/2b87524a-9e59-68e8-f21423d3440e8864\/20201101\/entrega-de-los-v-premios-surcos\">V\u00cdDEO<\/a><\/p>\n","protected":false},"excerpt":{"rendered":"<p>Grupo Miguel Vergara ha recibido hoy, en el Monasterio de La Santa Espina el V Premio Especial Surcos, m\u00e1ximo galard\u00f3n que otorgan estos conocidos galardones de Castilla y Le\u00f3n Televisi\u00f3n a las personas e instituciones que dan visibilidad al sector agr\u00edcola y ganadero de nuestra regi\u00f3n.<\/p>\n","protected":false},"author":3,"featured_media":7759,"comment_status":"closed","ping_status":"closed","sticky":false,"template":"","format":"standard","meta":{"footnotes":""},"categories":[3],"tags":[339,191,338,153,196,132,232,341,147,337,340],"class_list":["post-7754","post","type-post","status-publish","format-standard","has-post-thumbnail","hentry","category-notas-de-prensa","tag-agricultura","tag-castilla-y-leon","tag-galardones","tag-ganaderia","tag-grupo-miguel-vergara","tag-miguel-vergara","tag-premios","tag-region","tag-sector","tag-surcos","tag-television"],"yoast_head":"<!-- This site is optimized with the Yoast SEO plugin v27.4 - https:\/\/yoast.com\/product\/yoast-seo-wordpress\/ -->\n<title>Grupo Miguel Vergara se hace con el V Premio Especial Surcos - Blog<\/title>\n<meta name=\"description\" content=\"Un galard\u00f3n que premia la labor de personas e instituciones que dan visibilidad al sector agr\u00edcola y ganadero de nuestra regi\u00f3n.\" \/>\n<meta name=\"robots\" content=\"index, follow, max-snippet:-1, max-image-preview:large, max-video-preview:-1\" \/>\n<link rel=\"canonical\" href=\"https:\/\/www.miguelvergara.com\/actualidad\/notas-de-prensa\/gmv-se-hace-con-el-v-premio-especial-surcos-del-sector-agricola-y-ganadero-de-cyl\/\" \/>\n<meta property=\"og:locale\" content=\"es_ES\" \/>\n<meta property=\"og:type\" content=\"article\" \/>\n<meta property=\"og:title\" content=\"Grupo Miguel Vergara se hace con el V Premio Especial Surcos - Blog\" \/>\n<meta property=\"og:description\" content=\"Un galard\u00f3n que premia la labor de personas e instituciones que dan visibilidad al sector agr\u00edcola y ganadero de nuestra regi\u00f3n.\" \/>\n<meta property=\"og:url\" content=\"https:\/\/www.miguelvergara.com\/actualidad\/notas-de-prensa\/gmv-se-hace-con-el-v-premio-especial-surcos-del-sector-agricola-y-ganadero-de-cyl\/\" \/>\n<meta property=\"og:site_name\" content=\"Blog\" \/>\n<meta property=\"article:published_time\" content=\"2020-10-19T11:39:43+00:00\" \/>\n<meta property=\"article:modified_time\" content=\"2021-09-20T07:54:33+00:00\" \/>\n<meta property=\"og:image\" content=\"https:\/\/www.miguelvergara.com\/actualidad\/wp-content\/uploads\/2020\/10\/surcos2.jpg\" \/>\n\t<meta property=\"og:image:width\" content=\"1591\" \/>\n\t<meta property=\"og:image:height\" content=\"1046\" \/>\n\t<meta property=\"og:image:type\" content=\"image\/jpeg\" \/>\n<meta name=\"author\" content=\"editor_vergara\" \/>\n<meta name=\"twitter:card\" content=\"summary_large_image\" \/>\n<meta name=\"twitter:label1\" content=\"Escrito por\" \/>\n\t<meta name=\"twitter:data1\" content=\"editor_vergara\" \/>\n\t<meta name=\"twitter:label2\" content=\"Tiempo de lectura\" \/>\n\t<meta name=\"twitter:data2\" content=\"2 minutos\" \/>\n<script type=\"application\/ld+json\" class=\"yoast-schema-graph\">{\"@context\":\"https:\\\/\\\/schema.org\",\"@graph\":[{\"@type\":\"Article\",\"@id\":\"https:\\\/\\\/www.miguelvergara.com\\\/actualidad\\\/notas-de-prensa\\\/gmv-se-hace-con-el-v-premio-especial-surcos-del-sector-agricola-y-ganadero-de-cyl\\\/#article\",\"isPartOf\":{\"@id\":\"https:\\\/\\\/www.miguelvergara.com\\\/actualidad\\\/notas-de-prensa\\\/gmv-se-hace-con-el-v-premio-especial-surcos-del-sector-agricola-y-ganadero-de-cyl\\\/\"},\"author\":{\"name\":\"editor_vergara\",\"@id\":\"https:\\\/\\\/www.miguelvergara.com\\\/actualidad\\\/#\\\/schema\\\/person\\\/58692419afaba719680d26887ed694b3\"},\"headline\":\"Grupo Miguel Vergara se hace con el V Premio Especial Surcos del sector agr\u00edcola y ganadero de CyL\",\"datePublished\":\"2020-10-19T11:39:43+00:00\",\"dateModified\":\"2021-09-20T07:54:33+00:00\",\"mainEntityOfPage\":{\"@id\":\"https:\\\/\\\/www.miguelvergara.com\\\/actualidad\\\/notas-de-prensa\\\/gmv-se-hace-con-el-v-premio-especial-surcos-del-sector-agricola-y-ganadero-de-cyl\\\/\"},\"wordCount\":421,\"image\":{\"@id\":\"https:\\\/\\\/www.miguelvergara.com\\\/actualidad\\\/notas-de-prensa\\\/gmv-se-hace-con-el-v-premio-especial-surcos-del-sector-agricola-y-ganadero-de-cyl\\\/#primaryimage\"},\"thumbnailUrl\":\"https:\\\/\\\/www.miguelvergara.com\\\/actualidad\\\/wp-content\\\/uploads\\\/2020\\\/10\\\/surcos2.jpg\",\"keywords\":[\"agricultura\",\"Castilla y Leon\",\"galardones\",\"ganaderia\",\"Grupo Miguel Vergara\",\"miguel vergara\",\"premios\",\"regi\u00f3n\",\"sector\",\"surcos\",\"televisi\u00f3n\"],\"articleSection\":[\"Notas de prensa\"],\"inLanguage\":\"es\"},{\"@type\":\"WebPage\",\"@id\":\"https:\\\/\\\/www.miguelvergara.com\\\/actualidad\\\/notas-de-prensa\\\/gmv-se-hace-con-el-v-premio-especial-surcos-del-sector-agricola-y-ganadero-de-cyl\\\/\",\"url\":\"https:\\\/\\\/www.miguelvergara.com\\\/actualidad\\\/notas-de-prensa\\\/gmv-se-hace-con-el-v-premio-especial-surcos-del-sector-agricola-y-ganadero-de-cyl\\\/\",\"name\":\"Grupo Miguel Vergara se hace con el V Premio Especial Surcos - Blog\",\"isPartOf\":{\"@id\":\"https:\\\/\\\/www.miguelvergara.com\\\/actualidad\\\/#website\"},\"primaryImageOfPage\":{\"@id\":\"https:\\\/\\\/www.miguelvergara.com\\\/actualidad\\\/notas-de-prensa\\\/gmv-se-hace-con-el-v-premio-especial-surcos-del-sector-agricola-y-ganadero-de-cyl\\\/#primaryimage\"},\"image\":{\"@id\":\"https:\\\/\\\/www.miguelvergara.com\\\/actualidad\\\/notas-de-prensa\\\/gmv-se-hace-con-el-v-premio-especial-surcos-del-sector-agricola-y-ganadero-de-cyl\\\/#primaryimage\"},\"thumbnailUrl\":\"https:\\\/\\\/www.miguelvergara.com\\\/actualidad\\\/wp-content\\\/uploads\\\/2020\\\/10\\\/surcos2.jpg\",\"datePublished\":\"2020-10-19T11:39:43+00:00\",\"dateModified\":\"2021-09-20T07:54:33+00:00\",\"author\":{\"@id\":\"https:\\\/\\\/www.miguelvergara.com\\\/actualidad\\\/#\\\/schema\\\/person\\\/58692419afaba719680d26887ed694b3\"},\"description\":\"Un galard\u00f3n que premia la labor de personas e instituciones que dan visibilidad al sector agr\u00edcola y ganadero de nuestra regi\u00f3n.\",\"breadcrumb\":{\"@id\":\"https:\\\/\\\/www.miguelvergara.com\\\/actualidad\\\/notas-de-prensa\\\/gmv-se-hace-con-el-v-premio-especial-surcos-del-sector-agricola-y-ganadero-de-cyl\\\/#breadcrumb\"},\"inLanguage\":\"es\",\"potentialAction\":[{\"@type\":\"ReadAction\",\"target\":[\"https:\\\/\\\/www.miguelvergara.com\\\/actualidad\\\/notas-de-prensa\\\/gmv-se-hace-con-el-v-premio-especial-surcos-del-sector-agricola-y-ganadero-de-cyl\\\/\"]}]},{\"@type\":\"ImageObject\",\"inLanguage\":\"es\",\"@id\":\"https:\\\/\\\/www.miguelvergara.com\\\/actualidad\\\/notas-de-prensa\\\/gmv-se-hace-con-el-v-premio-especial-surcos-del-sector-agricola-y-ganadero-de-cyl\\\/#primaryimage\",\"url\":\"https:\\\/\\\/www.miguelvergara.com\\\/actualidad\\\/wp-content\\\/uploads\\\/2020\\\/10\\\/surcos2.jpg\",\"contentUrl\":\"https:\\\/\\\/www.miguelvergara.com\\\/actualidad\\\/wp-content\\\/uploads\\\/2020\\\/10\\\/surcos2.jpg\",\"width\":1591,\"height\":1046},{\"@type\":\"BreadcrumbList\",\"@id\":\"https:\\\/\\\/www.miguelvergara.com\\\/actualidad\\\/notas-de-prensa\\\/gmv-se-hace-con-el-v-premio-especial-surcos-del-sector-agricola-y-ganadero-de-cyl\\\/#breadcrumb\",\"itemListElement\":[{\"@type\":\"ListItem\",\"position\":1,\"name\":\"Portada\",\"item\":\"https:\\\/\\\/www.miguelvergara.com\\\/actualidad\\\/\"},{\"@type\":\"ListItem\",\"position\":2,\"name\":\"Grupo Miguel Vergara se hace con el V Premio Especial Surcos del sector agr\u00edcola y ganadero de CyL\"}]},{\"@type\":\"WebSite\",\"@id\":\"https:\\\/\\\/www.miguelvergara.com\\\/actualidad\\\/#website\",\"url\":\"https:\\\/\\\/www.miguelvergara.com\\\/actualidad\\\/\",\"name\":\"Blog\",\"description\":\"\",\"potentialAction\":[{\"@type\":\"SearchAction\",\"target\":{\"@type\":\"EntryPoint\",\"urlTemplate\":\"https:\\\/\\\/www.miguelvergara.com\\\/actualidad\\\/?s={search_term_string}\"},\"query-input\":{\"@type\":\"PropertyValueSpecification\",\"valueRequired\":true,\"valueName\":\"search_term_string\"}}],\"inLanguage\":\"es\"},{\"@type\":\"Person\",\"@id\":\"https:\\\/\\\/www.miguelvergara.com\\\/actualidad\\\/#\\\/schema\\\/person\\\/58692419afaba719680d26887ed694b3\",\"name\":\"editor_vergara\"}]}<\/script>\n<!-- \/ Yoast SEO plugin. -->","yoast_head_json":{"title":"Grupo Miguel Vergara se hace con el V Premio Especial Surcos - Blog","description":"Un galard\u00f3n que premia la labor de personas e instituciones que dan visibilidad al sector agr\u00edcola y ganadero de nuestra regi\u00f3n.","robots":{"index":"index","follow":"follow","max-snippet":"max-snippet:-1","max-image-preview":"max-image-preview:large","max-video-preview":"max-video-preview:-1"},"canonical":"https:\/\/www.miguelvergara.com\/actualidad\/notas-de-prensa\/gmv-se-hace-con-el-v-premio-especial-surcos-del-sector-agricola-y-ganadero-de-cyl\/","og_locale":"es_ES","og_type":"article","og_title":"Grupo Miguel Vergara se hace con el V Premio Especial Surcos - Blog","og_description":"Un galard\u00f3n que premia la labor de personas e instituciones que dan visibilidad al sector agr\u00edcola y ganadero de nuestra regi\u00f3n.","og_url":"https:\/\/www.miguelvergara.com\/actualidad\/notas-de-prensa\/gmv-se-hace-con-el-v-premio-especial-surcos-del-sector-agricola-y-ganadero-de-cyl\/","og_site_name":"Blog","article_published_time":"2020-10-19T11:39:43+00:00","article_modified_time":"2021-09-20T07:54:33+00:00","og_image":[{"width":1591,"height":1046,"url":"https:\/\/www.miguelvergara.com\/actualidad\/wp-content\/uploads\/2020\/10\/surcos2.jpg","type":"image\/jpeg"}],"author":"editor_vergara","twitter_card":"summary_large_image","twitter_misc":{"Escrito por":"editor_vergara","Tiempo de lectura":"2 minutos"},"schema":{"@context":"https:\/\/schema.org","@graph":[{"@type":"Article","@id":"https:\/\/www.miguelvergara.com\/actualidad\/notas-de-prensa\/gmv-se-hace-con-el-v-premio-especial-surcos-del-sector-agricola-y-ganadero-de-cyl\/#article","isPartOf":{"@id":"https:\/\/www.miguelvergara.com\/actualidad\/notas-de-prensa\/gmv-se-hace-con-el-v-premio-especial-surcos-del-sector-agricola-y-ganadero-de-cyl\/"},"author":{"name":"editor_vergara","@id":"https:\/\/www.miguelvergara.com\/actualidad\/#\/schema\/person\/58692419afaba719680d26887ed694b3"},"headline":"Grupo Miguel Vergara se hace con el V Premio Especial Surcos del sector agr\u00edcola y ganadero de CyL","datePublished":"2020-10-19T11:39:43+00:00","dateModified":"2021-09-20T07:54:33+00:00","mainEntityOfPage":{"@id":"https:\/\/www.miguelvergara.com\/actualidad\/notas-de-prensa\/gmv-se-hace-con-el-v-premio-especial-surcos-del-sector-agricola-y-ganadero-de-cyl\/"},"wordCount":421,"image":{"@id":"https:\/\/www.miguelvergara.com\/actualidad\/notas-de-prensa\/gmv-se-hace-con-el-v-premio-especial-surcos-del-sector-agricola-y-ganadero-de-cyl\/#primaryimage"},"thumbnailUrl":"https:\/\/www.miguelvergara.com\/actualidad\/wp-content\/uploads\/2020\/10\/surcos2.jpg","keywords":["agricultura","Castilla y Leon","galardones","ganaderia","Grupo Miguel Vergara","miguel vergara","premios","regi\u00f3n","sector","surcos","televisi\u00f3n"],"articleSection":["Notas de prensa"],"inLanguage":"es"},{"@type":"WebPage","@id":"https:\/\/www.miguelvergara.com\/actualidad\/notas-de-prensa\/gmv-se-hace-con-el-v-premio-especial-surcos-del-sector-agricola-y-ganadero-de-cyl\/","url":"https:\/\/www.miguelvergara.com\/actualidad\/notas-de-prensa\/gmv-se-hace-con-el-v-premio-especial-surcos-del-sector-agricola-y-ganadero-de-cyl\/","name":"Grupo Miguel Vergara se hace con el V Premio Especial Surcos - Blog","isPartOf":{"@id":"https:\/\/www.miguelvergara.com\/actualidad\/#website"},"primaryImageOfPage":{"@id":"https:\/\/www.miguelvergara.com\/actualidad\/notas-de-prensa\/gmv-se-hace-con-el-v-premio-especial-surcos-del-sector-agricola-y-ganadero-de-cyl\/#primaryimage"},"image":{"@id":"https:\/\/www.miguelvergara.com\/actualidad\/notas-de-prensa\/gmv-se-hace-con-el-v-premio-especial-surcos-del-sector-agricola-y-ganadero-de-cyl\/#primaryimage"},"thumbnailUrl":"https:\/\/www.miguelvergara.com\/actualidad\/wp-content\/uploads\/2020\/10\/surcos2.jpg","datePublished":"2020-10-19T11:39:43+00:00","dateModified":"2021-09-20T07:54:33+00:00","author":{"@id":"https:\/\/www.miguelvergara.com\/actualidad\/#\/schema\/person\/58692419afaba719680d26887ed694b3"},"description":"Un galard\u00f3n que premia la labor de personas e instituciones que dan visibilidad al sector agr\u00edcola y ganadero de nuestra regi\u00f3n.","breadcrumb":{"@id":"https:\/\/www.miguelvergara.com\/actualidad\/notas-de-prensa\/gmv-se-hace-con-el-v-premio-especial-surcos-del-sector-agricola-y-ganadero-de-cyl\/#breadcrumb"},"inLanguage":"es","potentialAction":[{"@type":"ReadAction","target":["https:\/\/www.miguelvergara.com\/actualidad\/notas-de-prensa\/gmv-se-hace-con-el-v-premio-especial-surcos-del-sector-agricola-y-ganadero-de-cyl\/"]}]},{"@type":"ImageObject","inLanguage":"es","@id":"https:\/\/www.miguelvergara.com\/actualidad\/notas-de-prensa\/gmv-se-hace-con-el-v-premio-especial-surcos-del-sector-agricola-y-ganadero-de-cyl\/#primaryimage","url":"https:\/\/www.miguelvergara.com\/actualidad\/wp-content\/uploads\/2020\/10\/surcos2.jpg","contentUrl":"https:\/\/www.miguelvergara.com\/actualidad\/wp-content\/uploads\/2020\/10\/surcos2.jpg","width":1591,"height":1046},{"@type":"BreadcrumbList","@id":"https:\/\/www.miguelvergara.com\/actualidad\/notas-de-prensa\/gmv-se-hace-con-el-v-premio-especial-surcos-del-sector-agricola-y-ganadero-de-cyl\/#breadcrumb","itemListElement":[{"@type":"ListItem","position":1,"name":"Portada","item":"https:\/\/www.miguelvergara.com\/actualidad\/"},{"@type":"ListItem","position":2,"name":"Grupo Miguel Vergara se hace con el V Premio Especial Surcos del sector agr\u00edcola y ganadero de CyL"}]},{"@type":"WebSite","@id":"https:\/\/www.miguelvergara.com\/actualidad\/#website","url":"https:\/\/www.miguelvergara.com\/actualidad\/","name":"Blog","description":"","potentialAction":[{"@type":"SearchAction","target":{"@type":"EntryPoint","urlTemplate":"https:\/\/www.miguelvergara.com\/actualidad\/?s={search_term_string}"},"query-input":{"@type":"PropertyValueSpecification","valueRequired":true,"valueName":"search_term_string"}}],"inLanguage":"es"},{"@type":"Person","@id":"https:\/\/www.miguelvergara.com\/actualidad\/#\/schema\/person\/58692419afaba719680d26887ed694b3","name":"editor_vergara"}]}},"_links":{"self":[{"href":"https:\/\/www.miguelvergara.com\/actualidad\/wp-json\/wp\/v2\/posts\/7754","targetHints":{"allow":["GET"]}}],"collection":[{"href":"https:\/\/www.miguelvergara.com\/actualidad\/wp-json\/wp\/v2\/posts"}],"about":[{"href":"https:\/\/www.miguelvergara.com\/actualidad\/wp-json\/wp\/v2\/types\/post"}],"author":[{"embeddable":true,"href":"https:\/\/www.miguelvergara.com\/actualidad\/wp-json\/wp\/v2\/users\/3"}],"replies":[{"embeddable":true,"href":"https:\/\/www.miguelvergara.com\/actualidad\/wp-json\/wp\/v2\/comments?post=7754"}],"version-history":[{"count":3,"href":"https:\/\/www.miguelvergara.com\/actualidad\/wp-json\/wp\/v2\/posts\/7754\/revisions"}],"predecessor-version":[{"id":7763,"href":"https:\/\/www.miguelvergara.com\/actualidad\/wp-json\/wp\/v2\/posts\/7754\/revisions\/7763"}],"wp:featuredmedia":[{"embeddable":true,"href":"https:\/\/www.miguelvergara.com\/actualidad\/wp-json\/wp\/v2\/media\/7759"}],"wp:attachment":[{"href":"https:\/\/www.miguelvergara.com\/actualidad\/wp-json\/wp\/v2\/media?parent=7754"}],"wp:term":[{"taxonomy":"category","embeddable":true,"href":"https:\/\/www.miguelvergara.com\/actualidad\/wp-json\/wp\/v2\/categories?post=7754"},{"taxonomy":"post_tag","embeddable":true,"href":"https:\/\/www.miguelvergara.com\/actualidad\/wp-json\/wp\/v2\/tags?post=7754"}],"curies":[{"name":"wp","href":"https:\/\/api.w.org\/{rel}","templated":true}]}}