{"id":8417,"date":"2021-11-12T14:15:22","date_gmt":"2021-11-12T13:15:22","guid":{"rendered":"https:\/\/www.miguelvergara.com\/actualidad\/?p=8417"},"modified":"2026-03-16T11:32:32","modified_gmt":"2026-03-16T10:32:32","slug":"la-importancia-de-las-interprofesionales-carnicas-en-nuestro-pais","status":"publish","type":"post","link":"https:\/\/www.miguelvergara.com\/actualidad\/blog\/la-importancia-de-las-interprofesionales-carnicas-en-nuestro-pais\/","title":{"rendered":"La importancia de las interprofesionales c\u00e1rnicas en nuestro pa\u00eds"},"content":{"rendered":"\n<p>\u00bfConoces la labor de las <strong>interprofesionales c\u00e1rnicas<\/strong>? No se podr\u00eda disfrutar de un producto nutritivo y necesario en cualquier alimentaci\u00f3n como es por ejemplo nuestra <strong><a title=\"Carne de Angus\" href=\"https:\/\/www.miguelvergara.com\/tienda\/\">carne de Angus<\/a><\/strong> si no se encuentran distintas asociaciones y agrupaciones que velan por la defensa de los intereses de este importante sector y de sus consumidores en nuestro pa\u00eds.<\/p>\n\n\n\n<figure class=\"wp-block-image size-large\"><img loading=\"lazy\" decoding=\"async\" width=\"860\" height=\"603\" src=\"https:\/\/www.miguelvergara.com\/actualidad\/wp-content\/uploads\/2021\/11\/interprofesionales-carnicas-interior-noticia.jpg\" alt=\"Interprofesionales c\u00e1rnicas\" class=\"wp-image-8425\" srcset=\"https:\/\/www.miguelvergara.com\/actualidad\/wp-content\/uploads\/2021\/11\/interprofesionales-carnicas-interior-noticia.jpg 860w, https:\/\/www.miguelvergara.com\/actualidad\/wp-content\/uploads\/2021\/11\/interprofesionales-carnicas-interior-noticia-768x538.jpg 768w\" sizes=\"auto, (max-width: 860px) 100vw, 860px\" \/><\/figure>\n\n\n\n<p>Este tipo de organizaciones no solamente se aseguran de aunar fuerzas en torno a este \u00e1mbito, sino tambi\u00e9n de promover distintas acciones de apoyo y conocimiento sobre la importancia fundamental de la carne.<\/p>\n\n\n\n<h2 class=\"wp-block-heading\">Qu\u00e9 es y cu\u00e1les son las labores de una interprofesional de carne<\/h2>\n\n\n\n<p>Esencialmente una <strong>interprofesional c\u00e1rnica<\/strong> es una entidad formada por distintas organizaciones o asociaciones representativas del sector. As\u00ed, por un lado, se encuentran agrupaciones de la rama productora y por otro lado de la rama transformadora y comercializadora.<\/p>\n\n\n\n<h3 class=\"wp-block-heading\">Qui\u00e9nes forman parte de una interprofesional c\u00e1rnica<\/h3>\n\n\n\n<p>Podemos dividir a aquellos <strong>asociados de una interprofesional en dos ramas<\/strong>.<\/p>\n\n\n\n<p>En la <strong>rama productora<\/strong> se engloban aquellas relacionadas con la producci\u00f3n de todos los bienes necesarios para el desarrollo de la carne. B\u00e1sicamente con esto nos referimos al sector primario: <strong>agricultura y ganader\u00eda<\/strong>. Aqu\u00ed se englobar\u00edan monter\u00edas, cazadores, titulares de cotos y cineg\u00e9tica en el caso de la carne de caza; agricultores, ganaderos, conservaci\u00f3n del medio ambiente al hablar en t\u00e9rminos m\u00e1s generales.<\/p>\n\n\n\n<p>En cuanto a la <strong>rama transformadora y comercializadora<\/strong>, se incluyen todos aquellos agentes que directamente est\u00e1n implicados en la <strong>elaboraci\u00f3n<\/strong> de la propia carne, agentes fundamentales para asegurar la calidad del producto; y la <strong>distribuci\u00f3n<\/strong> en \u00f3ptimas garant\u00edas, sin la que no podr\u00eda llegar al consumidor final.<\/p>\n\n\n\n<h3 class=\"wp-block-heading\">Las distintas interprofesionales c\u00e1rnicas en Espa\u00f1a<\/h3>\n\n\n\n<p>A continuaci\u00f3n, vamos a ver algunas de las interprofesionales c\u00e1rnicas m\u00e1s relevantes de nuestro pa\u00eds.<\/p>\n\n\n\n<p>Todas ellas buscan no solo mejorar la calidad de los productos y procesos que intervienen en la cadena agroalimentaria, sino tambi\u00e9n dar a conocer la importancia de la carne en nuestra alimentaci\u00f3n y, sobre todo, defender los intereses p\u00fablicos promoviendo el consumo recomendado de \u00e9sta mediante distintas acciones dirigidas a los consumidores y en colaboraci\u00f3n con entidades p\u00fablicas y privadas.<\/p>\n\n\n\n<figure class=\"wp-block-image size-large\"><img loading=\"lazy\" decoding=\"async\" width=\"800\" height=\"284\" src=\"https:\/\/www.miguelvergara.com\/actualidad\/wp-content\/uploads\/2021\/11\/interprofesionales-carnicas-espana.jpg\" alt=\"Interprofesionales carnicas en Espa\u00f1a\" class=\"wp-image-8420\" srcset=\"https:\/\/www.miguelvergara.com\/actualidad\/wp-content\/uploads\/2021\/11\/interprofesionales-carnicas-espana.jpg 800w, https:\/\/www.miguelvergara.com\/actualidad\/wp-content\/uploads\/2021\/11\/interprofesionales-carnicas-espana-768x273.jpg 768w\" sizes=\"auto, (max-width: 800px) 100vw, 800px\" \/><\/figure>\n\n\n\n<p><strong>*PROVACUNO<\/strong>: Organizaci\u00f3n Interprofesional de la Carne de Vacuno constituida en el a\u00f1o 2014 que busca la defensa de los intereses del sector y apoyar procesos de innovaci\u00f3n en toda su cadena productiva, entre otras muchas funciones. De ella hablaremos especialmente despu\u00e9s.<\/p>\n\n\n\n<p><strong>*ASICI<\/strong>: Asociaci\u00f3n Interprofesional del Cerdo Ib\u00e9rico constituida en 1992 y que representa y defiende al sector ganadero e industrial del sector del cerdo ib\u00e9rico.<\/p>\n\n\n\n<p><strong>*AVIANZA<\/strong>: Asociaci\u00f3n Interprofesional Espa\u00f1ola de la Carne Av\u00edcola cuenta con actividad desde hace 25 a\u00f1os y que busca favorecer a sus asociados promoviendo medidas de calidad y medioambiente a la par que fomenta el consumo de la carne av\u00edcola.<\/p>\n\n\n\n<p><strong>*INTERPORC<\/strong>: Asociaci\u00f3n Interprofesional del Porcino de Capa Blanca que desarrolla acciones para favorecer al sector porcino, tanto en elaboraci\u00f3n como innovaci\u00f3n y consumo.<\/p>\n\n\n\n<p>*<strong>INTERCUN<\/strong>: Organizaci\u00f3n Interprofesional del sector Cun\u00edcola para velar por los intereses del sector de la carne de conejo.<\/p>\n\n\n\n<p>*<strong>INTEROVIC<\/strong>: Interprofesional del Ovino y Caprino de carne<\/p>\n\n\n\n<p>Como puedes ver, cada interprofesional agrupa a distintas asociaciones relacionadas con un tipo de carne determinada, pero no es el \u00fanico alimento. Tambi\u00e9n existen este tipo de organizaciones para otros productos fundamentales en Espa\u00f1a como el vino, la aceituna, la agricultura\u2026<\/p>\n\n\n\n<p>Se trata, por tanto, de una forma de asociacionismo para defender distintos \u00e1mbitos dentro del sector de la alimentaci\u00f3n. Y la carne, como no pod\u00eda ser de otra manera y con mayor motivo, tambi\u00e9n est\u00e1 perfectamente representada.<\/p>\n\n\n\n<p>En este sentido, en <strong>Grupo Miguel Vergara<\/strong> no solo somos conscientes de lo importante que es cuidar la carne en nuestra funci\u00f3n transformadora y comercializadora para que llegue al consumidor, sino tambi\u00e9n, y muy especialmente, en su labor productora. <\/p>\n\n\n\n<p>De hecho, somos la primera empresa c\u00e1rnica en recibir el <strong><a title=\"Certificado de Bienestar Animal AENOR\" href=\"https:\/\/www.miguelvergara.com\/actualidad\/blog\/el-certificado-de-bienestar-animal-aenor\/\">Certificado de Bienestar Animal AENOR<\/a><\/strong> en toda nuestra cadena productiva. Ello, sumado a nuestra pasi\u00f3n por los animales y a nuestra amplia experiencia en el mundo del vacuno, hace que queramos valorar todo lo que las interprofesionales c\u00e1rnicas aportan positivamente a la alimentaci\u00f3n de nuestro pa\u00eds.<\/p>\n\n\n\n<h2 class=\"wp-block-heading\">PROVACUNO: la interprofesional de la carne de vacuno<\/h2>\n\n\n\n<p>Como maestros en vacuno siempre difundimos la <strong><a title=\"Importancia de la carne en una dieta equilibrada\" href=\"https:\/\/www.miguelvergara.com\/actualidad\/blog\/la-carne-en-la-alimentacion-de-ninos-y-adultos\/\">importancia de la carne en una dieta equilibrada<\/a><\/strong>, pero la existencia de una interprofesional para nuestro sector es de una indudable utilidad. Gracias a <strong>PROVACUNO <\/strong>se abordan distintas acciones en campos de gran inter\u00e9s para nuestro sector.<\/p>\n\n\n\n<figure class=\"wp-block-image size-large\"><img loading=\"lazy\" decoding=\"async\" width=\"1200\" height=\"780\" src=\"https:\/\/www.miguelvergara.com\/actualidad\/wp-content\/uploads\/2021\/11\/provacuno-1200x780.jpg\" alt=\"PROVACUNO\" class=\"wp-image-8421\" srcset=\"https:\/\/www.miguelvergara.com\/actualidad\/wp-content\/uploads\/2021\/11\/provacuno-1200x780.jpg 1200w, https:\/\/www.miguelvergara.com\/actualidad\/wp-content\/uploads\/2021\/11\/provacuno-860x559.jpg 860w, https:\/\/www.miguelvergara.com\/actualidad\/wp-content\/uploads\/2021\/11\/provacuno-768x499.jpg 768w, https:\/\/www.miguelvergara.com\/actualidad\/wp-content\/uploads\/2021\/11\/provacuno.jpg 1262w\" sizes=\"auto, (max-width: 1200px) 100vw, 1200px\" \/><\/figure>\n\n\n\n<h3 class=\"wp-block-heading\">Qu\u00e9 es PROVACUNO<\/h3>\n\n\n\n<p>Como hemos se\u00f1alado anteriormente, <strong><a title=\"PROVACUNO\" rel=\"noreferrer noopener nofollow\" href=\"http:\/\/www.provacuno.es\/home\" target=\"_blank\">PROVACUNO<\/a><\/strong> nace en 2014 y es la \u00fanica interprofesional de carne de vacuno que hay en nuestro pa\u00eds. Ella es la encargada de, entre otros aspectos, difundir y poner en valor todas las ventajas de la carne de vacuno, desde su labor productiva hasta la comercializadora y, por supuesto, la de consumo.<\/p>\n\n\n\n<p>De entre sus muchos objetivos, podr\u00edamos destacar 4 principales.<\/p>\n\n\n\n<p>*<strong>Defiende los intereses<\/strong> y la de todas aquellas empresas y entidades dedicadas a una <strong>producci\u00f3n responsable de la carne de vacuno<\/strong> para el consumidor final.<\/p>\n\n\n\n<p>*<strong>Investiga y desarrolla continuamente procesos innovadores<\/strong> que mejores la calidad de este tipo de carne en cualquier fase de su cadena productiva.<\/p>\n\n\n\n<p>*Apoya y <strong>fomenta la exportaci\u00f3n de la carne de vacuno<\/strong>, ayudando al proceso de internacionalizaci\u00f3n del producto, lo cual ha crecido un 20% desde su implicaci\u00f3n.<\/p>\n\n\n\n<p>*Potencia y <strong>demuestra que el sector emplea medidas de producci\u00f3n sostenibles<\/strong> y respetuosas con el h\u00e1bitat de los animales y, por tanto, con el medio ambiente.<\/p>\n\n\n\n<p>Para alcanzar estos y otras muchas metas, se ayuda de cada uno de sus asociados y de las distintas acciones que ha puesto en marcha a lo largo de estos 7 a\u00f1os.<\/p>\n\n\n\n<h3 class=\"wp-block-heading\">Qui\u00e9nes forman PROVACUNO<\/h3>\n\n\n\n<p>Y para alcanzar estos y otros muchos objetivos, son varios los <strong>miembros de PROVACUNO<\/strong> que se encuentran unidos en esta interprofesional seg\u00fan las ramas, de la siguiente forma: <\/p>\n\n\n\n<h4 class=\"wp-block-heading\">Rama productora<\/h4>\n\n\n\n<p>As\u00ed, por un lado, encontramos aquellas <strong>de la rama productora<\/strong> como son:<\/p>\n\n\n\n<p>*<strong><a title=\"ASOPROVAC\" rel=\"noreferrer noopener nofollow\" href=\"https:\/\/www.asoprovac.com\/\" target=\"_blank\">ASOPROVAC<\/a><\/strong>: Asociaci\u00f3n Espa\u00f1ola de Productores de Vacuno de Carne. Es la<strong> <\/strong>m\u00e1s representativa del sector productor espa\u00f1ol. Con m\u00e1s de 3.000 asociados y agrupando hasta el 70 % de las empresas que somos productoras de carne, esta asociaci\u00f3n busca defender los intereses de los ganaderos de vacuno. Adem\u00e1s, presta formaci\u00f3n y asesoramiento, tanto en producci\u00f3n como en el \u00e1mbito legal.<\/p>\n\n\n\n<p>*<strong>ASAJA<\/strong> (Asociaci\u00f3n Agraria de J\u00f3venes Agricultores)<\/p>\n\n\n\n<p>*<strong>COAG<\/strong> (Coordinadora de Organizaciones de Agricultores y Ganaderos)<\/p>\n\n\n\n<p>*<strong>UPA<\/strong> (Uni\u00f3n de Peque\u00f1os Agricultores y Ganaderos)<\/p>\n\n\n\n<p>*<strong>Cooperativas Agro-alimentarias<\/strong><\/p>\n\n\n\n<figure class=\"wp-block-image size-large\"><img loading=\"lazy\" decoding=\"async\" width=\"1122\" height=\"595\" src=\"https:\/\/www.miguelvergara.com\/actualidad\/wp-content\/uploads\/2021\/11\/miembros-provacuno.jpg\" alt=\"Miembros de PROVACUNO\" class=\"wp-image-8422\" srcset=\"https:\/\/www.miguelvergara.com\/actualidad\/wp-content\/uploads\/2021\/11\/miembros-provacuno.jpg 1122w, https:\/\/www.miguelvergara.com\/actualidad\/wp-content\/uploads\/2021\/11\/miembros-provacuno-860x456.jpg 860w, https:\/\/www.miguelvergara.com\/actualidad\/wp-content\/uploads\/2021\/11\/miembros-provacuno-768x407.jpg 768w\" sizes=\"auto, (max-width: 1122px) 100vw, 1122px\" \/><\/figure>\n\n\n\n<h4 class=\"wp-block-heading\">Rama transformadora \/ comercializadora<\/h4>\n\n\n\n<p><strong>*<a title=\"ANICE\" rel=\"noreferrer noopener nofollow\" href=\"https:\/\/www.anice.es\/industrias\/anice.es\/portada_294_1_ap.html\" target=\"_blank\">ANICE<\/a><\/strong>: Asociaci\u00f3n Nacional de Industrias de la Carne de Espa\u00f1a, de la cual formamos parte. Se trata de la organizaci\u00f3n empresarial con mayor n\u00famero de empresas c\u00e1rnicas en Espa\u00f1a. Pertenecemos a ella no solamente para estar puntualmente informados de todos los avances en nuestro sector, sino tambi\u00e9n fruto de ese compromiso global adquirido en el \u00e1mbito de la carne de vacuno para potenciar y favorecer no solamente su consumo, sino tambi\u00e9n su visibilidad.<\/p>\n\n\n\n<p><strong>*ANAFRIC<\/strong> (Asociaci\u00f3n Nacional de Almacenes Frigor\u00edficos de Carnes y Salas de Despiece)<\/p>\n\n\n\n<p><strong>*AGEMCEX<\/strong> (Agrupaci\u00f3n de Empresas C\u00e1rnicas Exportadoras)<\/p>\n\n\n\n<p><strong>*FECIC<\/strong> (Federaci\u00f3n Empresarial de Carnes e Industrias C\u00e1rnicas)<\/p>\n\n\n\n<p><strong>*CEDECARNE<\/strong> (Confederaci\u00f3n Espa\u00f1ola de Detallistas de la Carne)<\/p>\n\n\n\n<p>*<strong>Cooperativas Agro-alimentarias<\/strong><\/p>\n\n\n\n<h3 class=\"wp-block-heading\">Alguna de las acciones destacadas de PROVACUNO<\/h3>\n\n\n\n<p>Por \u00faltimo, vamos a destacar algunas de las acciones que se han llevado a cabo desde PROVACUNO con amplia repercusi\u00f3n que han visto crecer de manera extraordinaria la visibilidad y mejorar indiscutiblemente la imagen de este sector en nuestro pa\u00eds.<\/p>\n\n\n\n<h4 class=\"wp-block-heading\">Fans del vacuno<\/h4>\n\n\n\n<p>No solamente se trata de una p\u00e1gina web aislada o una acci\u00f3n puntual. Con <strong><a title=\"Fans del vacuno\" rel=\"noreferrer noopener nofollow\" href=\"https:\/\/www.fansdelvacuno.es\/\" target=\"_blank\">Fans del Vacuno<\/a><\/strong> se ha conseguido crear mucho m\u00e1s que una actitud para disfrutar de la carne de vacuno, una marca propia. Ha logrado unir a los amantes de esta carne, ser aut\u00e9nticos prescriptores de este alimento, incondicionales de este producto tan t\u00edpico y delicioso de nuestro pa\u00eds.<\/p>\n\n\n\n<p>Una brillante campa\u00f1a de comunicaci\u00f3n que adem\u00e1s cuenta con su propio documental en el cual se pueden apreciar la Finca Ba\u00f1os de Ledesma: una de <strong>nuestras amplias <a title=\"Instalaciones ganado extensivo\" href=\"https:\/\/www.miguelvergara.com\/instalaciones\/\">instalaciones especializada en ganado extensivo<\/a> ubicada en Vega de Tirados (Salamanca).<\/strong> <\/p>\n\n\n\n<figure class=\"wp-block-embed-vimeo wp-block-embed is-type-video is-provider-vimeo wp-embed-aspect-18-9 wp-has-aspect-ratio\"><div class=\"wp-block-embed__wrapper\">\n<iframe loading=\"lazy\" title=\"Fans del vacuno. El documental: Cap\u00edtulo 3\" src=\"https:\/\/player.vimeo.com\/video\/366983385?dnt=1&amp;app_id=122963\" width=\"500\" height=\"234\" frameborder=\"0\" allow=\"autoplay; fullscreen; picture-in-picture; clipboard-write; encrypted-media\"><\/iframe>\n<\/div><\/figure>\n\n\n\n<h4 class=\"wp-block-heading\">Vacuno de Carne Carbono Neutral 2050<\/h4>\n\n\n\n<p>Otra de las acciones destacadas es el proyecto<strong> <a title=\"Life Beef Carbon\" href=\"https:\/\/www.miguelvergara.com\/actualidad\/blog\/proyecto-life-beef-carbon-un-paso-mas-hacia-una-produccion-sostenible\/\"><em>Life Beef Carbon<\/em><\/a>, del cual ya te hablamos en su momento. <\/strong>Una estrategia enfocada en ser a\u00fan m\u00e1s responsable con el medioambiente y en reducir los gases del efecto invernadero en el desarrollo de la actividad productora de carne de vacuno.<\/p>\n\n\n\n<h4 class=\"wp-block-heading\">Referencial de Bienestar Animal en vacuno de carne PAWS<\/h4>\n\n\n\n<p>El sello PAWS (Provacuno Animal Welfare Spain) lo present\u00f3 PROVACUNO y fue elaborado <strong>por la Sociedad Espa\u00f1ola de Protecci\u00f3n Animal (Seproba)<\/strong>. Dicha certificaci\u00f3n garantiza, de forma exigente y rigurosa, el bienestar animal dentro de las instalaciones destinadas a la producci\u00f3n de la carne de vacuno; asegura que se sigue toda una serie de buenas pr\u00e1cticas que verifican el m\u00e1ximo confort del ganado durante su estancia en los complejos destinados para ello.<\/p>\n\n\n\n<h2 class=\"wp-block-heading\">Las interprofesionales c\u00e1rnicas como entidades fundamentales para defender nuestros intereses<\/h2>\n\n\n\n<p>Ahora que ya conoces un poco m\u00e1s a fondo la <strong>labor de las interprofesionales c\u00e1rnicas<\/strong> podr\u00e1s valorar la tremenda importancia que tiene para nuestro sector y saber que no se trata de una sola asociaci\u00f3n, sino de muchas empresas que forman parte de diversas agrupaciones que, juntas, luchan porque se conozca mucho mejor lo que representa el sector c\u00e1rnico: tanto en su responsabilidad con su producci\u00f3n como en su importancia y calidad para el consumo.<\/p>\n","protected":false},"excerpt":{"rendered":"<p>\u00bfConoces la labor de las interprofesionales c\u00e1rnicas? No se podr\u00eda disfrutar de un producto nutritivo y necesario en cualquier alimentaci\u00f3n como es por ejemplo nuestra carne de Angus si no se encuentran distintas asociaciones y agrupaciones que velan por la defensa de los intereses de este importante sector y de sus consumidores en nuestro pa\u00eds. [&hellip;]<\/p>\n","protected":false},"author":2,"featured_media":8426,"comment_status":"closed","ping_status":"closed","sticky":false,"template":"","format":"standard","meta":{"footnotes":""},"categories":[2,569],"tags":[],"class_list":["post-8417","post","type-post","status-publish","format-standard","has-post-thumbnail","hentry","category-blog","category-razas-produccion-responsable"],"yoast_head":"<!-- This site is optimized with the Yoast SEO plugin v27.4 - https:\/\/yoast.com\/product\/yoast-seo-wordpress\/ -->\n<title>La importancia de las interprofesionales c\u00e1rnicas en nuestro pa\u00eds - Blog<\/title>\n<meta name=\"description\" content=\"\u00bfConoces la labor que realizan las interprofesionales c\u00e1rnicas en Espa\u00f1a? Una de las fundamentales es PROVACUNO... pero hay muchas m\u00e1s.\" \/>\n<meta name=\"robots\" content=\"index, follow, max-snippet:-1, max-image-preview:large, max-video-preview:-1\" \/>\n<link rel=\"canonical\" href=\"https:\/\/www.miguelvergara.com\/actualidad\/blog\/la-importancia-de-las-interprofesionales-carnicas-en-nuestro-pais\/\" \/>\n<meta property=\"og:locale\" content=\"es_ES\" \/>\n<meta property=\"og:type\" content=\"article\" \/>\n<meta property=\"og:title\" content=\"La importancia de las interprofesionales c\u00e1rnicas en nuestro pa\u00eds - Blog\" \/>\n<meta property=\"og:description\" content=\"\u00bfConoces la labor que realizan las interprofesionales c\u00e1rnicas en Espa\u00f1a? Una de las fundamentales es PROVACUNO... pero hay muchas m\u00e1s.\" \/>\n<meta property=\"og:url\" content=\"https:\/\/www.miguelvergara.com\/actualidad\/blog\/la-importancia-de-las-interprofesionales-carnicas-en-nuestro-pais\/\" \/>\n<meta property=\"og:site_name\" content=\"Blog\" \/>\n<meta property=\"article:published_time\" content=\"2021-11-12T13:15:22+00:00\" \/>\n<meta property=\"article:modified_time\" content=\"2026-03-16T10:32:32+00:00\" \/>\n<meta property=\"og:image\" content=\"https:\/\/www.miguelvergara.com\/actualidad\/wp-content\/uploads\/2021\/11\/interprofesionales-carnicas-destacada-listado.jpg\" \/>\n\t<meta property=\"og:image:width\" content=\"860\" \/>\n\t<meta property=\"og:image:height\" content=\"500\" \/>\n\t<meta property=\"og:image:type\" content=\"image\/jpeg\" \/>\n<meta name=\"author\" content=\"editor_digival\" \/>\n<meta name=\"twitter:card\" content=\"summary_large_image\" \/>\n<meta name=\"twitter:label1\" content=\"Escrito por\" \/>\n\t<meta name=\"twitter:data1\" content=\"editor_digival\" \/>\n\t<meta name=\"twitter:label2\" content=\"Tiempo de lectura\" \/>\n\t<meta name=\"twitter:data2\" content=\"8 minutos\" \/>\n<script type=\"application\/ld+json\" class=\"yoast-schema-graph\">{\"@context\":\"https:\\\/\\\/schema.org\",\"@graph\":[{\"@type\":\"Article\",\"@id\":\"https:\\\/\\\/www.miguelvergara.com\\\/actualidad\\\/blog\\\/la-importancia-de-las-interprofesionales-carnicas-en-nuestro-pais\\\/#article\",\"isPartOf\":{\"@id\":\"https:\\\/\\\/www.miguelvergara.com\\\/actualidad\\\/blog\\\/la-importancia-de-las-interprofesionales-carnicas-en-nuestro-pais\\\/\"},\"author\":{\"name\":\"editor_digival\",\"@id\":\"https:\\\/\\\/www.miguelvergara.com\\\/actualidad\\\/#\\\/schema\\\/person\\\/e68ceba8360bde19f1494aa7acbd48ef\"},\"headline\":\"La importancia de las interprofesionales c\u00e1rnicas en nuestro pa\u00eds\",\"datePublished\":\"2021-11-12T13:15:22+00:00\",\"dateModified\":\"2026-03-16T10:32:32+00:00\",\"mainEntityOfPage\":{\"@id\":\"https:\\\/\\\/www.miguelvergara.com\\\/actualidad\\\/blog\\\/la-importancia-de-las-interprofesionales-carnicas-en-nuestro-pais\\\/\"},\"wordCount\":1668,\"image\":{\"@id\":\"https:\\\/\\\/www.miguelvergara.com\\\/actualidad\\\/blog\\\/la-importancia-de-las-interprofesionales-carnicas-en-nuestro-pais\\\/#primaryimage\"},\"thumbnailUrl\":\"https:\\\/\\\/www.miguelvergara.com\\\/actualidad\\\/wp-content\\\/uploads\\\/2021\\\/11\\\/interprofesionales-carnicas-destacada-listado.jpg\",\"articleSection\":[\"Blog\",\"Razas y producci\u00f3n responsable\"],\"inLanguage\":\"es\"},{\"@type\":\"WebPage\",\"@id\":\"https:\\\/\\\/www.miguelvergara.com\\\/actualidad\\\/blog\\\/la-importancia-de-las-interprofesionales-carnicas-en-nuestro-pais\\\/\",\"url\":\"https:\\\/\\\/www.miguelvergara.com\\\/actualidad\\\/blog\\\/la-importancia-de-las-interprofesionales-carnicas-en-nuestro-pais\\\/\",\"name\":\"La importancia de las interprofesionales c\u00e1rnicas en nuestro pa\u00eds - Blog\",\"isPartOf\":{\"@id\":\"https:\\\/\\\/www.miguelvergara.com\\\/actualidad\\\/#website\"},\"primaryImageOfPage\":{\"@id\":\"https:\\\/\\\/www.miguelvergara.com\\\/actualidad\\\/blog\\\/la-importancia-de-las-interprofesionales-carnicas-en-nuestro-pais\\\/#primaryimage\"},\"image\":{\"@id\":\"https:\\\/\\\/www.miguelvergara.com\\\/actualidad\\\/blog\\\/la-importancia-de-las-interprofesionales-carnicas-en-nuestro-pais\\\/#primaryimage\"},\"thumbnailUrl\":\"https:\\\/\\\/www.miguelvergara.com\\\/actualidad\\\/wp-content\\\/uploads\\\/2021\\\/11\\\/interprofesionales-carnicas-destacada-listado.jpg\",\"datePublished\":\"2021-11-12T13:15:22+00:00\",\"dateModified\":\"2026-03-16T10:32:32+00:00\",\"author\":{\"@id\":\"https:\\\/\\\/www.miguelvergara.com\\\/actualidad\\\/#\\\/schema\\\/person\\\/e68ceba8360bde19f1494aa7acbd48ef\"},\"description\":\"\u00bfConoces la labor que realizan las interprofesionales c\u00e1rnicas en Espa\u00f1a? Una de las fundamentales es PROVACUNO... pero hay muchas m\u00e1s.\",\"breadcrumb\":{\"@id\":\"https:\\\/\\\/www.miguelvergara.com\\\/actualidad\\\/blog\\\/la-importancia-de-las-interprofesionales-carnicas-en-nuestro-pais\\\/#breadcrumb\"},\"inLanguage\":\"es\",\"potentialAction\":[{\"@type\":\"ReadAction\",\"target\":[\"https:\\\/\\\/www.miguelvergara.com\\\/actualidad\\\/blog\\\/la-importancia-de-las-interprofesionales-carnicas-en-nuestro-pais\\\/\"]}]},{\"@type\":\"ImageObject\",\"inLanguage\":\"es\",\"@id\":\"https:\\\/\\\/www.miguelvergara.com\\\/actualidad\\\/blog\\\/la-importancia-de-las-interprofesionales-carnicas-en-nuestro-pais\\\/#primaryimage\",\"url\":\"https:\\\/\\\/www.miguelvergara.com\\\/actualidad\\\/wp-content\\\/uploads\\\/2021\\\/11\\\/interprofesionales-carnicas-destacada-listado.jpg\",\"contentUrl\":\"https:\\\/\\\/www.miguelvergara.com\\\/actualidad\\\/wp-content\\\/uploads\\\/2021\\\/11\\\/interprofesionales-carnicas-destacada-listado.jpg\",\"width\":860,\"height\":500},{\"@type\":\"BreadcrumbList\",\"@id\":\"https:\\\/\\\/www.miguelvergara.com\\\/actualidad\\\/blog\\\/la-importancia-de-las-interprofesionales-carnicas-en-nuestro-pais\\\/#breadcrumb\",\"itemListElement\":[{\"@type\":\"ListItem\",\"position\":1,\"name\":\"Portada\",\"item\":\"https:\\\/\\\/www.miguelvergara.com\\\/actualidad\\\/\"},{\"@type\":\"ListItem\",\"position\":2,\"name\":\"La importancia de las interprofesionales c\u00e1rnicas en nuestro pa\u00eds\"}]},{\"@type\":\"WebSite\",\"@id\":\"https:\\\/\\\/www.miguelvergara.com\\\/actualidad\\\/#website\",\"url\":\"https:\\\/\\\/www.miguelvergara.com\\\/actualidad\\\/\",\"name\":\"Blog\",\"description\":\"\",\"potentialAction\":[{\"@type\":\"SearchAction\",\"target\":{\"@type\":\"EntryPoint\",\"urlTemplate\":\"https:\\\/\\\/www.miguelvergara.com\\\/actualidad\\\/?s={search_term_string}\"},\"query-input\":{\"@type\":\"PropertyValueSpecification\",\"valueRequired\":true,\"valueName\":\"search_term_string\"}}],\"inLanguage\":\"es\"},{\"@type\":\"Person\",\"@id\":\"https:\\\/\\\/www.miguelvergara.com\\\/actualidad\\\/#\\\/schema\\\/person\\\/e68ceba8360bde19f1494aa7acbd48ef\",\"name\":\"editor_digival\"}]}<\/script>\n<!-- \/ Yoast SEO plugin. -->","yoast_head_json":{"title":"La importancia de las interprofesionales c\u00e1rnicas en nuestro pa\u00eds - Blog","description":"\u00bfConoces la labor que realizan las interprofesionales c\u00e1rnicas en Espa\u00f1a? Una de las fundamentales es PROVACUNO... pero hay muchas m\u00e1s.","robots":{"index":"index","follow":"follow","max-snippet":"max-snippet:-1","max-image-preview":"max-image-preview:large","max-video-preview":"max-video-preview:-1"},"canonical":"https:\/\/www.miguelvergara.com\/actualidad\/blog\/la-importancia-de-las-interprofesionales-carnicas-en-nuestro-pais\/","og_locale":"es_ES","og_type":"article","og_title":"La importancia de las interprofesionales c\u00e1rnicas en nuestro pa\u00eds - Blog","og_description":"\u00bfConoces la labor que realizan las interprofesionales c\u00e1rnicas en Espa\u00f1a? Una de las fundamentales es PROVACUNO... pero hay muchas m\u00e1s.","og_url":"https:\/\/www.miguelvergara.com\/actualidad\/blog\/la-importancia-de-las-interprofesionales-carnicas-en-nuestro-pais\/","og_site_name":"Blog","article_published_time":"2021-11-12T13:15:22+00:00","article_modified_time":"2026-03-16T10:32:32+00:00","og_image":[{"width":860,"height":500,"url":"https:\/\/www.miguelvergara.com\/actualidad\/wp-content\/uploads\/2021\/11\/interprofesionales-carnicas-destacada-listado.jpg","type":"image\/jpeg"}],"author":"editor_digival","twitter_card":"summary_large_image","twitter_misc":{"Escrito por":"editor_digival","Tiempo de lectura":"8 minutos"},"schema":{"@context":"https:\/\/schema.org","@graph":[{"@type":"Article","@id":"https:\/\/www.miguelvergara.com\/actualidad\/blog\/la-importancia-de-las-interprofesionales-carnicas-en-nuestro-pais\/#article","isPartOf":{"@id":"https:\/\/www.miguelvergara.com\/actualidad\/blog\/la-importancia-de-las-interprofesionales-carnicas-en-nuestro-pais\/"},"author":{"name":"editor_digival","@id":"https:\/\/www.miguelvergara.com\/actualidad\/#\/schema\/person\/e68ceba8360bde19f1494aa7acbd48ef"},"headline":"La importancia de las interprofesionales c\u00e1rnicas en nuestro pa\u00eds","datePublished":"2021-11-12T13:15:22+00:00","dateModified":"2026-03-16T10:32:32+00:00","mainEntityOfPage":{"@id":"https:\/\/www.miguelvergara.com\/actualidad\/blog\/la-importancia-de-las-interprofesionales-carnicas-en-nuestro-pais\/"},"wordCount":1668,"image":{"@id":"https:\/\/www.miguelvergara.com\/actualidad\/blog\/la-importancia-de-las-interprofesionales-carnicas-en-nuestro-pais\/#primaryimage"},"thumbnailUrl":"https:\/\/www.miguelvergara.com\/actualidad\/wp-content\/uploads\/2021\/11\/interprofesionales-carnicas-destacada-listado.jpg","articleSection":["Blog","Razas y producci\u00f3n responsable"],"inLanguage":"es"},{"@type":"WebPage","@id":"https:\/\/www.miguelvergara.com\/actualidad\/blog\/la-importancia-de-las-interprofesionales-carnicas-en-nuestro-pais\/","url":"https:\/\/www.miguelvergara.com\/actualidad\/blog\/la-importancia-de-las-interprofesionales-carnicas-en-nuestro-pais\/","name":"La importancia de las interprofesionales c\u00e1rnicas en nuestro pa\u00eds - Blog","isPartOf":{"@id":"https:\/\/www.miguelvergara.com\/actualidad\/#website"},"primaryImageOfPage":{"@id":"https:\/\/www.miguelvergara.com\/actualidad\/blog\/la-importancia-de-las-interprofesionales-carnicas-en-nuestro-pais\/#primaryimage"},"image":{"@id":"https:\/\/www.miguelvergara.com\/actualidad\/blog\/la-importancia-de-las-interprofesionales-carnicas-en-nuestro-pais\/#primaryimage"},"thumbnailUrl":"https:\/\/www.miguelvergara.com\/actualidad\/wp-content\/uploads\/2021\/11\/interprofesionales-carnicas-destacada-listado.jpg","datePublished":"2021-11-12T13:15:22+00:00","dateModified":"2026-03-16T10:32:32+00:00","author":{"@id":"https:\/\/www.miguelvergara.com\/actualidad\/#\/schema\/person\/e68ceba8360bde19f1494aa7acbd48ef"},"description":"\u00bfConoces la labor que realizan las interprofesionales c\u00e1rnicas en Espa\u00f1a? Una de las fundamentales es PROVACUNO... pero hay muchas m\u00e1s.","breadcrumb":{"@id":"https:\/\/www.miguelvergara.com\/actualidad\/blog\/la-importancia-de-las-interprofesionales-carnicas-en-nuestro-pais\/#breadcrumb"},"inLanguage":"es","potentialAction":[{"@type":"ReadAction","target":["https:\/\/www.miguelvergara.com\/actualidad\/blog\/la-importancia-de-las-interprofesionales-carnicas-en-nuestro-pais\/"]}]},{"@type":"ImageObject","inLanguage":"es","@id":"https:\/\/www.miguelvergara.com\/actualidad\/blog\/la-importancia-de-las-interprofesionales-carnicas-en-nuestro-pais\/#primaryimage","url":"https:\/\/www.miguelvergara.com\/actualidad\/wp-content\/uploads\/2021\/11\/interprofesionales-carnicas-destacada-listado.jpg","contentUrl":"https:\/\/www.miguelvergara.com\/actualidad\/wp-content\/uploads\/2021\/11\/interprofesionales-carnicas-destacada-listado.jpg","width":860,"height":500},{"@type":"BreadcrumbList","@id":"https:\/\/www.miguelvergara.com\/actualidad\/blog\/la-importancia-de-las-interprofesionales-carnicas-en-nuestro-pais\/#breadcrumb","itemListElement":[{"@type":"ListItem","position":1,"name":"Portada","item":"https:\/\/www.miguelvergara.com\/actualidad\/"},{"@type":"ListItem","position":2,"name":"La importancia de las interprofesionales c\u00e1rnicas en nuestro pa\u00eds"}]},{"@type":"WebSite","@id":"https:\/\/www.miguelvergara.com\/actualidad\/#website","url":"https:\/\/www.miguelvergara.com\/actualidad\/","name":"Blog","description":"","potentialAction":[{"@type":"SearchAction","target":{"@type":"EntryPoint","urlTemplate":"https:\/\/www.miguelvergara.com\/actualidad\/?s={search_term_string}"},"query-input":{"@type":"PropertyValueSpecification","valueRequired":true,"valueName":"search_term_string"}}],"inLanguage":"es"},{"@type":"Person","@id":"https:\/\/www.miguelvergara.com\/actualidad\/#\/schema\/person\/e68ceba8360bde19f1494aa7acbd48ef","name":"editor_digival"}]}},"_links":{"self":[{"href":"https:\/\/www.miguelvergara.com\/actualidad\/wp-json\/wp\/v2\/posts\/8417","targetHints":{"allow":["GET"]}}],"collection":[{"href":"https:\/\/www.miguelvergara.com\/actualidad\/wp-json\/wp\/v2\/posts"}],"about":[{"href":"https:\/\/www.miguelvergara.com\/actualidad\/wp-json\/wp\/v2\/types\/post"}],"author":[{"embeddable":true,"href":"https:\/\/www.miguelvergara.com\/actualidad\/wp-json\/wp\/v2\/users\/2"}],"replies":[{"embeddable":true,"href":"https:\/\/www.miguelvergara.com\/actualidad\/wp-json\/wp\/v2\/comments?post=8417"}],"version-history":[{"count":7,"href":"https:\/\/www.miguelvergara.com\/actualidad\/wp-json\/wp\/v2\/posts\/8417\/revisions"}],"predecessor-version":[{"id":8431,"href":"https:\/\/www.miguelvergara.com\/actualidad\/wp-json\/wp\/v2\/posts\/8417\/revisions\/8431"}],"wp:featuredmedia":[{"embeddable":true,"href":"https:\/\/www.miguelvergara.com\/actualidad\/wp-json\/wp\/v2\/media\/8426"}],"wp:attachment":[{"href":"https:\/\/www.miguelvergara.com\/actualidad\/wp-json\/wp\/v2\/media?parent=8417"}],"wp:term":[{"taxonomy":"category","embeddable":true,"href":"https:\/\/www.miguelvergara.com\/actualidad\/wp-json\/wp\/v2\/categories?post=8417"},{"taxonomy":"post_tag","embeddable":true,"href":"https:\/\/www.miguelvergara.com\/actualidad\/wp-json\/wp\/v2\/tags?post=8417"}],"curies":[{"name":"wp","href":"https:\/\/api.w.org\/{rel}","templated":true}]}}