{"id":8802,"date":"2022-04-25T15:10:00","date_gmt":"2022-04-25T13:10:00","guid":{"rendered":"https:\/\/www.miguelvergara.com\/actualidad\/?p=8802"},"modified":"2023-04-20T11:58:18","modified_gmt":"2023-04-20T09:58:18","slug":"vergara-primebeef-ajustes-genetico-nutricionales-de-los-angus-en-producciones-espanolas","status":"publish","type":"post","link":"https:\/\/www.miguelvergara.com\/actualidad\/notas-de-prensa\/vergara-primebeef-ajustes-genetico-nutricionales-de-los-angus-en-producciones-espanolas\/","title":{"rendered":"\u00abVergara PrimeBeef\u00bb: ajustes gen\u00e9tico y nutricionales de los Angus"},"content":{"rendered":"\n<ul class=\"wp-block-list\"><li><strong>Proyecto en colaboraci\u00f3n con CDTI y Tecnovit financiado por fondos europeos<\/strong><\/li><li><strong>Busca homogeneizar un est\u00e1ndar de calidad en el producto c\u00e1rnico vacuno<\/strong> <strong>de esta raza<\/strong><\/li><\/ul>\n\n\n\n<figure class=\"wp-block-image size-large\"><img loading=\"lazy\" decoding=\"async\" width=\"1200\" height=\"413\" src=\"https:\/\/www.miguelvergara.com\/actualidad\/wp-content\/uploads\/2021\/03\/tipos-de-carne-de-vacuno-destacada-2-arriba-1200x413.jpg\" alt=\"\" class=\"wp-image-7733\" srcset=\"https:\/\/www.miguelvergara.com\/actualidad\/wp-content\/uploads\/2021\/03\/tipos-de-carne-de-vacuno-destacada-2-arriba-1200x413.jpg 1200w, https:\/\/www.miguelvergara.com\/actualidad\/wp-content\/uploads\/2021\/03\/tipos-de-carne-de-vacuno-destacada-2-arriba-860x296.jpg 860w, https:\/\/www.miguelvergara.com\/actualidad\/wp-content\/uploads\/2021\/03\/tipos-de-carne-de-vacuno-destacada-2-arriba-768x264.jpg 768w, https:\/\/www.miguelvergara.com\/actualidad\/wp-content\/uploads\/2021\/03\/tipos-de-carne-de-vacuno-destacada-2-arriba-1536x528.jpg 1536w, https:\/\/www.miguelvergara.com\/actualidad\/wp-content\/uploads\/2021\/03\/tipos-de-carne-de-vacuno-destacada-2-arriba.jpg 1600w\" sizes=\"auto, (max-width: 1200px) 100vw, 1200px\" \/><\/figure>\n\n\n\n<p><strong>Valladolid, 25 de Abril de 2022.-<\/strong> El bienestar de los terneros es el eje que fundamenta el sistema de producci\u00f3n en <strong>Grupo Miguel Vergara<\/strong>. En ese sentido, junto con el CDTI (Centro para el Desarrollo Tecnol\u00f3gico Industrial) y con Tecnovit (Tecnolog\u00eda &amp; Vitaminas), se ha puesto en marcha el proyecto<em> <strong>Vergara PrimeBeef<\/strong><\/em> que persigue homogeneizar y fijar un est\u00e1ndar de calidad top o gourmet en el producto c\u00e1rnico del vacuno de <strong>Miguel Vergara <\/strong>Angus a trav\u00e9s de la combinaci\u00f3n del binomio gen\u00e9tica\/nutrici\u00f3n.<\/p>\n\n\n\n<p>Y es que en los \u00faltimos a\u00f1os en que la producci\u00f3n de alimentos particulares y con valor a\u00f1adido est\u00e1 copando un nicho significativo de mercado, se est\u00e1 favoreciendo el posicionamiento y la diferenciaci\u00f3n de producciones m\u00e1s selectivas donde adquieren mayor relevancia aspectos claves como la nutrici\u00f3n y la gen\u00e9tica, as\u00ed como el Bienestar animal y la Conservaci\u00f3n del Medio Ambiente. Y <strong><em>Vergara PrimeBeef<\/em><\/strong> es la respuesta a la demanda social que el mercado de la prote\u00edna animal est\u00e1 experimentando: producci\u00f3n de alta calidad unida a la tecnolog\u00eda de vanguardia.<\/p>\n\n\n\n<p>Para este proyecto <strong>Miguel Vergara<\/strong> y Tecnovit han contado con la cofinanciaci\u00f3n del Fondo Europeo de Desarrollo Regional (FEDER) que promueve el desarrollo tecnol\u00f3gico, la innovaci\u00f3n y la investigaci\u00f3n de calidad en los pa\u00edses miembro.<\/p>\n\n\n\n<figure class=\"wp-block-image size-large\"><img loading=\"lazy\" decoding=\"async\" width=\"1200\" height=\"863\" src=\"https:\/\/www.miguelvergara.com\/actualidad\/wp-content\/uploads\/2022\/04\/CDTI-1200x863.jpg\" alt=\"\" class=\"wp-image-8805\" srcset=\"https:\/\/www.miguelvergara.com\/actualidad\/wp-content\/uploads\/2022\/04\/CDTI-1200x863.jpg 1200w, https:\/\/www.miguelvergara.com\/actualidad\/wp-content\/uploads\/2022\/04\/CDTI-860x619.jpg 860w, https:\/\/www.miguelvergara.com\/actualidad\/wp-content\/uploads\/2022\/04\/CDTI-768x553.jpg 768w, https:\/\/www.miguelvergara.com\/actualidad\/wp-content\/uploads\/2022\/04\/CDTI-1536x1105.jpg 1536w, https:\/\/www.miguelvergara.com\/actualidad\/wp-content\/uploads\/2022\/04\/CDTI.jpg 1872w\" sizes=\"auto, (max-width: 1200px) 100vw, 1200px\" \/><\/figure>\n","protected":false},"excerpt":{"rendered":"<p>Grupo Miguel Vergara junto con CDTI (Centro para el Desarrollo Tecnol\u00f3gico Industrial) y Tecnovit (Tecnolog\u00eda &#038; Vitaminas), se ha puesto en marcha el proyecto Vergara PrimeBeef que persigue homogeneizar y fijar un est\u00e1ndar de calidad top o gourmet en el producto c\u00e1rnico del vacuno de Miguel Vergara Angus a trav\u00e9s de la combinaci\u00f3n del binomio gen\u00e9tica\/nutrici\u00f3n.<\/p>\n","protected":false},"author":3,"featured_media":7465,"comment_status":"closed","ping_status":"closed","sticky":false,"template":"","format":"standard","meta":{"footnotes":""},"categories":[3],"tags":[426,428,430,429,424,425,423,427],"class_list":["post-8802","post","type-post","status-publish","format-standard","has-post-thumbnail","hentry","category-notas-de-prensa","tag-cdti","tag-cofinanciacion","tag-feder","tag-fondos-europeos","tag-genetica","tag-nutricion-2","tag-prime-beef","tag-tecnovit"],"yoast_head":"<!-- This site is optimized with the Yoast SEO plugin v27.4 - https:\/\/yoast.com\/product\/yoast-seo-wordpress\/ -->\n<title>&quot;Vergara PrimeBeef&quot;: ajustes gen\u00e9tico y nutricionales de los Angus - Blog<\/title>\n<meta name=\"robots\" content=\"index, follow, max-snippet:-1, max-image-preview:large, max-video-preview:-1\" \/>\n<link rel=\"canonical\" href=\"https:\/\/www.miguelvergara.com\/actualidad\/notas-de-prensa\/vergara-primebeef-ajustes-genetico-nutricionales-de-los-angus-en-producciones-espanolas\/\" \/>\n<meta property=\"og:locale\" content=\"es_ES\" \/>\n<meta property=\"og:type\" content=\"article\" \/>\n<meta property=\"og:title\" content=\"&quot;Vergara PrimeBeef&quot;: ajustes gen\u00e9tico y nutricionales de los Angus - Blog\" \/>\n<meta property=\"og:description\" content=\"Grupo Miguel Vergara junto con CDTI (Centro para el Desarrollo Tecnol\u00f3gico Industrial) y Tecnovit (Tecnolog\u00eda &amp; Vitaminas), se ha puesto en marcha el proyecto Vergara PrimeBeef que persigue homogeneizar y fijar un est\u00e1ndar de calidad top o gourmet en el producto c\u00e1rnico del vacuno de Miguel Vergara Angus a trav\u00e9s de la combinaci\u00f3n del binomio gen\u00e9tica\/nutrici\u00f3n.\" \/>\n<meta property=\"og:url\" content=\"https:\/\/www.miguelvergara.com\/actualidad\/notas-de-prensa\/vergara-primebeef-ajustes-genetico-nutricionales-de-los-angus-en-producciones-espanolas\/\" \/>\n<meta property=\"og:site_name\" content=\"Blog\" \/>\n<meta property=\"article:published_time\" content=\"2022-04-25T13:10:00+00:00\" \/>\n<meta property=\"article:modified_time\" content=\"2023-04-20T09:58:18+00:00\" \/>\n<meta property=\"og:image\" content=\"https:\/\/www.miguelvergara.com\/actualidad\/wp-content\/uploads\/2020\/12\/Cuerpo-3-1.png\" \/>\n\t<meta property=\"og:image:width\" content=\"883\" \/>\n\t<meta property=\"og:image:height\" content=\"589\" \/>\n\t<meta property=\"og:image:type\" content=\"image\/png\" \/>\n<meta name=\"author\" content=\"editor_vergara\" \/>\n<meta name=\"twitter:card\" content=\"summary_large_image\" \/>\n<meta name=\"twitter:label1\" content=\"Escrito por\" \/>\n\t<meta name=\"twitter:data1\" content=\"editor_vergara\" \/>\n\t<meta name=\"twitter:label2\" content=\"Tiempo de lectura\" \/>\n\t<meta name=\"twitter:data2\" content=\"1 minuto\" \/>\n<script type=\"application\/ld+json\" class=\"yoast-schema-graph\">{\"@context\":\"https:\\\/\\\/schema.org\",\"@graph\":[{\"@type\":\"Article\",\"@id\":\"https:\\\/\\\/www.miguelvergara.com\\\/actualidad\\\/notas-de-prensa\\\/vergara-primebeef-ajustes-genetico-nutricionales-de-los-angus-en-producciones-espanolas\\\/#article\",\"isPartOf\":{\"@id\":\"https:\\\/\\\/www.miguelvergara.com\\\/actualidad\\\/notas-de-prensa\\\/vergara-primebeef-ajustes-genetico-nutricionales-de-los-angus-en-producciones-espanolas\\\/\"},\"author\":{\"name\":\"editor_vergara\",\"@id\":\"https:\\\/\\\/www.miguelvergara.com\\\/actualidad\\\/#\\\/schema\\\/person\\\/58692419afaba719680d26887ed694b3\"},\"headline\":\"\u00abVergara PrimeBeef\u00bb: ajustes gen\u00e9tico y nutricionales de los Angus\",\"datePublished\":\"2022-04-25T13:10:00+00:00\",\"dateModified\":\"2023-04-20T09:58:18+00:00\",\"mainEntityOfPage\":{\"@id\":\"https:\\\/\\\/www.miguelvergara.com\\\/actualidad\\\/notas-de-prensa\\\/vergara-primebeef-ajustes-genetico-nutricionales-de-los-angus-en-producciones-espanolas\\\/\"},\"wordCount\":269,\"image\":{\"@id\":\"https:\\\/\\\/www.miguelvergara.com\\\/actualidad\\\/notas-de-prensa\\\/vergara-primebeef-ajustes-genetico-nutricionales-de-los-angus-en-producciones-espanolas\\\/#primaryimage\"},\"thumbnailUrl\":\"https:\\\/\\\/www.miguelvergara.com\\\/actualidad\\\/wp-content\\\/uploads\\\/2020\\\/12\\\/Cuerpo-3-1.png\",\"keywords\":[\"CDTI\",\"cofinanciaci\u00f3n\",\"FEDER\",\"fondos europeos\",\"genetica\",\"nutrici\u00f3n\",\"prime beef\",\"Tecnovit\"],\"articleSection\":[\"Notas de prensa\"],\"inLanguage\":\"es\"},{\"@type\":\"WebPage\",\"@id\":\"https:\\\/\\\/www.miguelvergara.com\\\/actualidad\\\/notas-de-prensa\\\/vergara-primebeef-ajustes-genetico-nutricionales-de-los-angus-en-producciones-espanolas\\\/\",\"url\":\"https:\\\/\\\/www.miguelvergara.com\\\/actualidad\\\/notas-de-prensa\\\/vergara-primebeef-ajustes-genetico-nutricionales-de-los-angus-en-producciones-espanolas\\\/\",\"name\":\"\\\"Vergara PrimeBeef\\\": ajustes gen\u00e9tico y nutricionales de los Angus - Blog\",\"isPartOf\":{\"@id\":\"https:\\\/\\\/www.miguelvergara.com\\\/actualidad\\\/#website\"},\"primaryImageOfPage\":{\"@id\":\"https:\\\/\\\/www.miguelvergara.com\\\/actualidad\\\/notas-de-prensa\\\/vergara-primebeef-ajustes-genetico-nutricionales-de-los-angus-en-producciones-espanolas\\\/#primaryimage\"},\"image\":{\"@id\":\"https:\\\/\\\/www.miguelvergara.com\\\/actualidad\\\/notas-de-prensa\\\/vergara-primebeef-ajustes-genetico-nutricionales-de-los-angus-en-producciones-espanolas\\\/#primaryimage\"},\"thumbnailUrl\":\"https:\\\/\\\/www.miguelvergara.com\\\/actualidad\\\/wp-content\\\/uploads\\\/2020\\\/12\\\/Cuerpo-3-1.png\",\"datePublished\":\"2022-04-25T13:10:00+00:00\",\"dateModified\":\"2023-04-20T09:58:18+00:00\",\"author\":{\"@id\":\"https:\\\/\\\/www.miguelvergara.com\\\/actualidad\\\/#\\\/schema\\\/person\\\/58692419afaba719680d26887ed694b3\"},\"breadcrumb\":{\"@id\":\"https:\\\/\\\/www.miguelvergara.com\\\/actualidad\\\/notas-de-prensa\\\/vergara-primebeef-ajustes-genetico-nutricionales-de-los-angus-en-producciones-espanolas\\\/#breadcrumb\"},\"inLanguage\":\"es\",\"potentialAction\":[{\"@type\":\"ReadAction\",\"target\":[\"https:\\\/\\\/www.miguelvergara.com\\\/actualidad\\\/notas-de-prensa\\\/vergara-primebeef-ajustes-genetico-nutricionales-de-los-angus-en-producciones-espanolas\\\/\"]}]},{\"@type\":\"ImageObject\",\"inLanguage\":\"es\",\"@id\":\"https:\\\/\\\/www.miguelvergara.com\\\/actualidad\\\/notas-de-prensa\\\/vergara-primebeef-ajustes-genetico-nutricionales-de-los-angus-en-producciones-espanolas\\\/#primaryimage\",\"url\":\"https:\\\/\\\/www.miguelvergara.com\\\/actualidad\\\/wp-content\\\/uploads\\\/2020\\\/12\\\/Cuerpo-3-1.png\",\"contentUrl\":\"https:\\\/\\\/www.miguelvergara.com\\\/actualidad\\\/wp-content\\\/uploads\\\/2020\\\/12\\\/Cuerpo-3-1.png\",\"width\":883,\"height\":589},{\"@type\":\"BreadcrumbList\",\"@id\":\"https:\\\/\\\/www.miguelvergara.com\\\/actualidad\\\/notas-de-prensa\\\/vergara-primebeef-ajustes-genetico-nutricionales-de-los-angus-en-producciones-espanolas\\\/#breadcrumb\",\"itemListElement\":[{\"@type\":\"ListItem\",\"position\":1,\"name\":\"Portada\",\"item\":\"https:\\\/\\\/www.miguelvergara.com\\\/actualidad\\\/\"},{\"@type\":\"ListItem\",\"position\":2,\"name\":\"\u00abVergara PrimeBeef\u00bb: ajustes gen\u00e9tico y nutricionales de los Angus\"}]},{\"@type\":\"WebSite\",\"@id\":\"https:\\\/\\\/www.miguelvergara.com\\\/actualidad\\\/#website\",\"url\":\"https:\\\/\\\/www.miguelvergara.com\\\/actualidad\\\/\",\"name\":\"Blog\",\"description\":\"\",\"potentialAction\":[{\"@type\":\"SearchAction\",\"target\":{\"@type\":\"EntryPoint\",\"urlTemplate\":\"https:\\\/\\\/www.miguelvergara.com\\\/actualidad\\\/?s={search_term_string}\"},\"query-input\":{\"@type\":\"PropertyValueSpecification\",\"valueRequired\":true,\"valueName\":\"search_term_string\"}}],\"inLanguage\":\"es\"},{\"@type\":\"Person\",\"@id\":\"https:\\\/\\\/www.miguelvergara.com\\\/actualidad\\\/#\\\/schema\\\/person\\\/58692419afaba719680d26887ed694b3\",\"name\":\"editor_vergara\"}]}<\/script>\n<!-- \/ Yoast SEO plugin. -->","yoast_head_json":{"title":"\"Vergara PrimeBeef\": ajustes gen\u00e9tico y nutricionales de los Angus - Blog","robots":{"index":"index","follow":"follow","max-snippet":"max-snippet:-1","max-image-preview":"max-image-preview:large","max-video-preview":"max-video-preview:-1"},"canonical":"https:\/\/www.miguelvergara.com\/actualidad\/notas-de-prensa\/vergara-primebeef-ajustes-genetico-nutricionales-de-los-angus-en-producciones-espanolas\/","og_locale":"es_ES","og_type":"article","og_title":"\"Vergara PrimeBeef\": ajustes gen\u00e9tico y nutricionales de los Angus - Blog","og_description":"Grupo Miguel Vergara junto con CDTI (Centro para el Desarrollo Tecnol\u00f3gico Industrial) y Tecnovit (Tecnolog\u00eda & Vitaminas), se ha puesto en marcha el proyecto Vergara PrimeBeef que persigue homogeneizar y fijar un est\u00e1ndar de calidad top o gourmet en el producto c\u00e1rnico del vacuno de Miguel Vergara Angus a trav\u00e9s de la combinaci\u00f3n del binomio gen\u00e9tica\/nutrici\u00f3n.","og_url":"https:\/\/www.miguelvergara.com\/actualidad\/notas-de-prensa\/vergara-primebeef-ajustes-genetico-nutricionales-de-los-angus-en-producciones-espanolas\/","og_site_name":"Blog","article_published_time":"2022-04-25T13:10:00+00:00","article_modified_time":"2023-04-20T09:58:18+00:00","og_image":[{"width":883,"height":589,"url":"https:\/\/www.miguelvergara.com\/actualidad\/wp-content\/uploads\/2020\/12\/Cuerpo-3-1.png","type":"image\/png"}],"author":"editor_vergara","twitter_card":"summary_large_image","twitter_misc":{"Escrito por":"editor_vergara","Tiempo de lectura":"1 minuto"},"schema":{"@context":"https:\/\/schema.org","@graph":[{"@type":"Article","@id":"https:\/\/www.miguelvergara.com\/actualidad\/notas-de-prensa\/vergara-primebeef-ajustes-genetico-nutricionales-de-los-angus-en-producciones-espanolas\/#article","isPartOf":{"@id":"https:\/\/www.miguelvergara.com\/actualidad\/notas-de-prensa\/vergara-primebeef-ajustes-genetico-nutricionales-de-los-angus-en-producciones-espanolas\/"},"author":{"name":"editor_vergara","@id":"https:\/\/www.miguelvergara.com\/actualidad\/#\/schema\/person\/58692419afaba719680d26887ed694b3"},"headline":"\u00abVergara PrimeBeef\u00bb: ajustes gen\u00e9tico y nutricionales de los Angus","datePublished":"2022-04-25T13:10:00+00:00","dateModified":"2023-04-20T09:58:18+00:00","mainEntityOfPage":{"@id":"https:\/\/www.miguelvergara.com\/actualidad\/notas-de-prensa\/vergara-primebeef-ajustes-genetico-nutricionales-de-los-angus-en-producciones-espanolas\/"},"wordCount":269,"image":{"@id":"https:\/\/www.miguelvergara.com\/actualidad\/notas-de-prensa\/vergara-primebeef-ajustes-genetico-nutricionales-de-los-angus-en-producciones-espanolas\/#primaryimage"},"thumbnailUrl":"https:\/\/www.miguelvergara.com\/actualidad\/wp-content\/uploads\/2020\/12\/Cuerpo-3-1.png","keywords":["CDTI","cofinanciaci\u00f3n","FEDER","fondos europeos","genetica","nutrici\u00f3n","prime beef","Tecnovit"],"articleSection":["Notas de prensa"],"inLanguage":"es"},{"@type":"WebPage","@id":"https:\/\/www.miguelvergara.com\/actualidad\/notas-de-prensa\/vergara-primebeef-ajustes-genetico-nutricionales-de-los-angus-en-producciones-espanolas\/","url":"https:\/\/www.miguelvergara.com\/actualidad\/notas-de-prensa\/vergara-primebeef-ajustes-genetico-nutricionales-de-los-angus-en-producciones-espanolas\/","name":"\"Vergara PrimeBeef\": ajustes gen\u00e9tico y nutricionales de los Angus - Blog","isPartOf":{"@id":"https:\/\/www.miguelvergara.com\/actualidad\/#website"},"primaryImageOfPage":{"@id":"https:\/\/www.miguelvergara.com\/actualidad\/notas-de-prensa\/vergara-primebeef-ajustes-genetico-nutricionales-de-los-angus-en-producciones-espanolas\/#primaryimage"},"image":{"@id":"https:\/\/www.miguelvergara.com\/actualidad\/notas-de-prensa\/vergara-primebeef-ajustes-genetico-nutricionales-de-los-angus-en-producciones-espanolas\/#primaryimage"},"thumbnailUrl":"https:\/\/www.miguelvergara.com\/actualidad\/wp-content\/uploads\/2020\/12\/Cuerpo-3-1.png","datePublished":"2022-04-25T13:10:00+00:00","dateModified":"2023-04-20T09:58:18+00:00","author":{"@id":"https:\/\/www.miguelvergara.com\/actualidad\/#\/schema\/person\/58692419afaba719680d26887ed694b3"},"breadcrumb":{"@id":"https:\/\/www.miguelvergara.com\/actualidad\/notas-de-prensa\/vergara-primebeef-ajustes-genetico-nutricionales-de-los-angus-en-producciones-espanolas\/#breadcrumb"},"inLanguage":"es","potentialAction":[{"@type":"ReadAction","target":["https:\/\/www.miguelvergara.com\/actualidad\/notas-de-prensa\/vergara-primebeef-ajustes-genetico-nutricionales-de-los-angus-en-producciones-espanolas\/"]}]},{"@type":"ImageObject","inLanguage":"es","@id":"https:\/\/www.miguelvergara.com\/actualidad\/notas-de-prensa\/vergara-primebeef-ajustes-genetico-nutricionales-de-los-angus-en-producciones-espanolas\/#primaryimage","url":"https:\/\/www.miguelvergara.com\/actualidad\/wp-content\/uploads\/2020\/12\/Cuerpo-3-1.png","contentUrl":"https:\/\/www.miguelvergara.com\/actualidad\/wp-content\/uploads\/2020\/12\/Cuerpo-3-1.png","width":883,"height":589},{"@type":"BreadcrumbList","@id":"https:\/\/www.miguelvergara.com\/actualidad\/notas-de-prensa\/vergara-primebeef-ajustes-genetico-nutricionales-de-los-angus-en-producciones-espanolas\/#breadcrumb","itemListElement":[{"@type":"ListItem","position":1,"name":"Portada","item":"https:\/\/www.miguelvergara.com\/actualidad\/"},{"@type":"ListItem","position":2,"name":"\u00abVergara PrimeBeef\u00bb: ajustes gen\u00e9tico y nutricionales de los Angus"}]},{"@type":"WebSite","@id":"https:\/\/www.miguelvergara.com\/actualidad\/#website","url":"https:\/\/www.miguelvergara.com\/actualidad\/","name":"Blog","description":"","potentialAction":[{"@type":"SearchAction","target":{"@type":"EntryPoint","urlTemplate":"https:\/\/www.miguelvergara.com\/actualidad\/?s={search_term_string}"},"query-input":{"@type":"PropertyValueSpecification","valueRequired":true,"valueName":"search_term_string"}}],"inLanguage":"es"},{"@type":"Person","@id":"https:\/\/www.miguelvergara.com\/actualidad\/#\/schema\/person\/58692419afaba719680d26887ed694b3","name":"editor_vergara"}]}},"_links":{"self":[{"href":"https:\/\/www.miguelvergara.com\/actualidad\/wp-json\/wp\/v2\/posts\/8802","targetHints":{"allow":["GET"]}}],"collection":[{"href":"https:\/\/www.miguelvergara.com\/actualidad\/wp-json\/wp\/v2\/posts"}],"about":[{"href":"https:\/\/www.miguelvergara.com\/actualidad\/wp-json\/wp\/v2\/types\/post"}],"author":[{"embeddable":true,"href":"https:\/\/www.miguelvergara.com\/actualidad\/wp-json\/wp\/v2\/users\/3"}],"replies":[{"embeddable":true,"href":"https:\/\/www.miguelvergara.com\/actualidad\/wp-json\/wp\/v2\/comments?post=8802"}],"version-history":[{"count":4,"href":"https:\/\/www.miguelvergara.com\/actualidad\/wp-json\/wp\/v2\/posts\/8802\/revisions"}],"predecessor-version":[{"id":9644,"href":"https:\/\/www.miguelvergara.com\/actualidad\/wp-json\/wp\/v2\/posts\/8802\/revisions\/9644"}],"wp:featuredmedia":[{"embeddable":true,"href":"https:\/\/www.miguelvergara.com\/actualidad\/wp-json\/wp\/v2\/media\/7465"}],"wp:attachment":[{"href":"https:\/\/www.miguelvergara.com\/actualidad\/wp-json\/wp\/v2\/media?parent=8802"}],"wp:term":[{"taxonomy":"category","embeddable":true,"href":"https:\/\/www.miguelvergara.com\/actualidad\/wp-json\/wp\/v2\/categories?post=8802"},{"taxonomy":"post_tag","embeddable":true,"href":"https:\/\/www.miguelvergara.com\/actualidad\/wp-json\/wp\/v2\/tags?post=8802"}],"curies":[{"name":"wp","href":"https:\/\/api.w.org\/{rel}","templated":true}]}}