{"id":8850,"date":"2022-05-31T15:55:21","date_gmt":"2022-05-31T13:55:21","guid":{"rendered":"https:\/\/www.miguelvergara.com\/actualidad\/?p=8850"},"modified":"2023-04-20T11:53:55","modified_gmt":"2023-04-20T09:53:55","slug":"miguel-vergara-viajara-a-la-japan-international-food-expo-jfex-con-provacuno","status":"publish","type":"post","link":"https:\/\/www.miguelvergara.com\/actualidad\/notas-de-prensa\/miguel-vergara-viajara-a-la-japan-international-food-expo-jfex-con-provacuno\/","title":{"rendered":"Miguel Vergara viajar\u00e1 a la Japan International Food Expo (JFEX)"},"content":{"rendered":"\n<ul class=\"wp-block-list\"><li><strong><strong><strong>La empresa vallisoletana asiste al certamen que se celebrar\u00e1 entre los d\u00edas 22 y 24 de Junio el Tokyo Big Sight<\/strong><\/strong><\/strong><\/li><li><strong>Hall 1; Stand 4-67 es su ubicaci\u00f3n dentro del recinto ferial japon\u00e9s<\/strong><\/li><\/ul>\n\n\n\n<figure class=\"wp-block-image size-large\"><img loading=\"lazy\" decoding=\"async\" width=\"1200\" height=\"415\" src=\"https:\/\/www.miguelvergara.com\/actualidad\/wp-content\/uploads\/2022\/06\/PieJFEX_RGB-01-01-1200x415.jpg\" alt=\"\" class=\"wp-image-8854\" srcset=\"https:\/\/www.miguelvergara.com\/actualidad\/wp-content\/uploads\/2022\/06\/PieJFEX_RGB-01-01-1200x415.jpg 1200w, https:\/\/www.miguelvergara.com\/actualidad\/wp-content\/uploads\/2022\/06\/PieJFEX_RGB-01-01-860x297.jpg 860w, https:\/\/www.miguelvergara.com\/actualidad\/wp-content\/uploads\/2022\/06\/PieJFEX_RGB-01-01-768x266.jpg 768w, https:\/\/www.miguelvergara.com\/actualidad\/wp-content\/uploads\/2022\/06\/PieJFEX_RGB-01-01-1536x531.jpg 1536w, https:\/\/www.miguelvergara.com\/actualidad\/wp-content\/uploads\/2022\/06\/PieJFEX_RGB-01-01-2048x708.jpg 2048w\" sizes=\"auto, (max-width: 1200px) 100vw, 1200px\" \/><\/figure>\n\n\n\n<p><strong>Valladolid, 1 de Junio de 2022.-<\/strong>&nbsp;Grupo Miguel Vergara&nbsp;sigue trabajando en su expansi\u00f3n internacional y vuelve a poner especial foco en el mercado asi\u00e1tico. As\u00ed, la empresa c\u00e1rnica estar\u00e1 presente, desde el d\u00eda 22 y hasta el d\u00eda 24 de Junio, en la Japan International Food Expo (JFEX). <\/p>\n\n\n\n<p>JFEX, que se celebrar\u00e1 en el Tokyo Big Sight, se trata una de una exposici\u00f3n de productos B2B de reciente lanzamiento que re\u00fane todo tipo de alimentos y bebidas de todo el mundo, y en ella la marca vallisoletana asiste con espacio propio (4-67) dentro de un stand agrupado de empresas agroalimentarias espa\u00f1olas bajo el sello de la interprofesional de la carne de vacuno en Espa\u00f1a, Provacuno.<\/p>\n\n\n\n<p>En la actualidad la cifra de exportaci\u00f3n de la empresa Miguel Vergara supone el 30% del volumen total de facturaci\u00f3n de la compa\u00f1\u00eda (m\u00e1s de 55 M\u20ac en 2021),&nbsp;estando presentes en los principales mercados europeos y asi\u00e1ticos. <\/p>\n","protected":false},"excerpt":{"rendered":"<p> Grupo Miguel Vergara sigue trabajando en su expansi\u00f3n internacional y vuelve a poner especial foco en el mercado asi\u00e1tico. As\u00ed, la empresa c\u00e1rnica estar\u00e1 presente, desde el d\u00eda 22 y hasta el d\u00eda 24 de Junio, en la Japan International Food Expo (JFEX). <\/p>\n","protected":false},"author":3,"featured_media":8877,"comment_status":"closed","ping_status":"closed","sticky":false,"template":"","format":"standard","meta":{"footnotes":""},"categories":[3],"tags":[437,135,136,137,436,435,302],"class_list":["post-8850","post","type-post","status-publish","format-standard","has-post-thumbnail","hentry","category-notas-de-prensa","tag-b2b","tag-exportacion","tag-feria","tag-internacional","tag-japon","tag-jfex","tag-provacuno"],"yoast_head":"<!-- This site is optimized with the Yoast SEO plugin v27.4 - https:\/\/yoast.com\/product\/yoast-seo-wordpress\/ -->\n<title>Miguel Vergara viajar\u00e1 a la Japan International Food Expo (JFEX) - Blog<\/title>\n<meta name=\"description\" content=\"Grupo Miguel Vergara sigue trabajando en su expansi\u00f3n internacional y vuelve a poner especial foco en el mercado asi\u00e1tico. As\u00ed, la empresa c\u00e1rnica estar\u00e1 presente, desde el d\u00eda 22 y hasta el d\u00eda 24 de Junio, en la Japan International Food Expo (JFEX).\" \/>\n<meta name=\"robots\" content=\"index, follow, max-snippet:-1, max-image-preview:large, max-video-preview:-1\" \/>\n<link rel=\"canonical\" href=\"https:\/\/www.miguelvergara.com\/actualidad\/notas-de-prensa\/miguel-vergara-viajara-a-la-japan-international-food-expo-jfex-con-provacuno\/\" \/>\n<meta property=\"og:locale\" content=\"es_ES\" \/>\n<meta property=\"og:type\" content=\"article\" \/>\n<meta property=\"og:title\" content=\"Miguel Vergara viajar\u00e1 a la Japan International Food Expo (JFEX) - Blog\" \/>\n<meta property=\"og:description\" content=\"Grupo Miguel Vergara sigue trabajando en su expansi\u00f3n internacional y vuelve a poner especial foco en el mercado asi\u00e1tico. As\u00ed, la empresa c\u00e1rnica estar\u00e1 presente, desde el d\u00eda 22 y hasta el d\u00eda 24 de Junio, en la Japan International Food Expo (JFEX).\" \/>\n<meta property=\"og:url\" content=\"https:\/\/www.miguelvergara.com\/actualidad\/notas-de-prensa\/miguel-vergara-viajara-a-la-japan-international-food-expo-jfex-con-provacuno\/\" \/>\n<meta property=\"og:site_name\" content=\"Blog\" \/>\n<meta property=\"article:published_time\" content=\"2022-05-31T13:55:21+00:00\" \/>\n<meta property=\"article:modified_time\" content=\"2023-04-20T09:53:55+00:00\" \/>\n<meta property=\"og:image\" content=\"https:\/\/www.miguelvergara.com\/actualidad\/wp-content\/uploads\/2022\/05\/WhatsApp-Image-2022-06-22-at-10.40.42-AM-e1655888634301.jpeg\" \/>\n\t<meta property=\"og:image:width\" content=\"1490\" \/>\n\t<meta property=\"og:image:height\" content=\"1430\" \/>\n\t<meta property=\"og:image:type\" content=\"image\/jpeg\" \/>\n<meta name=\"author\" content=\"editor_vergara\" \/>\n<meta name=\"twitter:card\" content=\"summary_large_image\" \/>\n<meta name=\"twitter:label1\" content=\"Escrito por\" \/>\n\t<meta name=\"twitter:data1\" content=\"editor_vergara\" \/>\n\t<meta name=\"twitter:label2\" content=\"Tiempo de lectura\" \/>\n\t<meta name=\"twitter:data2\" content=\"1 minuto\" \/>\n<script type=\"application\/ld+json\" class=\"yoast-schema-graph\">{\"@context\":\"https:\\\/\\\/schema.org\",\"@graph\":[{\"@type\":\"Article\",\"@id\":\"https:\\\/\\\/www.miguelvergara.com\\\/actualidad\\\/notas-de-prensa\\\/miguel-vergara-viajara-a-la-japan-international-food-expo-jfex-con-provacuno\\\/#article\",\"isPartOf\":{\"@id\":\"https:\\\/\\\/www.miguelvergara.com\\\/actualidad\\\/notas-de-prensa\\\/miguel-vergara-viajara-a-la-japan-international-food-expo-jfex-con-provacuno\\\/\"},\"author\":{\"name\":\"editor_vergara\",\"@id\":\"https:\\\/\\\/www.miguelvergara.com\\\/actualidad\\\/#\\\/schema\\\/person\\\/58692419afaba719680d26887ed694b3\"},\"headline\":\"Miguel Vergara viajar\u00e1 a la Japan International Food Expo (JFEX)\",\"datePublished\":\"2022-05-31T13:55:21+00:00\",\"dateModified\":\"2023-04-20T09:53:55+00:00\",\"mainEntityOfPage\":{\"@id\":\"https:\\\/\\\/www.miguelvergara.com\\\/actualidad\\\/notas-de-prensa\\\/miguel-vergara-viajara-a-la-japan-international-food-expo-jfex-con-provacuno\\\/\"},\"wordCount\":209,\"image\":{\"@id\":\"https:\\\/\\\/www.miguelvergara.com\\\/actualidad\\\/notas-de-prensa\\\/miguel-vergara-viajara-a-la-japan-international-food-expo-jfex-con-provacuno\\\/#primaryimage\"},\"thumbnailUrl\":\"https:\\\/\\\/www.miguelvergara.com\\\/actualidad\\\/wp-content\\\/uploads\\\/2022\\\/05\\\/WhatsApp-Image-2022-06-22-at-10.40.42-AM-e1655888634301.jpeg\",\"keywords\":[\"B2B\",\"exportacion\",\"feria\",\"internacional\",\"Japon\",\"JFEX\",\"Provacuno\"],\"articleSection\":[\"Notas de prensa\"],\"inLanguage\":\"es\"},{\"@type\":\"WebPage\",\"@id\":\"https:\\\/\\\/www.miguelvergara.com\\\/actualidad\\\/notas-de-prensa\\\/miguel-vergara-viajara-a-la-japan-international-food-expo-jfex-con-provacuno\\\/\",\"url\":\"https:\\\/\\\/www.miguelvergara.com\\\/actualidad\\\/notas-de-prensa\\\/miguel-vergara-viajara-a-la-japan-international-food-expo-jfex-con-provacuno\\\/\",\"name\":\"Miguel Vergara viajar\u00e1 a la Japan International Food Expo (JFEX) - Blog\",\"isPartOf\":{\"@id\":\"https:\\\/\\\/www.miguelvergara.com\\\/actualidad\\\/#website\"},\"primaryImageOfPage\":{\"@id\":\"https:\\\/\\\/www.miguelvergara.com\\\/actualidad\\\/notas-de-prensa\\\/miguel-vergara-viajara-a-la-japan-international-food-expo-jfex-con-provacuno\\\/#primaryimage\"},\"image\":{\"@id\":\"https:\\\/\\\/www.miguelvergara.com\\\/actualidad\\\/notas-de-prensa\\\/miguel-vergara-viajara-a-la-japan-international-food-expo-jfex-con-provacuno\\\/#primaryimage\"},\"thumbnailUrl\":\"https:\\\/\\\/www.miguelvergara.com\\\/actualidad\\\/wp-content\\\/uploads\\\/2022\\\/05\\\/WhatsApp-Image-2022-06-22-at-10.40.42-AM-e1655888634301.jpeg\",\"datePublished\":\"2022-05-31T13:55:21+00:00\",\"dateModified\":\"2023-04-20T09:53:55+00:00\",\"author\":{\"@id\":\"https:\\\/\\\/www.miguelvergara.com\\\/actualidad\\\/#\\\/schema\\\/person\\\/58692419afaba719680d26887ed694b3\"},\"description\":\"Grupo Miguel Vergara sigue trabajando en su expansi\u00f3n internacional y vuelve a poner especial foco en el mercado asi\u00e1tico. As\u00ed, la empresa c\u00e1rnica estar\u00e1 presente, desde el d\u00eda 22 y hasta el d\u00eda 24 de Junio, en la Japan International Food Expo (JFEX).\",\"breadcrumb\":{\"@id\":\"https:\\\/\\\/www.miguelvergara.com\\\/actualidad\\\/notas-de-prensa\\\/miguel-vergara-viajara-a-la-japan-international-food-expo-jfex-con-provacuno\\\/#breadcrumb\"},\"inLanguage\":\"es\",\"potentialAction\":[{\"@type\":\"ReadAction\",\"target\":[\"https:\\\/\\\/www.miguelvergara.com\\\/actualidad\\\/notas-de-prensa\\\/miguel-vergara-viajara-a-la-japan-international-food-expo-jfex-con-provacuno\\\/\"]}]},{\"@type\":\"ImageObject\",\"inLanguage\":\"es\",\"@id\":\"https:\\\/\\\/www.miguelvergara.com\\\/actualidad\\\/notas-de-prensa\\\/miguel-vergara-viajara-a-la-japan-international-food-expo-jfex-con-provacuno\\\/#primaryimage\",\"url\":\"https:\\\/\\\/www.miguelvergara.com\\\/actualidad\\\/wp-content\\\/uploads\\\/2022\\\/05\\\/WhatsApp-Image-2022-06-22-at-10.40.42-AM-e1655888634301.jpeg\",\"contentUrl\":\"https:\\\/\\\/www.miguelvergara.com\\\/actualidad\\\/wp-content\\\/uploads\\\/2022\\\/05\\\/WhatsApp-Image-2022-06-22-at-10.40.42-AM-e1655888634301.jpeg\",\"width\":1490,\"height\":1430},{\"@type\":\"BreadcrumbList\",\"@id\":\"https:\\\/\\\/www.miguelvergara.com\\\/actualidad\\\/notas-de-prensa\\\/miguel-vergara-viajara-a-la-japan-international-food-expo-jfex-con-provacuno\\\/#breadcrumb\",\"itemListElement\":[{\"@type\":\"ListItem\",\"position\":1,\"name\":\"Portada\",\"item\":\"https:\\\/\\\/www.miguelvergara.com\\\/actualidad\\\/\"},{\"@type\":\"ListItem\",\"position\":2,\"name\":\"Miguel Vergara viajar\u00e1 a la Japan International Food Expo (JFEX)\"}]},{\"@type\":\"WebSite\",\"@id\":\"https:\\\/\\\/www.miguelvergara.com\\\/actualidad\\\/#website\",\"url\":\"https:\\\/\\\/www.miguelvergara.com\\\/actualidad\\\/\",\"name\":\"Blog\",\"description\":\"\",\"potentialAction\":[{\"@type\":\"SearchAction\",\"target\":{\"@type\":\"EntryPoint\",\"urlTemplate\":\"https:\\\/\\\/www.miguelvergara.com\\\/actualidad\\\/?s={search_term_string}\"},\"query-input\":{\"@type\":\"PropertyValueSpecification\",\"valueRequired\":true,\"valueName\":\"search_term_string\"}}],\"inLanguage\":\"es\"},{\"@type\":\"Person\",\"@id\":\"https:\\\/\\\/www.miguelvergara.com\\\/actualidad\\\/#\\\/schema\\\/person\\\/58692419afaba719680d26887ed694b3\",\"name\":\"editor_vergara\"}]}<\/script>\n<!-- \/ Yoast SEO plugin. -->","yoast_head_json":{"title":"Miguel Vergara viajar\u00e1 a la Japan International Food Expo (JFEX) - Blog","description":"Grupo Miguel Vergara sigue trabajando en su expansi\u00f3n internacional y vuelve a poner especial foco en el mercado asi\u00e1tico. As\u00ed, la empresa c\u00e1rnica estar\u00e1 presente, desde el d\u00eda 22 y hasta el d\u00eda 24 de Junio, en la Japan International Food Expo (JFEX).","robots":{"index":"index","follow":"follow","max-snippet":"max-snippet:-1","max-image-preview":"max-image-preview:large","max-video-preview":"max-video-preview:-1"},"canonical":"https:\/\/www.miguelvergara.com\/actualidad\/notas-de-prensa\/miguel-vergara-viajara-a-la-japan-international-food-expo-jfex-con-provacuno\/","og_locale":"es_ES","og_type":"article","og_title":"Miguel Vergara viajar\u00e1 a la Japan International Food Expo (JFEX) - Blog","og_description":"Grupo Miguel Vergara sigue trabajando en su expansi\u00f3n internacional y vuelve a poner especial foco en el mercado asi\u00e1tico. As\u00ed, la empresa c\u00e1rnica estar\u00e1 presente, desde el d\u00eda 22 y hasta el d\u00eda 24 de Junio, en la Japan International Food Expo (JFEX).","og_url":"https:\/\/www.miguelvergara.com\/actualidad\/notas-de-prensa\/miguel-vergara-viajara-a-la-japan-international-food-expo-jfex-con-provacuno\/","og_site_name":"Blog","article_published_time":"2022-05-31T13:55:21+00:00","article_modified_time":"2023-04-20T09:53:55+00:00","og_image":[{"width":1490,"height":1430,"url":"https:\/\/www.miguelvergara.com\/actualidad\/wp-content\/uploads\/2022\/05\/WhatsApp-Image-2022-06-22-at-10.40.42-AM-e1655888634301.jpeg","type":"image\/jpeg"}],"author":"editor_vergara","twitter_card":"summary_large_image","twitter_misc":{"Escrito por":"editor_vergara","Tiempo de lectura":"1 minuto"},"schema":{"@context":"https:\/\/schema.org","@graph":[{"@type":"Article","@id":"https:\/\/www.miguelvergara.com\/actualidad\/notas-de-prensa\/miguel-vergara-viajara-a-la-japan-international-food-expo-jfex-con-provacuno\/#article","isPartOf":{"@id":"https:\/\/www.miguelvergara.com\/actualidad\/notas-de-prensa\/miguel-vergara-viajara-a-la-japan-international-food-expo-jfex-con-provacuno\/"},"author":{"name":"editor_vergara","@id":"https:\/\/www.miguelvergara.com\/actualidad\/#\/schema\/person\/58692419afaba719680d26887ed694b3"},"headline":"Miguel Vergara viajar\u00e1 a la Japan International Food Expo (JFEX)","datePublished":"2022-05-31T13:55:21+00:00","dateModified":"2023-04-20T09:53:55+00:00","mainEntityOfPage":{"@id":"https:\/\/www.miguelvergara.com\/actualidad\/notas-de-prensa\/miguel-vergara-viajara-a-la-japan-international-food-expo-jfex-con-provacuno\/"},"wordCount":209,"image":{"@id":"https:\/\/www.miguelvergara.com\/actualidad\/notas-de-prensa\/miguel-vergara-viajara-a-la-japan-international-food-expo-jfex-con-provacuno\/#primaryimage"},"thumbnailUrl":"https:\/\/www.miguelvergara.com\/actualidad\/wp-content\/uploads\/2022\/05\/WhatsApp-Image-2022-06-22-at-10.40.42-AM-e1655888634301.jpeg","keywords":["B2B","exportacion","feria","internacional","Japon","JFEX","Provacuno"],"articleSection":["Notas de prensa"],"inLanguage":"es"},{"@type":"WebPage","@id":"https:\/\/www.miguelvergara.com\/actualidad\/notas-de-prensa\/miguel-vergara-viajara-a-la-japan-international-food-expo-jfex-con-provacuno\/","url":"https:\/\/www.miguelvergara.com\/actualidad\/notas-de-prensa\/miguel-vergara-viajara-a-la-japan-international-food-expo-jfex-con-provacuno\/","name":"Miguel Vergara viajar\u00e1 a la Japan International Food Expo (JFEX) - Blog","isPartOf":{"@id":"https:\/\/www.miguelvergara.com\/actualidad\/#website"},"primaryImageOfPage":{"@id":"https:\/\/www.miguelvergara.com\/actualidad\/notas-de-prensa\/miguel-vergara-viajara-a-la-japan-international-food-expo-jfex-con-provacuno\/#primaryimage"},"image":{"@id":"https:\/\/www.miguelvergara.com\/actualidad\/notas-de-prensa\/miguel-vergara-viajara-a-la-japan-international-food-expo-jfex-con-provacuno\/#primaryimage"},"thumbnailUrl":"https:\/\/www.miguelvergara.com\/actualidad\/wp-content\/uploads\/2022\/05\/WhatsApp-Image-2022-06-22-at-10.40.42-AM-e1655888634301.jpeg","datePublished":"2022-05-31T13:55:21+00:00","dateModified":"2023-04-20T09:53:55+00:00","author":{"@id":"https:\/\/www.miguelvergara.com\/actualidad\/#\/schema\/person\/58692419afaba719680d26887ed694b3"},"description":"Grupo Miguel Vergara sigue trabajando en su expansi\u00f3n internacional y vuelve a poner especial foco en el mercado asi\u00e1tico. As\u00ed, la empresa c\u00e1rnica estar\u00e1 presente, desde el d\u00eda 22 y hasta el d\u00eda 24 de Junio, en la Japan International Food Expo (JFEX).","breadcrumb":{"@id":"https:\/\/www.miguelvergara.com\/actualidad\/notas-de-prensa\/miguel-vergara-viajara-a-la-japan-international-food-expo-jfex-con-provacuno\/#breadcrumb"},"inLanguage":"es","potentialAction":[{"@type":"ReadAction","target":["https:\/\/www.miguelvergara.com\/actualidad\/notas-de-prensa\/miguel-vergara-viajara-a-la-japan-international-food-expo-jfex-con-provacuno\/"]}]},{"@type":"ImageObject","inLanguage":"es","@id":"https:\/\/www.miguelvergara.com\/actualidad\/notas-de-prensa\/miguel-vergara-viajara-a-la-japan-international-food-expo-jfex-con-provacuno\/#primaryimage","url":"https:\/\/www.miguelvergara.com\/actualidad\/wp-content\/uploads\/2022\/05\/WhatsApp-Image-2022-06-22-at-10.40.42-AM-e1655888634301.jpeg","contentUrl":"https:\/\/www.miguelvergara.com\/actualidad\/wp-content\/uploads\/2022\/05\/WhatsApp-Image-2022-06-22-at-10.40.42-AM-e1655888634301.jpeg","width":1490,"height":1430},{"@type":"BreadcrumbList","@id":"https:\/\/www.miguelvergara.com\/actualidad\/notas-de-prensa\/miguel-vergara-viajara-a-la-japan-international-food-expo-jfex-con-provacuno\/#breadcrumb","itemListElement":[{"@type":"ListItem","position":1,"name":"Portada","item":"https:\/\/www.miguelvergara.com\/actualidad\/"},{"@type":"ListItem","position":2,"name":"Miguel Vergara viajar\u00e1 a la Japan International Food Expo (JFEX)"}]},{"@type":"WebSite","@id":"https:\/\/www.miguelvergara.com\/actualidad\/#website","url":"https:\/\/www.miguelvergara.com\/actualidad\/","name":"Blog","description":"","potentialAction":[{"@type":"SearchAction","target":{"@type":"EntryPoint","urlTemplate":"https:\/\/www.miguelvergara.com\/actualidad\/?s={search_term_string}"},"query-input":{"@type":"PropertyValueSpecification","valueRequired":true,"valueName":"search_term_string"}}],"inLanguage":"es"},{"@type":"Person","@id":"https:\/\/www.miguelvergara.com\/actualidad\/#\/schema\/person\/58692419afaba719680d26887ed694b3","name":"editor_vergara"}]}},"_links":{"self":[{"href":"https:\/\/www.miguelvergara.com\/actualidad\/wp-json\/wp\/v2\/posts\/8850","targetHints":{"allow":["GET"]}}],"collection":[{"href":"https:\/\/www.miguelvergara.com\/actualidad\/wp-json\/wp\/v2\/posts"}],"about":[{"href":"https:\/\/www.miguelvergara.com\/actualidad\/wp-json\/wp\/v2\/types\/post"}],"author":[{"embeddable":true,"href":"https:\/\/www.miguelvergara.com\/actualidad\/wp-json\/wp\/v2\/users\/3"}],"replies":[{"embeddable":true,"href":"https:\/\/www.miguelvergara.com\/actualidad\/wp-json\/wp\/v2\/comments?post=8850"}],"version-history":[{"count":4,"href":"https:\/\/www.miguelvergara.com\/actualidad\/wp-json\/wp\/v2\/posts\/8850\/revisions"}],"predecessor-version":[{"id":9640,"href":"https:\/\/www.miguelvergara.com\/actualidad\/wp-json\/wp\/v2\/posts\/8850\/revisions\/9640"}],"wp:featuredmedia":[{"embeddable":true,"href":"https:\/\/www.miguelvergara.com\/actualidad\/wp-json\/wp\/v2\/media\/8877"}],"wp:attachment":[{"href":"https:\/\/www.miguelvergara.com\/actualidad\/wp-json\/wp\/v2\/media?parent=8850"}],"wp:term":[{"taxonomy":"category","embeddable":true,"href":"https:\/\/www.miguelvergara.com\/actualidad\/wp-json\/wp\/v2\/categories?post=8850"},{"taxonomy":"post_tag","embeddable":true,"href":"https:\/\/www.miguelvergara.com\/actualidad\/wp-json\/wp\/v2\/tags?post=8850"}],"curies":[{"name":"wp","href":"https:\/\/api.w.org\/{rel}","templated":true}]}}