{"id":9129,"date":"2022-11-21T12:43:19","date_gmt":"2022-11-21T11:43:19","guid":{"rendered":"https:\/\/www.miguelvergara.com\/actualidad\/?p=9129"},"modified":"2026-03-16T11:35:49","modified_gmt":"2026-03-16T10:35:49","slug":"black-friday-carne","status":"publish","type":"post","link":"https:\/\/www.miguelvergara.com\/actualidad\/blog\/black-friday-carne\/","title":{"rendered":"Compra la mejor carne este Black Friday"},"content":{"rendered":"\n<p>Todos sabemos que ni <strong>Black Friday<\/strong>, ni Halloween, ni Pap\u00e1 Noel, ni San Patrick, ni tantas otras fechas que ahora marcamos en nuestro calendario provienen de nuestra cultura o tradiciones, sino m\u00e1s bien han sido adoptadas sin rechistar desde EEUU o Inglaterra dado el incre\u00edble h\u00e1bito de consumo que generan.<\/p>\n\n\n\n<p>Pues bien, la que hoy nos ocupa por celebrarse este mismo viernes, es precisamente nuestro <strong>Black Friday de carne<\/strong> aunque, en t\u00e9rminos generales, se trata del Viernes Negro y consiste en que, desde hace ya varios a\u00f1os, casi todo negocio que se precie realiza promoci\u00f3n en precio de sus bienes y\/o servicios para que sus clientes adelanten sus compras de Navidad de forma f\u00edsica o digital.<\/p>\n\n\n\n<p>Y, <strong>Grupo Miguel Vergara,<\/strong> una vez m\u00e1s, se suma a los incre\u00edbles descuentos de esta fecha como <strong><em>carnicer\u00eda online Black Friday<\/em><\/strong> por excelencia. Pero, antes de explicarte <strong>c\u00f3mo disfrutar de <em>la mejor carne<\/em> <em>de vacuno al mejor precio<\/em> utilizando un cup\u00f3n de hasta el 35% de descuento en toda nuestra tienda online<\/strong>, vamos a contarte un poquito m\u00e1s sobre el origen del Viernes Negro.<\/p>\n\n\n\n<figure class=\"wp-block-image size-large\"><img loading=\"lazy\" decoding=\"async\" width=\"987\" height=\"659\" src=\"https:\/\/www.miguelvergara.com\/actualidad\/wp-content\/uploads\/2022\/11\/carniceria-online-black-friday.jpg\" alt=\"carnicer\u00eda online black friday\" class=\"wp-image-9137\" srcset=\"https:\/\/www.miguelvergara.com\/actualidad\/wp-content\/uploads\/2022\/11\/carniceria-online-black-friday.jpg 987w, https:\/\/www.miguelvergara.com\/actualidad\/wp-content\/uploads\/2022\/11\/carniceria-online-black-friday-860x574.jpg 860w, https:\/\/www.miguelvergara.com\/actualidad\/wp-content\/uploads\/2022\/11\/carniceria-online-black-friday-768x513.jpg 768w\" sizes=\"auto, (max-width: 987px) 100vw, 987px\" \/><\/figure>\n\n\n\n<p><strong>Su origen y su nombre<\/strong><\/p>\n\n\n\n<p>Originaria en Estados Unidos, se lleva celebrando desde los a\u00f1os 60 despu\u00e9s del d\u00eda de Acci\u00f3n de Gracias propiciada por el comercio minorista para aumentar sus ventas durante las fiestas. No obstante, la expresi\u00f3n <strong>Black Friday<\/strong> se empez\u00f3 a usar con el sentido que hoy conocemos en 1961 en la ciudad de Filadelfia, cuando un bolet\u00edn p\u00fablico alertaba del caos que se estaba produciendo en las calles de la v\u00eda p\u00fablica por las rebajas de la jornada posterior a Acci\u00f3n de Gracias.&nbsp;Los oficiales de polic\u00eda encargados de la regulaci\u00f3n del tr\u00e1fico de ese d\u00eda empezaron a referirse a \u00e9l como <strong>Black Friday<\/strong>, al igual que los vendedores, refiri\u00e9ndose al t\u00e9rmino&nbsp;negro, pues las cuentas de los comercios pasaban de estar en n\u00fameros rojos a negros gracias a este d\u00eda.&nbsp;<\/p>\n\n\n\n<p><strong>C\u00f3mo lleg\u00f3 a Espa\u00f1a<\/strong><\/p>\n\n\n\n<p>En 2010 la compa\u00f1\u00eda Apple decidi\u00f3 importar esta tradici\u00f3n estadounidense a&nbsp;Espa\u00f1a&nbsp;y desde entonces \u00e9sta ha ido cobrando cada vez m\u00e1s fuerza, convirti\u00e9ndose en el evento m\u00e1s potente de&nbsp;<strong>venta por internet<\/strong>&nbsp;del a\u00f1o.&nbsp;<\/p>\n\n\n\n<h2 class=\"wp-block-heading\">Black Friday y Cyber Monday en Miguel Vergara<\/h2>\n\n\n\n<p>El Viernes Negro en <strong>Miguel Vergara<\/strong> vuelve un a\u00f1o m\u00e1s. <strong>Las <em>mejores ofertas para comprar carne online durante el Black Friday<\/em><\/strong> <strong>se suceder\u00e1n a lo largo de toda esta semana y hasta el lunes 28 de noviembre<\/strong>&nbsp;coincidiendo tambi\u00e9n con <strong><em>las mejores<\/em><\/strong> <strong><em>ofertas del<\/em> <em>Cyber Monday<\/em><\/strong><em>.<\/em><\/p>\n\n\n\n<p>En nuestra web descubrir\u00e1s una gran diversidad de productos c\u00e1rnicos. Podr\u00e1s <strong><a title=\"Comprar hamburguesas\" href=\"https:\/\/www.miguelvergara.com\/tienda\/hamburguesas\/\">comprar hamburguesas<\/a><\/strong>, estuchados, piezas, packs ahorro o packs recomendados con <strong><em>descuentos Black Friday<\/em><\/strong> incre\u00edbles y, lo que es m\u00e1s, con un <strong>servicio de env\u00edo en fr\u00edo<\/strong> sin igual: en veh\u00edculos refrigerados, en embalajes especiales para productos frescos y en plazos de entrega 24\/48 horas. Sin mencionar, adem\u00e1s, que el<strong> env\u00edo es gratis para pedidos superiores a 60\u20ac en Espa\u00f1a y Portugal (excepto islas Canarias, Islas Baleares, Ceuta y Melilla)<\/strong>.<\/p>\n\n\n\n<p>Disfruta as\u00ed de una carne de extraordinaria calidad para que por ejemplo, si sabes <strong><a title=\"C\u00f3mo hacer steak tartar\" href=\"https:\/\/www.miguelvergara.com\/actualidad\/blog\/trucos-para-elaborar-en-casa-el-famoso-steak-tartar\/\">c\u00f3mo hacer steak tartar<\/a><\/strong>, puedas marcar la diferencia de forma inigualable en esta u otras recetas. <strong>Deja que te recomendemos algunas ofertas que no podr\u00e1s perderte este Black Friday.<\/strong><\/p>\n\n\n\n<figure class=\"wp-block-image size-large\"><img loading=\"lazy\" decoding=\"async\" width=\"987\" height=\"659\" src=\"https:\/\/www.miguelvergara.com\/actualidad\/wp-content\/uploads\/2022\/11\/hamburguesas-angus-black-friday.jpg\" alt=\"hamburguesas Angus black friday\" class=\"wp-image-9139\" srcset=\"https:\/\/www.miguelvergara.com\/actualidad\/wp-content\/uploads\/2022\/11\/hamburguesas-angus-black-friday.jpg 987w, https:\/\/www.miguelvergara.com\/actualidad\/wp-content\/uploads\/2022\/11\/hamburguesas-angus-black-friday-860x574.jpg 860w, https:\/\/www.miguelvergara.com\/actualidad\/wp-content\/uploads\/2022\/11\/hamburguesas-angus-black-friday-768x513.jpg 768w\" sizes=\"auto, (max-width: 987px) 100vw, 987px\" \/><\/figure>\n\n\n\n<h3 class=\"wp-block-heading\">Hamburguesas<\/h3>\n\n\n\n<p>Aunar al mismo tiempo sabor, terneza y jugosidad no es f\u00e1cil, pero sin duda las <strong>hamburguesas de Miguel Vergara<\/strong> lo consiguen. Consiguen que tu boca se haga agua cada vez que les pegas un bocado.<\/p>\n\n\n\n<p>Optar por una <strong><a title=\"Hambuguesa angus\" href=\"https:\/\/www.miguelvergara.com\/tienda\/hamburguesa-de-angus-n18\/\">hamburguesa Angus<\/a><\/strong> es <strong>comprar<\/strong> sabiamente y apostar al caballo ganador si adem\u00e1s elaboras con ella la <a title=\"Receta de la mejor hamburguesa\" href=\"https:\/\/www.miguelvergara.com\/actualidad\/blog\/la-receta-de-la-hamburguesa-perfecta\/\"><em>receta de la mejor hamburguesa<\/em><\/a><em>.<\/em><\/p>\n\n\n\n<h3 class=\"wp-block-heading\">Nuevos cortes: picanha<\/h3>\n\n\n\n<p>Dentro de los <strong><a title=\"Cortes de carne\" href=\"https:\/\/www.miguelvergara.com\/actualidad\/blog\/descubre-de-donde-procede-cada-corte-de-carne-de-vacuno\/\">cortes de carne<\/a><\/strong> tambi\u00e9n puedes encontrar alguno nuevo como el <a title=\"Corte brasile\u00f1o picanha\" href=\"https:\/\/www.miguelvergara.com\/actualidad\/blog\/picanha-corte-brasil-carne\/\">corte tradicional brasile\u00f1o conocido por <em>picanha<\/em><\/a>, que es caracter\u00edstico por su textura, potencia de sabor y grasa infiltrada.<\/p>\n\n\n\n<p>Por eso, la <a title=\"Picanha\" href=\"https:\/\/www.miguelvergara.com\/tienda\/picanha-angus-n64\/\">picanha<\/a> es perfecta para hacer a la parrilla. Se puede cocinar entera para despu\u00e9s filetearla o, por el contrario, se puede filetear antes de cocinarla para hacerla en taco a la plancha o la parrilla.<\/p>\n\n\n\n<figure class=\"wp-block-image size-large\"><img loading=\"lazy\" decoding=\"async\" width=\"987\" height=\"659\" src=\"https:\/\/www.miguelvergara.com\/actualidad\/wp-content\/uploads\/2022\/11\/picanha.jpg\" alt=\"\" class=\"wp-image-9140\" srcset=\"https:\/\/www.miguelvergara.com\/actualidad\/wp-content\/uploads\/2022\/11\/picanha.jpg 987w, https:\/\/www.miguelvergara.com\/actualidad\/wp-content\/uploads\/2022\/11\/picanha-860x574.jpg 860w, https:\/\/www.miguelvergara.com\/actualidad\/wp-content\/uploads\/2022\/11\/picanha-768x513.jpg 768w\" sizes=\"auto, (max-width: 987px) 100vw, 987px\" \/><\/figure>\n\n\n\n<h3 class=\"wp-block-heading\">El preciado tomahawk<\/h3>\n\n\n\n<p>Los recientes <a title=\"Great Taste Awards tomahawk Miguel Vergara\" href=\"https:\/\/www.miguelvergara.com\/actualidad\/notas-de-prensa\/los-great-taste-awards-2022-premian-con-3-al-extraordinariamente-sabroso-tomahawk-miguel-vergara-angus\/\">Great Taste Awards han premiado con 3* al \u201cExtraordinariamente sabroso\u201d Tomahawk Miguel Vergara Angus<\/a>, por ello, quiz\u00e1 durante el <strong>Black Friday<\/strong> sea el momento, si no lo has hecho ya, de comprarlo con descuento y disfrutarlo de inmediato o de reservarlo para compartir en familia durante las festividades navide\u00f1as. Tenemos que decirte que la <strong><a title=\"Carne Tomawak\" href=\"https:\/\/www.miguelvergara.com\/actualidad\/blog\/que-es-la-carne-tomahawk-y-por-que-es-un-corte-tan-preciado\/\">carne Tomahawk<\/a><\/strong> no suele contar con disponibilidad. Pero puedes suscribirte a nuestra newsletter para saber cu\u00e1ndo haya unidades a la venta o escribirnos un Whatsapp (630 524 293) o un email a&nbsp;<a href=\"file:\/\/\/C:\/Users\/erevilla\/Desktop\/info@miguelvergara.com&nbsp;\">info@miguelvergara.com&nbsp;<\/a>para que te incluyamos en el cupo.<\/p>\n\n\n\n<figure class=\"wp-block-image size-large\"><img loading=\"lazy\" decoding=\"async\" width=\"987\" height=\"826\" src=\"https:\/\/www.miguelvergara.com\/actualidad\/wp-content\/uploads\/2022\/11\/carne-tomahawk.jpg\" alt=\"carne tomahawk\" class=\"wp-image-9141\" srcset=\"https:\/\/www.miguelvergara.com\/actualidad\/wp-content\/uploads\/2022\/11\/carne-tomahawk.jpg 987w, https:\/\/www.miguelvergara.com\/actualidad\/wp-content\/uploads\/2022\/11\/carne-tomahawk-860x720.jpg 860w, https:\/\/www.miguelvergara.com\/actualidad\/wp-content\/uploads\/2022\/11\/carne-tomahawk-768x643.jpg 768w\" sizes=\"auto, (max-width: 987px) 100vw, 987px\" \/><\/figure>\n\n\n\n<h2 class=\"wp-block-heading\">Compra online con cup\u00f3n descuento<\/h2>\n\n\n\n<p>Y \u00bfc\u00f3mo puedes beneficiarte de los descuentos del <strong>Black Friday y Cyber Monday<\/strong> en la aut\u00e9ntica carne premium de caracter\u00edsticas excepcionales de <strong>Miguel Vergara<\/strong>? Accediendo desde hoy a nuestra <a href=\"https:\/\/www.miguelvergara.com\/tienda\/\"><strong>carnicer\u00eda online<\/strong><\/a> e introduciendo en tu carrito todos los productos que desees. A\u00f1ade el <strong>c\u00f3digo FBLACK15<\/strong>\u00a0al finalizar tu compra \u00a1y listo!.\u00a0<\/p>\n\n\n\n<figure class=\"wp-block-image size-large\"><img loading=\"lazy\" decoding=\"async\" width=\"987\" height=\"521\" src=\"https:\/\/www.miguelvergara.com\/actualidad\/wp-content\/uploads\/2022\/11\/Black-Friday-miguel-vergara.jpg\" alt=\"black friday carne miguel vergara\" class=\"wp-image-9142\" srcset=\"https:\/\/www.miguelvergara.com\/actualidad\/wp-content\/uploads\/2022\/11\/Black-Friday-miguel-vergara.jpg 987w, https:\/\/www.miguelvergara.com\/actualidad\/wp-content\/uploads\/2022\/11\/Black-Friday-miguel-vergara-860x454.jpg 860w, https:\/\/www.miguelvergara.com\/actualidad\/wp-content\/uploads\/2022\/11\/Black-Friday-miguel-vergara-768x405.jpg 768w\" sizes=\"auto, (max-width: 987px) 100vw, 987px\" \/><\/figure>\n","protected":false},"excerpt":{"rendered":"<p>Todos sabemos que ni Black Friday, ni Halloween, ni Pap\u00e1 Noel, ni San Patrick, ni tantas otras fechas que ahora marcamos en nuestro calendario provienen de nuestra cultura o tradiciones, sino m\u00e1s bien han sido adoptadas sin rechistar desde EEUU o Inglaterra dado el incre\u00edble h\u00e1bito de consumo que generan. Pues bien, la que hoy [&hellip;]<\/p>\n","protected":false},"author":2,"featured_media":9143,"comment_status":"closed","ping_status":"closed","sticky":false,"template":"","format":"standard","meta":{"footnotes":""},"categories":[2,570],"tags":[],"class_list":["post-9129","post","type-post","status-publish","format-standard","has-post-thumbnail","hentry","category-blog","category-guias-eleccion-nutricion-vacuno"],"yoast_head":"<!-- This site is optimized with the Yoast SEO plugin v27.4 - https:\/\/yoast.com\/product\/yoast-seo-wordpress\/ -->\n<title>Compra la mejor carne este Black Friday - Blog Miguel Vergara<\/title>\n<meta name=\"description\" content=\"Aprovecha el Black Friday de carne que te ofrecemos en Miguel Vergara. Exquisitos y sabrosos cortes de vacuno con ofertas limitadas.\" \/>\n<meta name=\"robots\" content=\"index, follow, max-snippet:-1, max-image-preview:large, max-video-preview:-1\" \/>\n<link rel=\"canonical\" href=\"https:\/\/www.miguelvergara.com\/actualidad\/blog\/black-friday-carne\/\" \/>\n<meta property=\"og:locale\" content=\"es_ES\" \/>\n<meta property=\"og:type\" content=\"article\" \/>\n<meta property=\"og:title\" content=\"Compra la mejor carne este Black Friday - Blog Miguel Vergara\" \/>\n<meta property=\"og:description\" content=\"Aprovecha el Black Friday de carne que te ofrecemos en Miguel Vergara. Exquisitos y sabrosos cortes de vacuno con ofertas limitadas.\" \/>\n<meta property=\"og:url\" content=\"https:\/\/www.miguelvergara.com\/actualidad\/blog\/black-friday-carne\/\" \/>\n<meta property=\"og:site_name\" content=\"Blog\" \/>\n<meta property=\"article:published_time\" content=\"2022-11-21T11:43:19+00:00\" \/>\n<meta property=\"article:modified_time\" content=\"2026-03-16T10:35:49+00:00\" \/>\n<meta property=\"og:image\" content=\"https:\/\/www.miguelvergara.com\/actualidad\/wp-content\/uploads\/2022\/11\/black-friday-carne-listado.jpg\" \/>\n\t<meta property=\"og:image:width\" content=\"860\" \/>\n\t<meta property=\"og:image:height\" content=\"500\" \/>\n\t<meta property=\"og:image:type\" content=\"image\/jpeg\" \/>\n<meta name=\"author\" content=\"editor_digival\" \/>\n<meta name=\"twitter:card\" content=\"summary_large_image\" \/>\n<meta name=\"twitter:label1\" content=\"Escrito por\" \/>\n\t<meta name=\"twitter:data1\" content=\"editor_digival\" \/>\n\t<meta name=\"twitter:label2\" content=\"Tiempo de lectura\" \/>\n\t<meta name=\"twitter:data2\" content=\"4 minutos\" \/>\n<script type=\"application\/ld+json\" class=\"yoast-schema-graph\">{\"@context\":\"https:\\\/\\\/schema.org\",\"@graph\":[{\"@type\":\"Article\",\"@id\":\"https:\\\/\\\/www.miguelvergara.com\\\/actualidad\\\/blog\\\/black-friday-carne\\\/#article\",\"isPartOf\":{\"@id\":\"https:\\\/\\\/www.miguelvergara.com\\\/actualidad\\\/blog\\\/black-friday-carne\\\/\"},\"author\":{\"name\":\"editor_digival\",\"@id\":\"https:\\\/\\\/www.miguelvergara.com\\\/actualidad\\\/#\\\/schema\\\/person\\\/e68ceba8360bde19f1494aa7acbd48ef\"},\"headline\":\"Compra la mejor carne este Black Friday\",\"datePublished\":\"2022-11-21T11:43:19+00:00\",\"dateModified\":\"2026-03-16T10:35:49+00:00\",\"mainEntityOfPage\":{\"@id\":\"https:\\\/\\\/www.miguelvergara.com\\\/actualidad\\\/blog\\\/black-friday-carne\\\/\"},\"wordCount\":900,\"image\":{\"@id\":\"https:\\\/\\\/www.miguelvergara.com\\\/actualidad\\\/blog\\\/black-friday-carne\\\/#primaryimage\"},\"thumbnailUrl\":\"https:\\\/\\\/www.miguelvergara.com\\\/actualidad\\\/wp-content\\\/uploads\\\/2022\\\/11\\\/black-friday-carne-listado.jpg\",\"articleSection\":[\"Blog\",\"Gu\u00edas de elecci\u00f3n y nutrici\u00f3n del vacuno\"],\"inLanguage\":\"es\"},{\"@type\":\"WebPage\",\"@id\":\"https:\\\/\\\/www.miguelvergara.com\\\/actualidad\\\/blog\\\/black-friday-carne\\\/\",\"url\":\"https:\\\/\\\/www.miguelvergara.com\\\/actualidad\\\/blog\\\/black-friday-carne\\\/\",\"name\":\"Compra la mejor carne este Black Friday - Blog Miguel Vergara\",\"isPartOf\":{\"@id\":\"https:\\\/\\\/www.miguelvergara.com\\\/actualidad\\\/#website\"},\"primaryImageOfPage\":{\"@id\":\"https:\\\/\\\/www.miguelvergara.com\\\/actualidad\\\/blog\\\/black-friday-carne\\\/#primaryimage\"},\"image\":{\"@id\":\"https:\\\/\\\/www.miguelvergara.com\\\/actualidad\\\/blog\\\/black-friday-carne\\\/#primaryimage\"},\"thumbnailUrl\":\"https:\\\/\\\/www.miguelvergara.com\\\/actualidad\\\/wp-content\\\/uploads\\\/2022\\\/11\\\/black-friday-carne-listado.jpg\",\"datePublished\":\"2022-11-21T11:43:19+00:00\",\"dateModified\":\"2026-03-16T10:35:49+00:00\",\"author\":{\"@id\":\"https:\\\/\\\/www.miguelvergara.com\\\/actualidad\\\/#\\\/schema\\\/person\\\/e68ceba8360bde19f1494aa7acbd48ef\"},\"description\":\"Aprovecha el Black Friday de carne que te ofrecemos en Miguel Vergara. Exquisitos y sabrosos cortes de vacuno con ofertas limitadas.\",\"breadcrumb\":{\"@id\":\"https:\\\/\\\/www.miguelvergara.com\\\/actualidad\\\/blog\\\/black-friday-carne\\\/#breadcrumb\"},\"inLanguage\":\"es\",\"potentialAction\":[{\"@type\":\"ReadAction\",\"target\":[\"https:\\\/\\\/www.miguelvergara.com\\\/actualidad\\\/blog\\\/black-friday-carne\\\/\"]}]},{\"@type\":\"ImageObject\",\"inLanguage\":\"es\",\"@id\":\"https:\\\/\\\/www.miguelvergara.com\\\/actualidad\\\/blog\\\/black-friday-carne\\\/#primaryimage\",\"url\":\"https:\\\/\\\/www.miguelvergara.com\\\/actualidad\\\/wp-content\\\/uploads\\\/2022\\\/11\\\/black-friday-carne-listado.jpg\",\"contentUrl\":\"https:\\\/\\\/www.miguelvergara.com\\\/actualidad\\\/wp-content\\\/uploads\\\/2022\\\/11\\\/black-friday-carne-listado.jpg\",\"width\":860,\"height\":500},{\"@type\":\"BreadcrumbList\",\"@id\":\"https:\\\/\\\/www.miguelvergara.com\\\/actualidad\\\/blog\\\/black-friday-carne\\\/#breadcrumb\",\"itemListElement\":[{\"@type\":\"ListItem\",\"position\":1,\"name\":\"Portada\",\"item\":\"https:\\\/\\\/www.miguelvergara.com\\\/actualidad\\\/\"},{\"@type\":\"ListItem\",\"position\":2,\"name\":\"Compra la mejor carne este Black Friday\"}]},{\"@type\":\"WebSite\",\"@id\":\"https:\\\/\\\/www.miguelvergara.com\\\/actualidad\\\/#website\",\"url\":\"https:\\\/\\\/www.miguelvergara.com\\\/actualidad\\\/\",\"name\":\"Blog\",\"description\":\"\",\"potentialAction\":[{\"@type\":\"SearchAction\",\"target\":{\"@type\":\"EntryPoint\",\"urlTemplate\":\"https:\\\/\\\/www.miguelvergara.com\\\/actualidad\\\/?s={search_term_string}\"},\"query-input\":{\"@type\":\"PropertyValueSpecification\",\"valueRequired\":true,\"valueName\":\"search_term_string\"}}],\"inLanguage\":\"es\"},{\"@type\":\"Person\",\"@id\":\"https:\\\/\\\/www.miguelvergara.com\\\/actualidad\\\/#\\\/schema\\\/person\\\/e68ceba8360bde19f1494aa7acbd48ef\",\"name\":\"editor_digival\"}]}<\/script>\n<!-- \/ Yoast SEO plugin. -->","yoast_head_json":{"title":"Compra la mejor carne este Black Friday - Blog Miguel Vergara","description":"Aprovecha el Black Friday de carne que te ofrecemos en Miguel Vergara. Exquisitos y sabrosos cortes de vacuno con ofertas limitadas.","robots":{"index":"index","follow":"follow","max-snippet":"max-snippet:-1","max-image-preview":"max-image-preview:large","max-video-preview":"max-video-preview:-1"},"canonical":"https:\/\/www.miguelvergara.com\/actualidad\/blog\/black-friday-carne\/","og_locale":"es_ES","og_type":"article","og_title":"Compra la mejor carne este Black Friday - Blog Miguel Vergara","og_description":"Aprovecha el Black Friday de carne que te ofrecemos en Miguel Vergara. Exquisitos y sabrosos cortes de vacuno con ofertas limitadas.","og_url":"https:\/\/www.miguelvergara.com\/actualidad\/blog\/black-friday-carne\/","og_site_name":"Blog","article_published_time":"2022-11-21T11:43:19+00:00","article_modified_time":"2026-03-16T10:35:49+00:00","og_image":[{"width":860,"height":500,"url":"https:\/\/www.miguelvergara.com\/actualidad\/wp-content\/uploads\/2022\/11\/black-friday-carne-listado.jpg","type":"image\/jpeg"}],"author":"editor_digival","twitter_card":"summary_large_image","twitter_misc":{"Escrito por":"editor_digival","Tiempo de lectura":"4 minutos"},"schema":{"@context":"https:\/\/schema.org","@graph":[{"@type":"Article","@id":"https:\/\/www.miguelvergara.com\/actualidad\/blog\/black-friday-carne\/#article","isPartOf":{"@id":"https:\/\/www.miguelvergara.com\/actualidad\/blog\/black-friday-carne\/"},"author":{"name":"editor_digival","@id":"https:\/\/www.miguelvergara.com\/actualidad\/#\/schema\/person\/e68ceba8360bde19f1494aa7acbd48ef"},"headline":"Compra la mejor carne este Black Friday","datePublished":"2022-11-21T11:43:19+00:00","dateModified":"2026-03-16T10:35:49+00:00","mainEntityOfPage":{"@id":"https:\/\/www.miguelvergara.com\/actualidad\/blog\/black-friday-carne\/"},"wordCount":900,"image":{"@id":"https:\/\/www.miguelvergara.com\/actualidad\/blog\/black-friday-carne\/#primaryimage"},"thumbnailUrl":"https:\/\/www.miguelvergara.com\/actualidad\/wp-content\/uploads\/2022\/11\/black-friday-carne-listado.jpg","articleSection":["Blog","Gu\u00edas de elecci\u00f3n y nutrici\u00f3n del vacuno"],"inLanguage":"es"},{"@type":"WebPage","@id":"https:\/\/www.miguelvergara.com\/actualidad\/blog\/black-friday-carne\/","url":"https:\/\/www.miguelvergara.com\/actualidad\/blog\/black-friday-carne\/","name":"Compra la mejor carne este Black Friday - Blog Miguel Vergara","isPartOf":{"@id":"https:\/\/www.miguelvergara.com\/actualidad\/#website"},"primaryImageOfPage":{"@id":"https:\/\/www.miguelvergara.com\/actualidad\/blog\/black-friday-carne\/#primaryimage"},"image":{"@id":"https:\/\/www.miguelvergara.com\/actualidad\/blog\/black-friday-carne\/#primaryimage"},"thumbnailUrl":"https:\/\/www.miguelvergara.com\/actualidad\/wp-content\/uploads\/2022\/11\/black-friday-carne-listado.jpg","datePublished":"2022-11-21T11:43:19+00:00","dateModified":"2026-03-16T10:35:49+00:00","author":{"@id":"https:\/\/www.miguelvergara.com\/actualidad\/#\/schema\/person\/e68ceba8360bde19f1494aa7acbd48ef"},"description":"Aprovecha el Black Friday de carne que te ofrecemos en Miguel Vergara. Exquisitos y sabrosos cortes de vacuno con ofertas limitadas.","breadcrumb":{"@id":"https:\/\/www.miguelvergara.com\/actualidad\/blog\/black-friday-carne\/#breadcrumb"},"inLanguage":"es","potentialAction":[{"@type":"ReadAction","target":["https:\/\/www.miguelvergara.com\/actualidad\/blog\/black-friday-carne\/"]}]},{"@type":"ImageObject","inLanguage":"es","@id":"https:\/\/www.miguelvergara.com\/actualidad\/blog\/black-friday-carne\/#primaryimage","url":"https:\/\/www.miguelvergara.com\/actualidad\/wp-content\/uploads\/2022\/11\/black-friday-carne-listado.jpg","contentUrl":"https:\/\/www.miguelvergara.com\/actualidad\/wp-content\/uploads\/2022\/11\/black-friday-carne-listado.jpg","width":860,"height":500},{"@type":"BreadcrumbList","@id":"https:\/\/www.miguelvergara.com\/actualidad\/blog\/black-friday-carne\/#breadcrumb","itemListElement":[{"@type":"ListItem","position":1,"name":"Portada","item":"https:\/\/www.miguelvergara.com\/actualidad\/"},{"@type":"ListItem","position":2,"name":"Compra la mejor carne este Black Friday"}]},{"@type":"WebSite","@id":"https:\/\/www.miguelvergara.com\/actualidad\/#website","url":"https:\/\/www.miguelvergara.com\/actualidad\/","name":"Blog","description":"","potentialAction":[{"@type":"SearchAction","target":{"@type":"EntryPoint","urlTemplate":"https:\/\/www.miguelvergara.com\/actualidad\/?s={search_term_string}"},"query-input":{"@type":"PropertyValueSpecification","valueRequired":true,"valueName":"search_term_string"}}],"inLanguage":"es"},{"@type":"Person","@id":"https:\/\/www.miguelvergara.com\/actualidad\/#\/schema\/person\/e68ceba8360bde19f1494aa7acbd48ef","name":"editor_digival"}]}},"_links":{"self":[{"href":"https:\/\/www.miguelvergara.com\/actualidad\/wp-json\/wp\/v2\/posts\/9129","targetHints":{"allow":["GET"]}}],"collection":[{"href":"https:\/\/www.miguelvergara.com\/actualidad\/wp-json\/wp\/v2\/posts"}],"about":[{"href":"https:\/\/www.miguelvergara.com\/actualidad\/wp-json\/wp\/v2\/types\/post"}],"author":[{"embeddable":true,"href":"https:\/\/www.miguelvergara.com\/actualidad\/wp-json\/wp\/v2\/users\/2"}],"replies":[{"embeddable":true,"href":"https:\/\/www.miguelvergara.com\/actualidad\/wp-json\/wp\/v2\/comments?post=9129"}],"version-history":[{"count":8,"href":"https:\/\/www.miguelvergara.com\/actualidad\/wp-json\/wp\/v2\/posts\/9129\/revisions"}],"predecessor-version":[{"id":9491,"href":"https:\/\/www.miguelvergara.com\/actualidad\/wp-json\/wp\/v2\/posts\/9129\/revisions\/9491"}],"wp:featuredmedia":[{"embeddable":true,"href":"https:\/\/www.miguelvergara.com\/actualidad\/wp-json\/wp\/v2\/media\/9143"}],"wp:attachment":[{"href":"https:\/\/www.miguelvergara.com\/actualidad\/wp-json\/wp\/v2\/media?parent=9129"}],"wp:term":[{"taxonomy":"category","embeddable":true,"href":"https:\/\/www.miguelvergara.com\/actualidad\/wp-json\/wp\/v2\/categories?post=9129"},{"taxonomy":"post_tag","embeddable":true,"href":"https:\/\/www.miguelvergara.com\/actualidad\/wp-json\/wp\/v2\/tags?post=9129"}],"curies":[{"name":"wp","href":"https:\/\/api.w.org\/{rel}","templated":true}]}}