{"id":9148,"date":"2022-11-29T14:11:00","date_gmt":"2022-11-29T13:11:00","guid":{"rendered":"https:\/\/www.miguelvergara.com\/actualidad\/?p=9148"},"modified":"2023-04-20T11:29:04","modified_gmt":"2023-04-20T09:29:04","slug":"grupo-miguel-vergara-colabora-con-la-xxiii-subasta-de-capones-de-la-fundacion-cascajares-con-un-doble-fin-benefico","status":"publish","type":"post","link":"https:\/\/www.miguelvergara.com\/actualidad\/notas-de-prensa\/grupo-miguel-vergara-colabora-con-la-xxiii-subasta-de-capones-de-la-fundacion-cascajares-con-un-doble-fin-benefico\/","title":{"rendered":"Grupo Miguel Vergara colabora en la subasta de capones de Cascajares"},"content":{"rendered":"\n<ul class=\"wp-block-list\"><li><strong>La empresa c\u00e1rnica apadrin\u00f3 y puj\u00f3 por el cap\u00f3n \u00abVergarito\u00bb. En total se recaudaron 82.415\u20ac a favor de Nuevo Futuro<\/strong><\/li><li><strong>L<strong>as mini hamburguesas de Angus fueron protagonistas del cocktail del evento celebrado en el hotel Westin Palace de Madrid<\/strong><\/strong><\/li><\/ul>\n\n\n\n<figure class=\"wp-block-image size-large\"><img loading=\"lazy\" decoding=\"async\" width=\"1200\" height=\"946\" src=\"https:\/\/www.miguelvergara.com\/actualidad\/wp-content\/uploads\/2022\/11\/Grupal-1-1200x946.jpg\" alt=\"\" class=\"wp-image-9169\" srcset=\"https:\/\/www.miguelvergara.com\/actualidad\/wp-content\/uploads\/2022\/11\/Grupal-1-1200x946.jpg 1200w, https:\/\/www.miguelvergara.com\/actualidad\/wp-content\/uploads\/2022\/11\/Grupal-1-860x678.jpg 860w, https:\/\/www.miguelvergara.com\/actualidad\/wp-content\/uploads\/2022\/11\/Grupal-1-768x606.jpg 768w, https:\/\/www.miguelvergara.com\/actualidad\/wp-content\/uploads\/2022\/11\/Grupal-1-1536x1211.jpg 1536w, https:\/\/www.miguelvergara.com\/actualidad\/wp-content\/uploads\/2022\/11\/Grupal-1-2048x1615.jpg 2048w\" sizes=\"auto, (max-width: 1200px) 100vw, 1200px\" \/><\/figure>\n\n\n\n<p><strong>Valladolid, 29 de Noviembre de 2022.- Grupo Miguel Vergara<\/strong> volvi\u00f3 a hacer gala de su generosidad anoche colaborando con la XXIII Subasta ben\u00e9fica de Capones de la Fundaci\u00f3n Cascajares a beneficio de la Asociaci\u00f3n Nuevo Futuro que recaud\u00f3 82.415 euros y que tuvo lugar en el hotel Westin Palace de Madrid.<\/p>\n\n\n\n<figure class=\"wp-block-image size-large\"><img loading=\"lazy\" decoding=\"async\" width=\"1047\" height=\"1200\" src=\"https:\/\/www.miguelvergara.com\/actualidad\/wp-content\/uploads\/2022\/11\/Vergararito-pavo-1-1047x1200.jpg\" alt=\"\" class=\"wp-image-9173\" srcset=\"https:\/\/www.miguelvergara.com\/actualidad\/wp-content\/uploads\/2022\/11\/Vergararito-pavo-1-1047x1200.jpg 1047w, https:\/\/www.miguelvergara.com\/actualidad\/wp-content\/uploads\/2022\/11\/Vergararito-pavo-1-750x860.jpg 750w, https:\/\/www.miguelvergara.com\/actualidad\/wp-content\/uploads\/2022\/11\/Vergararito-pavo-1-768x881.jpg 768w, https:\/\/www.miguelvergara.com\/actualidad\/wp-content\/uploads\/2022\/11\/Vergararito-pavo-1-1340x1536.jpg 1340w, https:\/\/www.miguelvergara.com\/actualidad\/wp-content\/uploads\/2022\/11\/Vergararito-pavo-1-1786x2048.jpg 1786w\" sizes=\"auto, (max-width: 1047px) 100vw, 1047px\" \/><\/figure>\n\n\n\n<p>La empresa c\u00e1rnica apadrin\u00f3 uno de los pavos, al cual llam\u00f3 \u00abVergarito\u00bb tras la votaci\u00f3n realizada entre sus trabajadores d\u00edas antes, y puj\u00f3 por el mismo hasta hacerse con \u00e9l por la cantidad de 3.800 euros. Un importe recaudado a beneficio de la citada asociaci\u00f3n, enfocada en fomentar la autonom\u00eda y la inclusi\u00f3n social de los j\u00f3venes con capacidades diferentes que saldr\u00e1n pr\u00f3ximamente de los Hogares tutelados de la entidad tras cumplir la mayor\u00eda de edad. <\/p>\n\n\n\n<p>Pero la colaboraci\u00f3n de <strong>Grupo Miguel Vergara<\/strong> en este acto ben\u00e9fico va mucho m\u00e1s all\u00e1, se ha comprometido a ofrecer trabajo en su planta de Valladolid a los j\u00f3venes de Nuevo Futuro que lo deseen y re\u00fanan las aptitudes para ello. Y, adem\u00e1s, ya ha suscrito un acuerdo de colaboraci\u00f3n con los cocineros de la Escuela Internacional de Cocina y con Cruz Roja Valladolid para que los primeros preparen un guiso a base de carne de pavo y carne de ternera con el que servir la comida de Navidad de las personas sin recursos que acudan a Cruz Roja el viernes d\u00eda 23 de diciembre.<\/p>\n\n\n\n<figure class=\"wp-block-image size-large\"><img loading=\"lazy\" decoding=\"async\" width=\"1200\" height=\"684\" src=\"https:\/\/www.miguelvergara.com\/actualidad\/wp-content\/uploads\/2022\/11\/Vergararito-1200x684.jpg\" alt=\"\" class=\"wp-image-9171\" srcset=\"https:\/\/www.miguelvergara.com\/actualidad\/wp-content\/uploads\/2022\/11\/Vergararito-1200x684.jpg 1200w, https:\/\/www.miguelvergara.com\/actualidad\/wp-content\/uploads\/2022\/11\/Vergararito-860x490.jpg 860w, https:\/\/www.miguelvergara.com\/actualidad\/wp-content\/uploads\/2022\/11\/Vergararito-768x438.jpg 768w, https:\/\/www.miguelvergara.com\/actualidad\/wp-content\/uploads\/2022\/11\/Vergararito-1536x875.jpg 1536w, https:\/\/www.miguelvergara.com\/actualidad\/wp-content\/uploads\/2022\/11\/Vergararito-2048x1167.jpg 2048w\" sizes=\"auto, (max-width: 1200px) 100vw, 1200px\" \/><\/figure>\n\n\n\n<p><strong>M\u00e1s de 80.000 euros recaudados<\/strong><\/p>\n\n\n\n<p>En esta vig\u00e9simo tercera edici\u00f3n del encuentro ben\u00e9fico se subastaron 10 capones y 2 pavos vivos, criados en libertad, elegidos para el evento por la calidad de su carne, su raza, su plumaje y su peso (entre 5 y 7 kilos) y las pujas se encontraron entre los 3.000 y los 5.500 euros. Pujas que estuvieron coordinadas por la casa de subastas&nbsp;<em>Christie\u00b4<\/em>\u00b4  s y que lograron, junto con las aportaciones de los asistentes y de La Caixa, la la cantidad de 82.415\u20ac.<\/p>\n\n\n\n<p>El acto, que cont\u00f3 con la presencia de la infanta Do\u00f1a Elena de Borb\u00f3n, fue celebrado en el Sal\u00f3n Circular del hotel de la capital madrile\u00f1a ante unas 400 personas del panorama empresarial, pol\u00edtico y social de nuestro pa\u00eds. Fue conducido, como en anteriores ocasiones, por la dise\u00f1adora Agatha Ru\u00edz de la Prada y por el polifac\u00e9tico Boris Izaguirre, adem\u00e1s de por el tenor Jos\u00e9 Manuel Zapata. Tambi\u00e9n hubo magia de manos de Jorge Blass. A continuaci\u00f3n se sirvi\u00f3 un magn\u00edfico cocktail a base de productos agroalimentarios ofrecidos por los colaboradores de la subasta, entre los que se encontraban las deliciosas mini hamburguesas de Angus de <strong>Miguel Vergara<\/strong>, que hicieron las delicias de los all\u00ed presentes.<\/p>\n\n\n\n<figure class=\"wp-block-image size-large\"><img loading=\"lazy\" decoding=\"async\" width=\"978\" height=\"1200\" src=\"https:\/\/www.miguelvergara.com\/actualidad\/wp-content\/uploads\/2022\/11\/Infanta-978x1200.jpg\" alt=\"\" class=\"wp-image-9170\" srcset=\"https:\/\/www.miguelvergara.com\/actualidad\/wp-content\/uploads\/2022\/11\/Infanta-978x1200.jpg 978w, https:\/\/www.miguelvergara.com\/actualidad\/wp-content\/uploads\/2022\/11\/Infanta-701x860.jpg 701w, https:\/\/www.miguelvergara.com\/actualidad\/wp-content\/uploads\/2022\/11\/Infanta-768x942.jpg 768w, https:\/\/www.miguelvergara.com\/actualidad\/wp-content\/uploads\/2022\/11\/Infanta-1252x1536.jpg 1252w, https:\/\/www.miguelvergara.com\/actualidad\/wp-content\/uploads\/2022\/11\/Infanta-1670x2048.jpg 1670w\" sizes=\"auto, (max-width: 978px) 100vw, 978px\" \/><\/figure>\n\n\n\n<p><\/p>\n","protected":false},"excerpt":{"rendered":"<p>Grupo Miguel Vergara volvi\u00f3 a hacer gala de su generosidad anoche colaborando con la XXIII Subasta ben\u00e9fica de Capones de la Fundaci\u00f3n Cascajares a beneficio de la Asociaci\u00f3n Nuevo Futuro que recaud\u00f3 82.415 euros y que tuvo lugar en el hotel Westin Palace de Madrid.<\/p>\n","protected":false},"author":3,"featured_media":9169,"comment_status":"closed","ping_status":"closed","sticky":false,"template":"","format":"standard","meta":{"footnotes":""},"categories":[3],"tags":[489,342,486,487,492,357,235,488,180,132,493,490,495,491,252,253,485,496],"class_list":["post-9148","post","type-post","status-publish","format-standard","has-post-thumbnail","hentry","category-notas-de-prensa","tag-apadrinar","tag-benefico-2","tag-capones","tag-cascajares","tag-cocktail","tag-empleo","tag-evento","tag-fundacion","tag-grupo","tag-miguel-vergara","tag-miniburgers","tag-nuevo-futuro","tag-pavo","tag-puja","tag-rsc","tag-solidaridad","tag-subasta","tag-vergarito"],"yoast_head":"<!-- This site is optimized with the Yoast SEO plugin v27.4 - https:\/\/yoast.com\/product\/yoast-seo-wordpress\/ -->\n<title>Grupo Miguel Vergara colabora en la subasta de capones de Cascajares - Blog<\/title>\n<meta name=\"description\" content=\"Grupo Miguel Vergara volvi\u00f3 a hacer gala de su generosidad anoche colaborando con la XXIII Subasta ben\u00e9fica de Capones de la Fundaci\u00f3n Cascajares a beneficio de la Asociaci\u00f3n Nuevo Futuro que recaud\u00f3 82.415 euros y que tuvo lugar en el hotel Westin Palace de Madrid.\" \/>\n<meta name=\"robots\" content=\"index, follow, max-snippet:-1, max-image-preview:large, max-video-preview:-1\" \/>\n<link rel=\"canonical\" href=\"https:\/\/www.miguelvergara.com\/actualidad\/notas-de-prensa\/grupo-miguel-vergara-colabora-con-la-xxiii-subasta-de-capones-de-la-fundacion-cascajares-con-un-doble-fin-benefico\/\" \/>\n<meta property=\"og:locale\" content=\"es_ES\" \/>\n<meta property=\"og:type\" content=\"article\" \/>\n<meta property=\"og:title\" content=\"Grupo Miguel Vergara colabora en la subasta de capones de Cascajares - Blog\" \/>\n<meta property=\"og:description\" content=\"Grupo Miguel Vergara volvi\u00f3 a hacer gala de su generosidad anoche colaborando con la XXIII Subasta ben\u00e9fica de Capones de la Fundaci\u00f3n Cascajares a beneficio de la Asociaci\u00f3n Nuevo Futuro que recaud\u00f3 82.415 euros y que tuvo lugar en el hotel Westin Palace de Madrid.\" \/>\n<meta property=\"og:url\" content=\"https:\/\/www.miguelvergara.com\/actualidad\/notas-de-prensa\/grupo-miguel-vergara-colabora-con-la-xxiii-subasta-de-capones-de-la-fundacion-cascajares-con-un-doble-fin-benefico\/\" \/>\n<meta property=\"og:site_name\" content=\"Blog\" \/>\n<meta property=\"article:published_time\" content=\"2022-11-29T13:11:00+00:00\" \/>\n<meta property=\"article:modified_time\" content=\"2023-04-20T09:29:04+00:00\" \/>\n<meta property=\"og:image\" content=\"https:\/\/www.miguelvergara.com\/actualidad\/wp-content\/uploads\/2022\/11\/Grupal-1-scaled.jpg\" \/>\n\t<meta property=\"og:image:width\" content=\"2560\" \/>\n\t<meta property=\"og:image:height\" content=\"2019\" \/>\n\t<meta property=\"og:image:type\" content=\"image\/jpeg\" \/>\n<meta name=\"author\" content=\"editor_vergara\" \/>\n<meta name=\"twitter:card\" content=\"summary_large_image\" \/>\n<meta name=\"twitter:label1\" content=\"Escrito por\" \/>\n\t<meta name=\"twitter:data1\" content=\"editor_vergara\" \/>\n\t<meta name=\"twitter:label2\" content=\"Tiempo de lectura\" \/>\n\t<meta name=\"twitter:data2\" content=\"3 minutos\" \/>\n<script type=\"application\/ld+json\" class=\"yoast-schema-graph\">{\"@context\":\"https:\\\/\\\/schema.org\",\"@graph\":[{\"@type\":\"Article\",\"@id\":\"https:\\\/\\\/www.miguelvergara.com\\\/actualidad\\\/notas-de-prensa\\\/grupo-miguel-vergara-colabora-con-la-xxiii-subasta-de-capones-de-la-fundacion-cascajares-con-un-doble-fin-benefico\\\/#article\",\"isPartOf\":{\"@id\":\"https:\\\/\\\/www.miguelvergara.com\\\/actualidad\\\/notas-de-prensa\\\/grupo-miguel-vergara-colabora-con-la-xxiii-subasta-de-capones-de-la-fundacion-cascajares-con-un-doble-fin-benefico\\\/\"},\"author\":{\"name\":\"editor_vergara\",\"@id\":\"https:\\\/\\\/www.miguelvergara.com\\\/actualidad\\\/#\\\/schema\\\/person\\\/58692419afaba719680d26887ed694b3\"},\"headline\":\"Grupo Miguel Vergara colabora en la subasta de capones de Cascajares\",\"datePublished\":\"2022-11-29T13:11:00+00:00\",\"dateModified\":\"2023-04-20T09:29:04+00:00\",\"mainEntityOfPage\":{\"@id\":\"https:\\\/\\\/www.miguelvergara.com\\\/actualidad\\\/notas-de-prensa\\\/grupo-miguel-vergara-colabora-con-la-xxiii-subasta-de-capones-de-la-fundacion-cascajares-con-un-doble-fin-benefico\\\/\"},\"wordCount\":513,\"image\":{\"@id\":\"https:\\\/\\\/www.miguelvergara.com\\\/actualidad\\\/notas-de-prensa\\\/grupo-miguel-vergara-colabora-con-la-xxiii-subasta-de-capones-de-la-fundacion-cascajares-con-un-doble-fin-benefico\\\/#primaryimage\"},\"thumbnailUrl\":\"https:\\\/\\\/www.miguelvergara.com\\\/actualidad\\\/wp-content\\\/uploads\\\/2022\\\/11\\\/Grupal-1-scaled.jpg\",\"keywords\":[\"apadrinar\",\"benefico\",\"capones\",\"cascajares\",\"cocktail\",\"empleo\",\"evento\",\"fundaci\u00f3n\",\"grupo\",\"miguel vergara\",\"miniburgers\",\"nuevo futuro\",\"pavo\",\"puja\",\"rsc\",\"solidaridad\",\"subasta\",\"Vergarito\"],\"articleSection\":[\"Notas de prensa\"],\"inLanguage\":\"es\"},{\"@type\":\"WebPage\",\"@id\":\"https:\\\/\\\/www.miguelvergara.com\\\/actualidad\\\/notas-de-prensa\\\/grupo-miguel-vergara-colabora-con-la-xxiii-subasta-de-capones-de-la-fundacion-cascajares-con-un-doble-fin-benefico\\\/\",\"url\":\"https:\\\/\\\/www.miguelvergara.com\\\/actualidad\\\/notas-de-prensa\\\/grupo-miguel-vergara-colabora-con-la-xxiii-subasta-de-capones-de-la-fundacion-cascajares-con-un-doble-fin-benefico\\\/\",\"name\":\"Grupo Miguel Vergara colabora en la subasta de capones de Cascajares - Blog\",\"isPartOf\":{\"@id\":\"https:\\\/\\\/www.miguelvergara.com\\\/actualidad\\\/#website\"},\"primaryImageOfPage\":{\"@id\":\"https:\\\/\\\/www.miguelvergara.com\\\/actualidad\\\/notas-de-prensa\\\/grupo-miguel-vergara-colabora-con-la-xxiii-subasta-de-capones-de-la-fundacion-cascajares-con-un-doble-fin-benefico\\\/#primaryimage\"},\"image\":{\"@id\":\"https:\\\/\\\/www.miguelvergara.com\\\/actualidad\\\/notas-de-prensa\\\/grupo-miguel-vergara-colabora-con-la-xxiii-subasta-de-capones-de-la-fundacion-cascajares-con-un-doble-fin-benefico\\\/#primaryimage\"},\"thumbnailUrl\":\"https:\\\/\\\/www.miguelvergara.com\\\/actualidad\\\/wp-content\\\/uploads\\\/2022\\\/11\\\/Grupal-1-scaled.jpg\",\"datePublished\":\"2022-11-29T13:11:00+00:00\",\"dateModified\":\"2023-04-20T09:29:04+00:00\",\"author\":{\"@id\":\"https:\\\/\\\/www.miguelvergara.com\\\/actualidad\\\/#\\\/schema\\\/person\\\/58692419afaba719680d26887ed694b3\"},\"description\":\"Grupo Miguel Vergara volvi\u00f3 a hacer gala de su generosidad anoche colaborando con la XXIII Subasta ben\u00e9fica de Capones de la Fundaci\u00f3n Cascajares a beneficio de la Asociaci\u00f3n Nuevo Futuro que recaud\u00f3 82.415 euros y que tuvo lugar en el hotel Westin Palace de Madrid.\",\"breadcrumb\":{\"@id\":\"https:\\\/\\\/www.miguelvergara.com\\\/actualidad\\\/notas-de-prensa\\\/grupo-miguel-vergara-colabora-con-la-xxiii-subasta-de-capones-de-la-fundacion-cascajares-con-un-doble-fin-benefico\\\/#breadcrumb\"},\"inLanguage\":\"es\",\"potentialAction\":[{\"@type\":\"ReadAction\",\"target\":[\"https:\\\/\\\/www.miguelvergara.com\\\/actualidad\\\/notas-de-prensa\\\/grupo-miguel-vergara-colabora-con-la-xxiii-subasta-de-capones-de-la-fundacion-cascajares-con-un-doble-fin-benefico\\\/\"]}]},{\"@type\":\"ImageObject\",\"inLanguage\":\"es\",\"@id\":\"https:\\\/\\\/www.miguelvergara.com\\\/actualidad\\\/notas-de-prensa\\\/grupo-miguel-vergara-colabora-con-la-xxiii-subasta-de-capones-de-la-fundacion-cascajares-con-un-doble-fin-benefico\\\/#primaryimage\",\"url\":\"https:\\\/\\\/www.miguelvergara.com\\\/actualidad\\\/wp-content\\\/uploads\\\/2022\\\/11\\\/Grupal-1-scaled.jpg\",\"contentUrl\":\"https:\\\/\\\/www.miguelvergara.com\\\/actualidad\\\/wp-content\\\/uploads\\\/2022\\\/11\\\/Grupal-1-scaled.jpg\",\"width\":2560,\"height\":2019},{\"@type\":\"BreadcrumbList\",\"@id\":\"https:\\\/\\\/www.miguelvergara.com\\\/actualidad\\\/notas-de-prensa\\\/grupo-miguel-vergara-colabora-con-la-xxiii-subasta-de-capones-de-la-fundacion-cascajares-con-un-doble-fin-benefico\\\/#breadcrumb\",\"itemListElement\":[{\"@type\":\"ListItem\",\"position\":1,\"name\":\"Portada\",\"item\":\"https:\\\/\\\/www.miguelvergara.com\\\/actualidad\\\/\"},{\"@type\":\"ListItem\",\"position\":2,\"name\":\"Grupo Miguel Vergara colabora en la subasta de capones de Cascajares\"}]},{\"@type\":\"WebSite\",\"@id\":\"https:\\\/\\\/www.miguelvergara.com\\\/actualidad\\\/#website\",\"url\":\"https:\\\/\\\/www.miguelvergara.com\\\/actualidad\\\/\",\"name\":\"Blog\",\"description\":\"\",\"potentialAction\":[{\"@type\":\"SearchAction\",\"target\":{\"@type\":\"EntryPoint\",\"urlTemplate\":\"https:\\\/\\\/www.miguelvergara.com\\\/actualidad\\\/?s={search_term_string}\"},\"query-input\":{\"@type\":\"PropertyValueSpecification\",\"valueRequired\":true,\"valueName\":\"search_term_string\"}}],\"inLanguage\":\"es\"},{\"@type\":\"Person\",\"@id\":\"https:\\\/\\\/www.miguelvergara.com\\\/actualidad\\\/#\\\/schema\\\/person\\\/58692419afaba719680d26887ed694b3\",\"name\":\"editor_vergara\"}]}<\/script>\n<!-- \/ Yoast SEO plugin. -->","yoast_head_json":{"title":"Grupo Miguel Vergara colabora en la subasta de capones de Cascajares - Blog","description":"Grupo Miguel Vergara volvi\u00f3 a hacer gala de su generosidad anoche colaborando con la XXIII Subasta ben\u00e9fica de Capones de la Fundaci\u00f3n Cascajares a beneficio de la Asociaci\u00f3n Nuevo Futuro que recaud\u00f3 82.415 euros y que tuvo lugar en el hotel Westin Palace de Madrid.","robots":{"index":"index","follow":"follow","max-snippet":"max-snippet:-1","max-image-preview":"max-image-preview:large","max-video-preview":"max-video-preview:-1"},"canonical":"https:\/\/www.miguelvergara.com\/actualidad\/notas-de-prensa\/grupo-miguel-vergara-colabora-con-la-xxiii-subasta-de-capones-de-la-fundacion-cascajares-con-un-doble-fin-benefico\/","og_locale":"es_ES","og_type":"article","og_title":"Grupo Miguel Vergara colabora en la subasta de capones de Cascajares - Blog","og_description":"Grupo Miguel Vergara volvi\u00f3 a hacer gala de su generosidad anoche colaborando con la XXIII Subasta ben\u00e9fica de Capones de la Fundaci\u00f3n Cascajares a beneficio de la Asociaci\u00f3n Nuevo Futuro que recaud\u00f3 82.415 euros y que tuvo lugar en el hotel Westin Palace de Madrid.","og_url":"https:\/\/www.miguelvergara.com\/actualidad\/notas-de-prensa\/grupo-miguel-vergara-colabora-con-la-xxiii-subasta-de-capones-de-la-fundacion-cascajares-con-un-doble-fin-benefico\/","og_site_name":"Blog","article_published_time":"2022-11-29T13:11:00+00:00","article_modified_time":"2023-04-20T09:29:04+00:00","og_image":[{"width":2560,"height":2019,"url":"https:\/\/www.miguelvergara.com\/actualidad\/wp-content\/uploads\/2022\/11\/Grupal-1-scaled.jpg","type":"image\/jpeg"}],"author":"editor_vergara","twitter_card":"summary_large_image","twitter_misc":{"Escrito por":"editor_vergara","Tiempo de lectura":"3 minutos"},"schema":{"@context":"https:\/\/schema.org","@graph":[{"@type":"Article","@id":"https:\/\/www.miguelvergara.com\/actualidad\/notas-de-prensa\/grupo-miguel-vergara-colabora-con-la-xxiii-subasta-de-capones-de-la-fundacion-cascajares-con-un-doble-fin-benefico\/#article","isPartOf":{"@id":"https:\/\/www.miguelvergara.com\/actualidad\/notas-de-prensa\/grupo-miguel-vergara-colabora-con-la-xxiii-subasta-de-capones-de-la-fundacion-cascajares-con-un-doble-fin-benefico\/"},"author":{"name":"editor_vergara","@id":"https:\/\/www.miguelvergara.com\/actualidad\/#\/schema\/person\/58692419afaba719680d26887ed694b3"},"headline":"Grupo Miguel Vergara colabora en la subasta de capones de Cascajares","datePublished":"2022-11-29T13:11:00+00:00","dateModified":"2023-04-20T09:29:04+00:00","mainEntityOfPage":{"@id":"https:\/\/www.miguelvergara.com\/actualidad\/notas-de-prensa\/grupo-miguel-vergara-colabora-con-la-xxiii-subasta-de-capones-de-la-fundacion-cascajares-con-un-doble-fin-benefico\/"},"wordCount":513,"image":{"@id":"https:\/\/www.miguelvergara.com\/actualidad\/notas-de-prensa\/grupo-miguel-vergara-colabora-con-la-xxiii-subasta-de-capones-de-la-fundacion-cascajares-con-un-doble-fin-benefico\/#primaryimage"},"thumbnailUrl":"https:\/\/www.miguelvergara.com\/actualidad\/wp-content\/uploads\/2022\/11\/Grupal-1-scaled.jpg","keywords":["apadrinar","benefico","capones","cascajares","cocktail","empleo","evento","fundaci\u00f3n","grupo","miguel vergara","miniburgers","nuevo futuro","pavo","puja","rsc","solidaridad","subasta","Vergarito"],"articleSection":["Notas de prensa"],"inLanguage":"es"},{"@type":"WebPage","@id":"https:\/\/www.miguelvergara.com\/actualidad\/notas-de-prensa\/grupo-miguel-vergara-colabora-con-la-xxiii-subasta-de-capones-de-la-fundacion-cascajares-con-un-doble-fin-benefico\/","url":"https:\/\/www.miguelvergara.com\/actualidad\/notas-de-prensa\/grupo-miguel-vergara-colabora-con-la-xxiii-subasta-de-capones-de-la-fundacion-cascajares-con-un-doble-fin-benefico\/","name":"Grupo Miguel Vergara colabora en la subasta de capones de Cascajares - Blog","isPartOf":{"@id":"https:\/\/www.miguelvergara.com\/actualidad\/#website"},"primaryImageOfPage":{"@id":"https:\/\/www.miguelvergara.com\/actualidad\/notas-de-prensa\/grupo-miguel-vergara-colabora-con-la-xxiii-subasta-de-capones-de-la-fundacion-cascajares-con-un-doble-fin-benefico\/#primaryimage"},"image":{"@id":"https:\/\/www.miguelvergara.com\/actualidad\/notas-de-prensa\/grupo-miguel-vergara-colabora-con-la-xxiii-subasta-de-capones-de-la-fundacion-cascajares-con-un-doble-fin-benefico\/#primaryimage"},"thumbnailUrl":"https:\/\/www.miguelvergara.com\/actualidad\/wp-content\/uploads\/2022\/11\/Grupal-1-scaled.jpg","datePublished":"2022-11-29T13:11:00+00:00","dateModified":"2023-04-20T09:29:04+00:00","author":{"@id":"https:\/\/www.miguelvergara.com\/actualidad\/#\/schema\/person\/58692419afaba719680d26887ed694b3"},"description":"Grupo Miguel Vergara volvi\u00f3 a hacer gala de su generosidad anoche colaborando con la XXIII Subasta ben\u00e9fica de Capones de la Fundaci\u00f3n Cascajares a beneficio de la Asociaci\u00f3n Nuevo Futuro que recaud\u00f3 82.415 euros y que tuvo lugar en el hotel Westin Palace de Madrid.","breadcrumb":{"@id":"https:\/\/www.miguelvergara.com\/actualidad\/notas-de-prensa\/grupo-miguel-vergara-colabora-con-la-xxiii-subasta-de-capones-de-la-fundacion-cascajares-con-un-doble-fin-benefico\/#breadcrumb"},"inLanguage":"es","potentialAction":[{"@type":"ReadAction","target":["https:\/\/www.miguelvergara.com\/actualidad\/notas-de-prensa\/grupo-miguel-vergara-colabora-con-la-xxiii-subasta-de-capones-de-la-fundacion-cascajares-con-un-doble-fin-benefico\/"]}]},{"@type":"ImageObject","inLanguage":"es","@id":"https:\/\/www.miguelvergara.com\/actualidad\/notas-de-prensa\/grupo-miguel-vergara-colabora-con-la-xxiii-subasta-de-capones-de-la-fundacion-cascajares-con-un-doble-fin-benefico\/#primaryimage","url":"https:\/\/www.miguelvergara.com\/actualidad\/wp-content\/uploads\/2022\/11\/Grupal-1-scaled.jpg","contentUrl":"https:\/\/www.miguelvergara.com\/actualidad\/wp-content\/uploads\/2022\/11\/Grupal-1-scaled.jpg","width":2560,"height":2019},{"@type":"BreadcrumbList","@id":"https:\/\/www.miguelvergara.com\/actualidad\/notas-de-prensa\/grupo-miguel-vergara-colabora-con-la-xxiii-subasta-de-capones-de-la-fundacion-cascajares-con-un-doble-fin-benefico\/#breadcrumb","itemListElement":[{"@type":"ListItem","position":1,"name":"Portada","item":"https:\/\/www.miguelvergara.com\/actualidad\/"},{"@type":"ListItem","position":2,"name":"Grupo Miguel Vergara colabora en la subasta de capones de Cascajares"}]},{"@type":"WebSite","@id":"https:\/\/www.miguelvergara.com\/actualidad\/#website","url":"https:\/\/www.miguelvergara.com\/actualidad\/","name":"Blog","description":"","potentialAction":[{"@type":"SearchAction","target":{"@type":"EntryPoint","urlTemplate":"https:\/\/www.miguelvergara.com\/actualidad\/?s={search_term_string}"},"query-input":{"@type":"PropertyValueSpecification","valueRequired":true,"valueName":"search_term_string"}}],"inLanguage":"es"},{"@type":"Person","@id":"https:\/\/www.miguelvergara.com\/actualidad\/#\/schema\/person\/58692419afaba719680d26887ed694b3","name":"editor_vergara"}]}},"_links":{"self":[{"href":"https:\/\/www.miguelvergara.com\/actualidad\/wp-json\/wp\/v2\/posts\/9148","targetHints":{"allow":["GET"]}}],"collection":[{"href":"https:\/\/www.miguelvergara.com\/actualidad\/wp-json\/wp\/v2\/posts"}],"about":[{"href":"https:\/\/www.miguelvergara.com\/actualidad\/wp-json\/wp\/v2\/types\/post"}],"author":[{"embeddable":true,"href":"https:\/\/www.miguelvergara.com\/actualidad\/wp-json\/wp\/v2\/users\/3"}],"replies":[{"embeddable":true,"href":"https:\/\/www.miguelvergara.com\/actualidad\/wp-json\/wp\/v2\/comments?post=9148"}],"version-history":[{"count":6,"href":"https:\/\/www.miguelvergara.com\/actualidad\/wp-json\/wp\/v2\/posts\/9148\/revisions"}],"predecessor-version":[{"id":9626,"href":"https:\/\/www.miguelvergara.com\/actualidad\/wp-json\/wp\/v2\/posts\/9148\/revisions\/9626"}],"wp:featuredmedia":[{"embeddable":true,"href":"https:\/\/www.miguelvergara.com\/actualidad\/wp-json\/wp\/v2\/media\/9169"}],"wp:attachment":[{"href":"https:\/\/www.miguelvergara.com\/actualidad\/wp-json\/wp\/v2\/media?parent=9148"}],"wp:term":[{"taxonomy":"category","embeddable":true,"href":"https:\/\/www.miguelvergara.com\/actualidad\/wp-json\/wp\/v2\/categories?post=9148"},{"taxonomy":"post_tag","embeddable":true,"href":"https:\/\/www.miguelvergara.com\/actualidad\/wp-json\/wp\/v2\/tags?post=9148"}],"curies":[{"name":"wp","href":"https:\/\/api.w.org\/{rel}","templated":true}]}}