{"id":9239,"date":"2022-12-15T10:51:32","date_gmt":"2022-12-15T09:51:32","guid":{"rendered":"https:\/\/www.miguelvergara.com\/actualidad\/?p=9239"},"modified":"2023-04-20T11:22:49","modified_gmt":"2023-04-20T09:22:49","slug":"cenador-de-amos-cata-la-cecina-de-angus-miguel-vergara-en-ilustres-sibaritas-de-igtv-el-dia-22","status":"publish","type":"post","link":"https:\/\/www.miguelvergara.com\/actualidad\/notas-de-prensa\/cenador-de-amos-cata-la-cecina-de-angus-miguel-vergara-en-ilustres-sibaritas-de-igtv-el-dia-22\/","title":{"rendered":"Los chefs del Cenador de Amos, con 4* Michel\u00edn, catan nuestra cecina"},"content":{"rendered":"\n<figure class=\"wp-block-image size-large\"><img loading=\"lazy\" decoding=\"async\" width=\"1080\" height=\"1080\" src=\"https:\/\/www.miguelvergara.com\/actualidad\/wp-content\/uploads\/2022\/12\/22.12.22-Ilustres-Sibaritas-Cenador-de-Amos-Jesus-y-Marian-2.jpg\" alt=\"\" class=\"wp-image-9240\" srcset=\"https:\/\/www.miguelvergara.com\/actualidad\/wp-content\/uploads\/2022\/12\/22.12.22-Ilustres-Sibaritas-Cenador-de-Amos-Jesus-y-Marian-2.jpg 1080w, https:\/\/www.miguelvergara.com\/actualidad\/wp-content\/uploads\/2022\/12\/22.12.22-Ilustres-Sibaritas-Cenador-de-Amos-Jesus-y-Marian-2-860x860.jpg 860w, https:\/\/www.miguelvergara.com\/actualidad\/wp-content\/uploads\/2022\/12\/22.12.22-Ilustres-Sibaritas-Cenador-de-Amos-Jesus-y-Marian-2-768x768.jpg 768w\" sizes=\"auto, (max-width: 1080px) 100vw, 1080px\" \/><\/figure>\n\n\n\n<p><strong>Valladolid, 15 de Diciembre de 2022.-&nbsp;Miguel Vergara Angus<\/strong>&nbsp;ser\u00e1 el protagonista del pr\u00f3ximo directo \u00abIlustres Sibaritas\u00bb del canal IGTV del club gastron\u00f3mico digital&nbsp;<a href=\"http:\/\/www.muysibarita.com\/\">MuySibarita.com<\/a>&nbsp;que dirigen Anne Igartiburu y Sergio Crovetto. \u00c9ste ser\u00e1 el<strong>&nbsp;pr\u00f3ximo jueves d\u00eda 22 de Diciembre a las 21.00 horas<\/strong>&nbsp;y contar\u00e1 con unos invitados de excepci\u00f3n para acabar el a\u00f1o: los 4 estrellas Michel\u00edn y 3 soles de Repsol, Jes\u00fas S\u00e1nchez y Mari\u00e1n Mart\u00ednez, de Cenador de Am\u00f3s (Cantabria).<\/p>\n\n\n\n<p>Carlos, Anne y Sergio hablar\u00e1n sobre las particularidades de la <a href=\"https:\/\/www.miguelvergara.com\/tienda\/cecina-de-angus-pieza-14-18-kgs-n52\/\" target=\"_blank\" rel=\"noreferrer noopener\"><strong>cecina<\/strong>&nbsp;<strong>Miguel Vergara Angus<\/strong><\/a>, pieza de carne deshidratada similar al jam\u00f3n pero realizada mediante el curado de las mejores contras de vacuno de la raza Angus, envasada al vac\u00edo. \u00c9sta se elabora artesanalmente, es decir, gracias a la desecaci\u00f3n lenta y a la curaci\u00f3n al viento de la pieza.&nbsp;Todos aquellos que est\u00e9n conectados en directo en su canal&nbsp;<a href=\"https:\/\/www.instagram.com\/muy_sibarita\/\">@muy_sibarita<\/a> podr\u00e1n comunicarse con el cocinero&nbsp;<a href=\"https:\/\/www.instagram.com\/antoniorozco10\/\" target=\"_blank\" rel=\"noreferrer noopener\">@_jesussanchez<\/a>&nbsp;y con nosotros&nbsp;<a href=\"https:\/\/www.instagram.com\/grupomiguelvergara\/\">@grupomiguelvergara<\/a>&nbsp;por chat al momento.<\/p>\n\n\n\n<p>Si te perdiste los anteriores directos con la carne de&nbsp;<strong>Miguel Vergara Angus&nbsp;<\/strong>como protagonista con el polifac\u00e9tico <strong>Carlos Latre<\/strong> o con los cantantes y compositores <strong>Antonio Orozco<\/strong>, <strong>Alvaro Soler<\/strong>&nbsp;e<strong>&nbsp;Ivan Ferreiro<\/strong>, puedes volver a visualizarlo aqu\u00ed:<\/p>\n\n\n\n<p><a href=\"https:\/\/www.youtube.com\/watch?v=DN3JHZTwjG8\" target=\"_blank\" rel=\"noreferrer noopener\">Carlos Latre<\/a><\/p>\n\n\n\n<p><a href=\"https:\/\/www.youtube.com\/watch?v=Ma8Ps2T6SsM\" target=\"_blank\" rel=\"noreferrer noopener\">Antonio Orozco<\/a><\/p>\n\n\n\n<p><a href=\"https:\/\/www.youtube.com\/watch?v=Y5OInqfadoE\">Alvaro Soler<\/a><\/p>\n\n\n\n<p><a href=\"https:\/\/www.youtube.com\/watch?v=LTweL7UysWk\">Ivan Ferreiro<\/a><\/p>\n","protected":false},"excerpt":{"rendered":"<p>Miguel Vergara Angus ser\u00e1 el protagonista del pr\u00f3ximo directo \u00abIlustres Sibaritas\u00bb del canal IGTV del club gastron\u00f3mico digital MuySibarita.com que dirigen Anne Igartiburu y Sergio Crovetto. \u00c9ste ser\u00e1 el pr\u00f3ximo jueves d\u00eda 22 de Diciembre a las 21.00 horas y contar\u00e1 con unos invitados de excepci\u00f3n para acabar el a\u00f1o: los 4 estrellas Michel\u00edn y 3 soles de Repsol, Jes\u00fas S\u00e1nchez y Mari\u00e1n Mart\u00ednez, de Cenador de Am\u00f3s (Cantabria).<\/p>\n","protected":false},"author":3,"featured_media":9240,"comment_status":"closed","ping_status":"closed","sticky":false,"template":"","format":"standard","meta":{"footnotes":""},"categories":[3],"tags":[124,503,502,303,394,504,501,456,305,132,500,507,505],"class_list":["post-9239","post","type-post","status-publish","format-standard","has-post-thumbnail","hentry","category-notas-de-prensa","tag-angus","tag-cecina","tag-cenador-de-amos","tag-chef","tag-directo","tag-igtv","tag-ilustres","tag-instagram","tag-michelin","tag-miguel-vergara","tag-muy-sibaritas","tag-repsol","tag-tv"],"yoast_head":"<!-- This site is optimized with the Yoast SEO plugin v27.4 - https:\/\/yoast.com\/product\/yoast-seo-wordpress\/ -->\n<title>Los chefs del Cenador de Amos, con 4* Michel\u00edn, catan nuestra cecina - Blog<\/title>\n<meta name=\"description\" content=\"Los 4* Michel\u00edn, Jes\u00fas y Mari\u00e1n -Cenador de Amos- catan la cecina de Angus Miguel Vergara en &quot;Ilustres Sibaritas&quot; de IGTV el d\u00eda 22\" \/>\n<meta name=\"robots\" content=\"index, follow, max-snippet:-1, max-image-preview:large, max-video-preview:-1\" \/>\n<link rel=\"canonical\" href=\"https:\/\/www.miguelvergara.com\/actualidad\/notas-de-prensa\/cenador-de-amos-cata-la-cecina-de-angus-miguel-vergara-en-ilustres-sibaritas-de-igtv-el-dia-22\/\" \/>\n<meta property=\"og:locale\" content=\"es_ES\" \/>\n<meta property=\"og:type\" content=\"article\" \/>\n<meta property=\"og:title\" content=\"Los chefs del Cenador de Amos, con 4* Michel\u00edn, catan nuestra cecina - Blog\" \/>\n<meta property=\"og:description\" content=\"Los 4* Michel\u00edn, Jes\u00fas y Mari\u00e1n -Cenador de Amos- catan la cecina de Angus Miguel Vergara en &quot;Ilustres Sibaritas&quot; de IGTV el d\u00eda 22\" \/>\n<meta property=\"og:url\" content=\"https:\/\/www.miguelvergara.com\/actualidad\/notas-de-prensa\/cenador-de-amos-cata-la-cecina-de-angus-miguel-vergara-en-ilustres-sibaritas-de-igtv-el-dia-22\/\" \/>\n<meta property=\"og:site_name\" content=\"Blog\" \/>\n<meta property=\"article:published_time\" content=\"2022-12-15T09:51:32+00:00\" \/>\n<meta property=\"article:modified_time\" content=\"2023-04-20T09:22:49+00:00\" \/>\n<meta property=\"og:image\" content=\"https:\/\/www.miguelvergara.com\/actualidad\/wp-content\/uploads\/2022\/12\/22.12.22-Ilustres-Sibaritas-Cenador-de-Amos-Jesus-y-Marian-2.jpg\" \/>\n\t<meta property=\"og:image:width\" content=\"1080\" \/>\n\t<meta property=\"og:image:height\" content=\"1080\" \/>\n\t<meta property=\"og:image:type\" content=\"image\/jpeg\" \/>\n<meta name=\"author\" content=\"editor_vergara\" \/>\n<meta name=\"twitter:card\" content=\"summary_large_image\" \/>\n<meta name=\"twitter:label1\" content=\"Escrito por\" \/>\n\t<meta name=\"twitter:data1\" content=\"editor_vergara\" \/>\n\t<meta name=\"twitter:label2\" content=\"Tiempo de lectura\" \/>\n\t<meta name=\"twitter:data2\" content=\"1 minuto\" \/>\n<script type=\"application\/ld+json\" class=\"yoast-schema-graph\">{\"@context\":\"https:\\\/\\\/schema.org\",\"@graph\":[{\"@type\":\"Article\",\"@id\":\"https:\\\/\\\/www.miguelvergara.com\\\/actualidad\\\/notas-de-prensa\\\/cenador-de-amos-cata-la-cecina-de-angus-miguel-vergara-en-ilustres-sibaritas-de-igtv-el-dia-22\\\/#article\",\"isPartOf\":{\"@id\":\"https:\\\/\\\/www.miguelvergara.com\\\/actualidad\\\/notas-de-prensa\\\/cenador-de-amos-cata-la-cecina-de-angus-miguel-vergara-en-ilustres-sibaritas-de-igtv-el-dia-22\\\/\"},\"author\":{\"name\":\"editor_vergara\",\"@id\":\"https:\\\/\\\/www.miguelvergara.com\\\/actualidad\\\/#\\\/schema\\\/person\\\/58692419afaba719680d26887ed694b3\"},\"headline\":\"Los chefs del Cenador de Amos, con 4* Michel\u00edn, catan nuestra cecina\",\"datePublished\":\"2022-12-15T09:51:32+00:00\",\"dateModified\":\"2023-04-20T09:22:49+00:00\",\"mainEntityOfPage\":{\"@id\":\"https:\\\/\\\/www.miguelvergara.com\\\/actualidad\\\/notas-de-prensa\\\/cenador-de-amos-cata-la-cecina-de-angus-miguel-vergara-en-ilustres-sibaritas-de-igtv-el-dia-22\\\/\"},\"wordCount\":251,\"image\":{\"@id\":\"https:\\\/\\\/www.miguelvergara.com\\\/actualidad\\\/notas-de-prensa\\\/cenador-de-amos-cata-la-cecina-de-angus-miguel-vergara-en-ilustres-sibaritas-de-igtv-el-dia-22\\\/#primaryimage\"},\"thumbnailUrl\":\"https:\\\/\\\/www.miguelvergara.com\\\/actualidad\\\/wp-content\\\/uploads\\\/2022\\\/12\\\/22.12.22-Ilustres-Sibaritas-Cenador-de-Amos-Jesus-y-Marian-2.jpg\",\"keywords\":[\"angus\",\"Cecina\",\"Cenador de Am\u00f3s\",\"chef\",\"directo\",\"IGTV\",\"ilustres\",\"instagram\",\"michelin\",\"miguel vergara\",\"muy sibaritas\",\"Repsol\",\"TV\"],\"articleSection\":[\"Notas de prensa\"],\"inLanguage\":\"es\"},{\"@type\":\"WebPage\",\"@id\":\"https:\\\/\\\/www.miguelvergara.com\\\/actualidad\\\/notas-de-prensa\\\/cenador-de-amos-cata-la-cecina-de-angus-miguel-vergara-en-ilustres-sibaritas-de-igtv-el-dia-22\\\/\",\"url\":\"https:\\\/\\\/www.miguelvergara.com\\\/actualidad\\\/notas-de-prensa\\\/cenador-de-amos-cata-la-cecina-de-angus-miguel-vergara-en-ilustres-sibaritas-de-igtv-el-dia-22\\\/\",\"name\":\"Los chefs del Cenador de Amos, con 4* Michel\u00edn, catan nuestra cecina - Blog\",\"isPartOf\":{\"@id\":\"https:\\\/\\\/www.miguelvergara.com\\\/actualidad\\\/#website\"},\"primaryImageOfPage\":{\"@id\":\"https:\\\/\\\/www.miguelvergara.com\\\/actualidad\\\/notas-de-prensa\\\/cenador-de-amos-cata-la-cecina-de-angus-miguel-vergara-en-ilustres-sibaritas-de-igtv-el-dia-22\\\/#primaryimage\"},\"image\":{\"@id\":\"https:\\\/\\\/www.miguelvergara.com\\\/actualidad\\\/notas-de-prensa\\\/cenador-de-amos-cata-la-cecina-de-angus-miguel-vergara-en-ilustres-sibaritas-de-igtv-el-dia-22\\\/#primaryimage\"},\"thumbnailUrl\":\"https:\\\/\\\/www.miguelvergara.com\\\/actualidad\\\/wp-content\\\/uploads\\\/2022\\\/12\\\/22.12.22-Ilustres-Sibaritas-Cenador-de-Amos-Jesus-y-Marian-2.jpg\",\"datePublished\":\"2022-12-15T09:51:32+00:00\",\"dateModified\":\"2023-04-20T09:22:49+00:00\",\"author\":{\"@id\":\"https:\\\/\\\/www.miguelvergara.com\\\/actualidad\\\/#\\\/schema\\\/person\\\/58692419afaba719680d26887ed694b3\"},\"description\":\"Los 4* Michel\u00edn, Jes\u00fas y Mari\u00e1n -Cenador de Amos- catan la cecina de Angus Miguel Vergara en \\\"Ilustres Sibaritas\\\" de IGTV el d\u00eda 22\",\"breadcrumb\":{\"@id\":\"https:\\\/\\\/www.miguelvergara.com\\\/actualidad\\\/notas-de-prensa\\\/cenador-de-amos-cata-la-cecina-de-angus-miguel-vergara-en-ilustres-sibaritas-de-igtv-el-dia-22\\\/#breadcrumb\"},\"inLanguage\":\"es\",\"potentialAction\":[{\"@type\":\"ReadAction\",\"target\":[\"https:\\\/\\\/www.miguelvergara.com\\\/actualidad\\\/notas-de-prensa\\\/cenador-de-amos-cata-la-cecina-de-angus-miguel-vergara-en-ilustres-sibaritas-de-igtv-el-dia-22\\\/\"]}]},{\"@type\":\"ImageObject\",\"inLanguage\":\"es\",\"@id\":\"https:\\\/\\\/www.miguelvergara.com\\\/actualidad\\\/notas-de-prensa\\\/cenador-de-amos-cata-la-cecina-de-angus-miguel-vergara-en-ilustres-sibaritas-de-igtv-el-dia-22\\\/#primaryimage\",\"url\":\"https:\\\/\\\/www.miguelvergara.com\\\/actualidad\\\/wp-content\\\/uploads\\\/2022\\\/12\\\/22.12.22-Ilustres-Sibaritas-Cenador-de-Amos-Jesus-y-Marian-2.jpg\",\"contentUrl\":\"https:\\\/\\\/www.miguelvergara.com\\\/actualidad\\\/wp-content\\\/uploads\\\/2022\\\/12\\\/22.12.22-Ilustres-Sibaritas-Cenador-de-Amos-Jesus-y-Marian-2.jpg\",\"width\":1080,\"height\":1080},{\"@type\":\"BreadcrumbList\",\"@id\":\"https:\\\/\\\/www.miguelvergara.com\\\/actualidad\\\/notas-de-prensa\\\/cenador-de-amos-cata-la-cecina-de-angus-miguel-vergara-en-ilustres-sibaritas-de-igtv-el-dia-22\\\/#breadcrumb\",\"itemListElement\":[{\"@type\":\"ListItem\",\"position\":1,\"name\":\"Portada\",\"item\":\"https:\\\/\\\/www.miguelvergara.com\\\/actualidad\\\/\"},{\"@type\":\"ListItem\",\"position\":2,\"name\":\"Los chefs del Cenador de Amos, con 4* Michel\u00edn, catan nuestra cecina\"}]},{\"@type\":\"WebSite\",\"@id\":\"https:\\\/\\\/www.miguelvergara.com\\\/actualidad\\\/#website\",\"url\":\"https:\\\/\\\/www.miguelvergara.com\\\/actualidad\\\/\",\"name\":\"Blog\",\"description\":\"\",\"potentialAction\":[{\"@type\":\"SearchAction\",\"target\":{\"@type\":\"EntryPoint\",\"urlTemplate\":\"https:\\\/\\\/www.miguelvergara.com\\\/actualidad\\\/?s={search_term_string}\"},\"query-input\":{\"@type\":\"PropertyValueSpecification\",\"valueRequired\":true,\"valueName\":\"search_term_string\"}}],\"inLanguage\":\"es\"},{\"@type\":\"Person\",\"@id\":\"https:\\\/\\\/www.miguelvergara.com\\\/actualidad\\\/#\\\/schema\\\/person\\\/58692419afaba719680d26887ed694b3\",\"name\":\"editor_vergara\"}]}<\/script>\n<!-- \/ Yoast SEO plugin. -->","yoast_head_json":{"title":"Los chefs del Cenador de Amos, con 4* Michel\u00edn, catan nuestra cecina - Blog","description":"Los 4* Michel\u00edn, Jes\u00fas y Mari\u00e1n -Cenador de Amos- catan la cecina de Angus Miguel Vergara en \"Ilustres Sibaritas\" de IGTV el d\u00eda 22","robots":{"index":"index","follow":"follow","max-snippet":"max-snippet:-1","max-image-preview":"max-image-preview:large","max-video-preview":"max-video-preview:-1"},"canonical":"https:\/\/www.miguelvergara.com\/actualidad\/notas-de-prensa\/cenador-de-amos-cata-la-cecina-de-angus-miguel-vergara-en-ilustres-sibaritas-de-igtv-el-dia-22\/","og_locale":"es_ES","og_type":"article","og_title":"Los chefs del Cenador de Amos, con 4* Michel\u00edn, catan nuestra cecina - Blog","og_description":"Los 4* Michel\u00edn, Jes\u00fas y Mari\u00e1n -Cenador de Amos- catan la cecina de Angus Miguel Vergara en \"Ilustres Sibaritas\" de IGTV el d\u00eda 22","og_url":"https:\/\/www.miguelvergara.com\/actualidad\/notas-de-prensa\/cenador-de-amos-cata-la-cecina-de-angus-miguel-vergara-en-ilustres-sibaritas-de-igtv-el-dia-22\/","og_site_name":"Blog","article_published_time":"2022-12-15T09:51:32+00:00","article_modified_time":"2023-04-20T09:22:49+00:00","og_image":[{"width":1080,"height":1080,"url":"https:\/\/www.miguelvergara.com\/actualidad\/wp-content\/uploads\/2022\/12\/22.12.22-Ilustres-Sibaritas-Cenador-de-Amos-Jesus-y-Marian-2.jpg","type":"image\/jpeg"}],"author":"editor_vergara","twitter_card":"summary_large_image","twitter_misc":{"Escrito por":"editor_vergara","Tiempo de lectura":"1 minuto"},"schema":{"@context":"https:\/\/schema.org","@graph":[{"@type":"Article","@id":"https:\/\/www.miguelvergara.com\/actualidad\/notas-de-prensa\/cenador-de-amos-cata-la-cecina-de-angus-miguel-vergara-en-ilustres-sibaritas-de-igtv-el-dia-22\/#article","isPartOf":{"@id":"https:\/\/www.miguelvergara.com\/actualidad\/notas-de-prensa\/cenador-de-amos-cata-la-cecina-de-angus-miguel-vergara-en-ilustres-sibaritas-de-igtv-el-dia-22\/"},"author":{"name":"editor_vergara","@id":"https:\/\/www.miguelvergara.com\/actualidad\/#\/schema\/person\/58692419afaba719680d26887ed694b3"},"headline":"Los chefs del Cenador de Amos, con 4* Michel\u00edn, catan nuestra cecina","datePublished":"2022-12-15T09:51:32+00:00","dateModified":"2023-04-20T09:22:49+00:00","mainEntityOfPage":{"@id":"https:\/\/www.miguelvergara.com\/actualidad\/notas-de-prensa\/cenador-de-amos-cata-la-cecina-de-angus-miguel-vergara-en-ilustres-sibaritas-de-igtv-el-dia-22\/"},"wordCount":251,"image":{"@id":"https:\/\/www.miguelvergara.com\/actualidad\/notas-de-prensa\/cenador-de-amos-cata-la-cecina-de-angus-miguel-vergara-en-ilustres-sibaritas-de-igtv-el-dia-22\/#primaryimage"},"thumbnailUrl":"https:\/\/www.miguelvergara.com\/actualidad\/wp-content\/uploads\/2022\/12\/22.12.22-Ilustres-Sibaritas-Cenador-de-Amos-Jesus-y-Marian-2.jpg","keywords":["angus","Cecina","Cenador de Am\u00f3s","chef","directo","IGTV","ilustres","instagram","michelin","miguel vergara","muy sibaritas","Repsol","TV"],"articleSection":["Notas de prensa"],"inLanguage":"es"},{"@type":"WebPage","@id":"https:\/\/www.miguelvergara.com\/actualidad\/notas-de-prensa\/cenador-de-amos-cata-la-cecina-de-angus-miguel-vergara-en-ilustres-sibaritas-de-igtv-el-dia-22\/","url":"https:\/\/www.miguelvergara.com\/actualidad\/notas-de-prensa\/cenador-de-amos-cata-la-cecina-de-angus-miguel-vergara-en-ilustres-sibaritas-de-igtv-el-dia-22\/","name":"Los chefs del Cenador de Amos, con 4* Michel\u00edn, catan nuestra cecina - Blog","isPartOf":{"@id":"https:\/\/www.miguelvergara.com\/actualidad\/#website"},"primaryImageOfPage":{"@id":"https:\/\/www.miguelvergara.com\/actualidad\/notas-de-prensa\/cenador-de-amos-cata-la-cecina-de-angus-miguel-vergara-en-ilustres-sibaritas-de-igtv-el-dia-22\/#primaryimage"},"image":{"@id":"https:\/\/www.miguelvergara.com\/actualidad\/notas-de-prensa\/cenador-de-amos-cata-la-cecina-de-angus-miguel-vergara-en-ilustres-sibaritas-de-igtv-el-dia-22\/#primaryimage"},"thumbnailUrl":"https:\/\/www.miguelvergara.com\/actualidad\/wp-content\/uploads\/2022\/12\/22.12.22-Ilustres-Sibaritas-Cenador-de-Amos-Jesus-y-Marian-2.jpg","datePublished":"2022-12-15T09:51:32+00:00","dateModified":"2023-04-20T09:22:49+00:00","author":{"@id":"https:\/\/www.miguelvergara.com\/actualidad\/#\/schema\/person\/58692419afaba719680d26887ed694b3"},"description":"Los 4* Michel\u00edn, Jes\u00fas y Mari\u00e1n -Cenador de Amos- catan la cecina de Angus Miguel Vergara en \"Ilustres Sibaritas\" de IGTV el d\u00eda 22","breadcrumb":{"@id":"https:\/\/www.miguelvergara.com\/actualidad\/notas-de-prensa\/cenador-de-amos-cata-la-cecina-de-angus-miguel-vergara-en-ilustres-sibaritas-de-igtv-el-dia-22\/#breadcrumb"},"inLanguage":"es","potentialAction":[{"@type":"ReadAction","target":["https:\/\/www.miguelvergara.com\/actualidad\/notas-de-prensa\/cenador-de-amos-cata-la-cecina-de-angus-miguel-vergara-en-ilustres-sibaritas-de-igtv-el-dia-22\/"]}]},{"@type":"ImageObject","inLanguage":"es","@id":"https:\/\/www.miguelvergara.com\/actualidad\/notas-de-prensa\/cenador-de-amos-cata-la-cecina-de-angus-miguel-vergara-en-ilustres-sibaritas-de-igtv-el-dia-22\/#primaryimage","url":"https:\/\/www.miguelvergara.com\/actualidad\/wp-content\/uploads\/2022\/12\/22.12.22-Ilustres-Sibaritas-Cenador-de-Amos-Jesus-y-Marian-2.jpg","contentUrl":"https:\/\/www.miguelvergara.com\/actualidad\/wp-content\/uploads\/2022\/12\/22.12.22-Ilustres-Sibaritas-Cenador-de-Amos-Jesus-y-Marian-2.jpg","width":1080,"height":1080},{"@type":"BreadcrumbList","@id":"https:\/\/www.miguelvergara.com\/actualidad\/notas-de-prensa\/cenador-de-amos-cata-la-cecina-de-angus-miguel-vergara-en-ilustres-sibaritas-de-igtv-el-dia-22\/#breadcrumb","itemListElement":[{"@type":"ListItem","position":1,"name":"Portada","item":"https:\/\/www.miguelvergara.com\/actualidad\/"},{"@type":"ListItem","position":2,"name":"Los chefs del Cenador de Amos, con 4* Michel\u00edn, catan nuestra cecina"}]},{"@type":"WebSite","@id":"https:\/\/www.miguelvergara.com\/actualidad\/#website","url":"https:\/\/www.miguelvergara.com\/actualidad\/","name":"Blog","description":"","potentialAction":[{"@type":"SearchAction","target":{"@type":"EntryPoint","urlTemplate":"https:\/\/www.miguelvergara.com\/actualidad\/?s={search_term_string}"},"query-input":{"@type":"PropertyValueSpecification","valueRequired":true,"valueName":"search_term_string"}}],"inLanguage":"es"},{"@type":"Person","@id":"https:\/\/www.miguelvergara.com\/actualidad\/#\/schema\/person\/58692419afaba719680d26887ed694b3","name":"editor_vergara"}]}},"_links":{"self":[{"href":"https:\/\/www.miguelvergara.com\/actualidad\/wp-json\/wp\/v2\/posts\/9239","targetHints":{"allow":["GET"]}}],"collection":[{"href":"https:\/\/www.miguelvergara.com\/actualidad\/wp-json\/wp\/v2\/posts"}],"about":[{"href":"https:\/\/www.miguelvergara.com\/actualidad\/wp-json\/wp\/v2\/types\/post"}],"author":[{"embeddable":true,"href":"https:\/\/www.miguelvergara.com\/actualidad\/wp-json\/wp\/v2\/users\/3"}],"replies":[{"embeddable":true,"href":"https:\/\/www.miguelvergara.com\/actualidad\/wp-json\/wp\/v2\/comments?post=9239"}],"version-history":[{"count":4,"href":"https:\/\/www.miguelvergara.com\/actualidad\/wp-json\/wp\/v2\/posts\/9239\/revisions"}],"predecessor-version":[{"id":9622,"href":"https:\/\/www.miguelvergara.com\/actualidad\/wp-json\/wp\/v2\/posts\/9239\/revisions\/9622"}],"wp:featuredmedia":[{"embeddable":true,"href":"https:\/\/www.miguelvergara.com\/actualidad\/wp-json\/wp\/v2\/media\/9240"}],"wp:attachment":[{"href":"https:\/\/www.miguelvergara.com\/actualidad\/wp-json\/wp\/v2\/media?parent=9239"}],"wp:term":[{"taxonomy":"category","embeddable":true,"href":"https:\/\/www.miguelvergara.com\/actualidad\/wp-json\/wp\/v2\/categories?post=9239"},{"taxonomy":"post_tag","embeddable":true,"href":"https:\/\/www.miguelvergara.com\/actualidad\/wp-json\/wp\/v2\/tags?post=9239"}],"curies":[{"name":"wp","href":"https:\/\/api.w.org\/{rel}","templated":true}]}}