{"id":9325,"date":"2023-01-10T13:55:17","date_gmt":"2023-01-10T12:55:17","guid":{"rendered":"https:\/\/www.miguelvergara.com\/actualidad\/?p=9325"},"modified":"2023-04-20T11:31:30","modified_gmt":"2023-04-20T09:31:30","slug":"grupo-miguel-vergara-recibe-la-visita-de-una-agrupacion-de-empresarios-coreanos","status":"publish","type":"post","link":"https:\/\/www.miguelvergara.com\/actualidad\/notas-de-prensa\/grupo-miguel-vergara-recibe-la-visita-de-una-agrupacion-de-empresarios-coreanos\/","title":{"rendered":"Empresarios coreanos y Provacuno visitan nuestra finca de Salamanca"},"content":{"rendered":"\n<ul class=\"wp-block-list\"><li><strong>Durante la visita pudieron conocer la explotaci\u00f3n ganadera y degustar el producto c\u00e1rnico de Miguel Vergara Angus<\/strong><\/li><li><strong>Desde Provacuno afirmaban de la importancia de lograr la apertura de este mercado para nuestra carne<\/strong><\/li><\/ul>\n\n\n\n<figure class=\"wp-block-image size-large\"><img loading=\"lazy\" decoding=\"async\" width=\"1200\" height=\"818\" src=\"https:\/\/www.miguelvergara.com\/actualidad\/wp-content\/uploads\/2023\/01\/090123-Visita-Importadores-1-1200x818.jpg\" alt=\"\" class=\"wp-image-9332\" srcset=\"https:\/\/www.miguelvergara.com\/actualidad\/wp-content\/uploads\/2023\/01\/090123-Visita-Importadores-1-1200x818.jpg 1200w, https:\/\/www.miguelvergara.com\/actualidad\/wp-content\/uploads\/2023\/01\/090123-Visita-Importadores-1-860x586.jpg 860w, https:\/\/www.miguelvergara.com\/actualidad\/wp-content\/uploads\/2023\/01\/090123-Visita-Importadores-1-768x524.jpg 768w, https:\/\/www.miguelvergara.com\/actualidad\/wp-content\/uploads\/2023\/01\/090123-Visita-Importadores-1-1536x1047.jpg 1536w, https:\/\/www.miguelvergara.com\/actualidad\/wp-content\/uploads\/2023\/01\/090123-Visita-Importadores-1-2048x1396.jpg 2048w\" sizes=\"auto, (max-width: 1200px) 100vw, 1200px\" \/><\/figure>\n\n\n\n<p><strong>Valladolid, 10 de enero de 2023.-<\/strong> Una delegaci\u00f3n de importadores japoneses visit\u00f3 ayer nuestras instalaciones de <strong>Ba\u00f1os de Ledesma (Salamanca)<\/strong>, acompa\u00f1ados por <strong>Provacuno<\/strong>, para comprobar in situ las particularidades del sector c\u00e1rnico espa\u00f1ol ante la posible pr\u00f3xima apertura de ese mercado asi\u00e1tico para los productos espa\u00f1oles.<\/p>\n\n\n\n<p>Si durante el verano de 2022 y siempre de la mano de Provacuno, ya visit\u00f3 nuestra Finca una delegaci\u00f3n de inspectores alimenticios coreanos con el objetivo de analizar granjas, mataderos y empresas c\u00e1rnicas espa\u00f1olas para certificar la calidad de las mismas ante el Gobierno de su pa\u00eds, en esta ocasi\u00f3n ha sido media docena de empresarios de compa\u00f1\u00edas l\u00edderes en alimentaci\u00f3n del pa\u00eds coreano quienes nos han visita en busca de productos c\u00e1rnicos de calidad a la espera de que se obtengan los permisos necesarios para el intercambio comercial.<\/p>\n\n\n\n<p>En su visita a <strong>Grupo Miguel Vergara<\/strong> pudieron disfrutar no s\u00f3lo del paisaje de la dehesa salmantina, sino tambi\u00e9n de los animales de las diferentes razas que se cr\u00edan en la extensi\u00f3n con mimo y dedicaci\u00f3n, bajos los m\u00e1s estrictos est\u00e1ndares de bienestar animal. Y, por supuesto, pudieron degustar una serie de piezas nobles procedentes de la raza Angus.<\/p>\n\n\n\n<figure class=\"wp-block-image size-large\"><img loading=\"lazy\" decoding=\"async\" width=\"1200\" height=\"900\" src=\"https:\/\/www.miguelvergara.com\/actualidad\/wp-content\/uploads\/2023\/01\/lingote-presa-1200x900.jpg\" alt=\"\" class=\"wp-image-9342\" srcset=\"https:\/\/www.miguelvergara.com\/actualidad\/wp-content\/uploads\/2023\/01\/lingote-presa-1200x900.jpg 1200w, https:\/\/www.miguelvergara.com\/actualidad\/wp-content\/uploads\/2023\/01\/lingote-presa-860x645.jpg 860w, https:\/\/www.miguelvergara.com\/actualidad\/wp-content\/uploads\/2023\/01\/lingote-presa-768x576.jpg 768w, https:\/\/www.miguelvergara.com\/actualidad\/wp-content\/uploads\/2023\/01\/lingote-presa-1536x1152.jpg 1536w, https:\/\/www.miguelvergara.com\/actualidad\/wp-content\/uploads\/2023\/01\/lingote-presa-2048x1536.jpg 2048w\" sizes=\"auto, (max-width: 1200px) 100vw, 1200px\" \/><\/figure>\n\n\n\n<p>En este sentido, el director del \u00e1rea internacional de Provacuno, Jos\u00e9 Ram\u00f3n Godoy, ha ratificado el inter\u00e9s por parte de ambos pa\u00edses en lograr la citada apertura, asegurado que se est\u00e1n llevando a cabo las labores y los tr\u00e1mites oportunos para conseguirlo cuanto antes. Por su parte, nuestro director de exportaci\u00f3n, Ra\u00fal Delgado, se ha mostrado optimista y esperanzado pues con la apertura del mercado coreano \u00ablograr\u00edamos tener puerta de acceso a un perfil de consumidor de carne exigente\u00bb.<\/p>\n","protected":false},"excerpt":{"rendered":"<p>Una delegaci\u00f3n de importadores japoneses visit\u00f3 ayer nuestras instalaciones de Ba\u00f1os de Ledesma (Salamanca), acompa\u00f1ados por Provacuno, para comprobar in situ las particularidades del sector c\u00e1rnico espa\u00f1ol ante la posible pr\u00f3xima apertura de ese mercado asi\u00e1tico para los productos espa\u00f1oles.<\/p>\n","protected":false},"author":3,"featured_media":9332,"comment_status":"closed","ping_status":"closed","sticky":false,"template":"","format":"standard","meta":{"footnotes":""},"categories":[3],"tags":[373,532,148,152,129,530,533,164,531,302],"class_list":["post-9325","post","type-post","status-publish","format-standard","has-post-thumbnail","hentry","category-notas-de-prensa","tag-aberdeen-angus","tag-apertura","tag-asia","tag-calidad","tag-carne","tag-corea","tag-intercambio","tag-mercado","tag-permisos","tag-provacuno"],"yoast_head":"<!-- This site is optimized with the Yoast SEO plugin v27.4 - https:\/\/yoast.com\/product\/yoast-seo-wordpress\/ -->\n<title>Empresarios coreanos y Provacuno visitan nuestra finca de Salamanca - Blog<\/title>\n<meta name=\"description\" content=\"Una delegaci\u00f3n de empresarios coreanos y Provacuno visitan nuestras instalaciones en Salamanca ante la posible pr\u00f3xima apertura de ese mercado asi\u00e1tico para los productos espa\u00f1oles.\" \/>\n<meta name=\"robots\" content=\"index, follow, max-snippet:-1, max-image-preview:large, max-video-preview:-1\" \/>\n<link rel=\"canonical\" href=\"https:\/\/www.miguelvergara.com\/actualidad\/notas-de-prensa\/grupo-miguel-vergara-recibe-la-visita-de-una-agrupacion-de-empresarios-coreanos\/\" \/>\n<meta property=\"og:locale\" content=\"es_ES\" \/>\n<meta property=\"og:type\" content=\"article\" \/>\n<meta property=\"og:title\" content=\"Empresarios coreanos y Provacuno visitan nuestra finca de Salamanca - Blog\" \/>\n<meta property=\"og:description\" content=\"Una delegaci\u00f3n de empresarios coreanos y Provacuno visitan nuestras instalaciones en Salamanca ante la posible pr\u00f3xima apertura de ese mercado asi\u00e1tico para los productos espa\u00f1oles.\" \/>\n<meta property=\"og:url\" content=\"https:\/\/www.miguelvergara.com\/actualidad\/notas-de-prensa\/grupo-miguel-vergara-recibe-la-visita-de-una-agrupacion-de-empresarios-coreanos\/\" \/>\n<meta property=\"og:site_name\" content=\"Blog\" \/>\n<meta property=\"article:published_time\" content=\"2023-01-10T12:55:17+00:00\" \/>\n<meta property=\"article:modified_time\" content=\"2023-04-20T09:31:30+00:00\" \/>\n<meta property=\"og:image\" content=\"https:\/\/www.miguelvergara.com\/actualidad\/wp-content\/uploads\/2023\/01\/090123-Visita-Importadores-1-scaled.jpg\" \/>\n\t<meta property=\"og:image:width\" content=\"2560\" \/>\n\t<meta property=\"og:image:height\" content=\"1745\" \/>\n\t<meta property=\"og:image:type\" content=\"image\/jpeg\" \/>\n<meta name=\"author\" content=\"editor_vergara\" \/>\n<meta name=\"twitter:card\" content=\"summary_large_image\" \/>\n<meta name=\"twitter:label1\" content=\"Escrito por\" \/>\n\t<meta name=\"twitter:data1\" content=\"editor_vergara\" \/>\n\t<meta name=\"twitter:label2\" content=\"Tiempo de lectura\" \/>\n\t<meta name=\"twitter:data2\" content=\"2 minutos\" \/>\n<script type=\"application\/ld+json\" class=\"yoast-schema-graph\">{\"@context\":\"https:\\\/\\\/schema.org\",\"@graph\":[{\"@type\":\"Article\",\"@id\":\"https:\\\/\\\/www.miguelvergara.com\\\/actualidad\\\/notas-de-prensa\\\/grupo-miguel-vergara-recibe-la-visita-de-una-agrupacion-de-empresarios-coreanos\\\/#article\",\"isPartOf\":{\"@id\":\"https:\\\/\\\/www.miguelvergara.com\\\/actualidad\\\/notas-de-prensa\\\/grupo-miguel-vergara-recibe-la-visita-de-una-agrupacion-de-empresarios-coreanos\\\/\"},\"author\":{\"name\":\"editor_vergara\",\"@id\":\"https:\\\/\\\/www.miguelvergara.com\\\/actualidad\\\/#\\\/schema\\\/person\\\/58692419afaba719680d26887ed694b3\"},\"headline\":\"Empresarios coreanos y Provacuno visitan nuestra finca de Salamanca\",\"datePublished\":\"2023-01-10T12:55:17+00:00\",\"dateModified\":\"2023-04-20T09:31:30+00:00\",\"mainEntityOfPage\":{\"@id\":\"https:\\\/\\\/www.miguelvergara.com\\\/actualidad\\\/notas-de-prensa\\\/grupo-miguel-vergara-recibe-la-visita-de-una-agrupacion-de-empresarios-coreanos\\\/\"},\"wordCount\":348,\"image\":{\"@id\":\"https:\\\/\\\/www.miguelvergara.com\\\/actualidad\\\/notas-de-prensa\\\/grupo-miguel-vergara-recibe-la-visita-de-una-agrupacion-de-empresarios-coreanos\\\/#primaryimage\"},\"thumbnailUrl\":\"https:\\\/\\\/www.miguelvergara.com\\\/actualidad\\\/wp-content\\\/uploads\\\/2023\\\/01\\\/090123-Visita-Importadores-1-scaled.jpg\",\"keywords\":[\"Aberdeen Angus\",\"apertura\",\"asia\",\"calidad\",\"carne\",\"Corea\",\"intercambio\",\"mercado\",\"permisos\",\"Provacuno\"],\"articleSection\":[\"Notas de prensa\"],\"inLanguage\":\"es\"},{\"@type\":\"WebPage\",\"@id\":\"https:\\\/\\\/www.miguelvergara.com\\\/actualidad\\\/notas-de-prensa\\\/grupo-miguel-vergara-recibe-la-visita-de-una-agrupacion-de-empresarios-coreanos\\\/\",\"url\":\"https:\\\/\\\/www.miguelvergara.com\\\/actualidad\\\/notas-de-prensa\\\/grupo-miguel-vergara-recibe-la-visita-de-una-agrupacion-de-empresarios-coreanos\\\/\",\"name\":\"Empresarios coreanos y Provacuno visitan nuestra finca de Salamanca - Blog\",\"isPartOf\":{\"@id\":\"https:\\\/\\\/www.miguelvergara.com\\\/actualidad\\\/#website\"},\"primaryImageOfPage\":{\"@id\":\"https:\\\/\\\/www.miguelvergara.com\\\/actualidad\\\/notas-de-prensa\\\/grupo-miguel-vergara-recibe-la-visita-de-una-agrupacion-de-empresarios-coreanos\\\/#primaryimage\"},\"image\":{\"@id\":\"https:\\\/\\\/www.miguelvergara.com\\\/actualidad\\\/notas-de-prensa\\\/grupo-miguel-vergara-recibe-la-visita-de-una-agrupacion-de-empresarios-coreanos\\\/#primaryimage\"},\"thumbnailUrl\":\"https:\\\/\\\/www.miguelvergara.com\\\/actualidad\\\/wp-content\\\/uploads\\\/2023\\\/01\\\/090123-Visita-Importadores-1-scaled.jpg\",\"datePublished\":\"2023-01-10T12:55:17+00:00\",\"dateModified\":\"2023-04-20T09:31:30+00:00\",\"author\":{\"@id\":\"https:\\\/\\\/www.miguelvergara.com\\\/actualidad\\\/#\\\/schema\\\/person\\\/58692419afaba719680d26887ed694b3\"},\"description\":\"Una delegaci\u00f3n de empresarios coreanos y Provacuno visitan nuestras instalaciones en Salamanca ante la posible pr\u00f3xima apertura de ese mercado asi\u00e1tico para los productos espa\u00f1oles.\",\"breadcrumb\":{\"@id\":\"https:\\\/\\\/www.miguelvergara.com\\\/actualidad\\\/notas-de-prensa\\\/grupo-miguel-vergara-recibe-la-visita-de-una-agrupacion-de-empresarios-coreanos\\\/#breadcrumb\"},\"inLanguage\":\"es\",\"potentialAction\":[{\"@type\":\"ReadAction\",\"target\":[\"https:\\\/\\\/www.miguelvergara.com\\\/actualidad\\\/notas-de-prensa\\\/grupo-miguel-vergara-recibe-la-visita-de-una-agrupacion-de-empresarios-coreanos\\\/\"]}]},{\"@type\":\"ImageObject\",\"inLanguage\":\"es\",\"@id\":\"https:\\\/\\\/www.miguelvergara.com\\\/actualidad\\\/notas-de-prensa\\\/grupo-miguel-vergara-recibe-la-visita-de-una-agrupacion-de-empresarios-coreanos\\\/#primaryimage\",\"url\":\"https:\\\/\\\/www.miguelvergara.com\\\/actualidad\\\/wp-content\\\/uploads\\\/2023\\\/01\\\/090123-Visita-Importadores-1-scaled.jpg\",\"contentUrl\":\"https:\\\/\\\/www.miguelvergara.com\\\/actualidad\\\/wp-content\\\/uploads\\\/2023\\\/01\\\/090123-Visita-Importadores-1-scaled.jpg\",\"width\":2560,\"height\":1745},{\"@type\":\"BreadcrumbList\",\"@id\":\"https:\\\/\\\/www.miguelvergara.com\\\/actualidad\\\/notas-de-prensa\\\/grupo-miguel-vergara-recibe-la-visita-de-una-agrupacion-de-empresarios-coreanos\\\/#breadcrumb\",\"itemListElement\":[{\"@type\":\"ListItem\",\"position\":1,\"name\":\"Portada\",\"item\":\"https:\\\/\\\/www.miguelvergara.com\\\/actualidad\\\/\"},{\"@type\":\"ListItem\",\"position\":2,\"name\":\"Empresarios coreanos y Provacuno visitan nuestra finca de Salamanca\"}]},{\"@type\":\"WebSite\",\"@id\":\"https:\\\/\\\/www.miguelvergara.com\\\/actualidad\\\/#website\",\"url\":\"https:\\\/\\\/www.miguelvergara.com\\\/actualidad\\\/\",\"name\":\"Blog\",\"description\":\"\",\"potentialAction\":[{\"@type\":\"SearchAction\",\"target\":{\"@type\":\"EntryPoint\",\"urlTemplate\":\"https:\\\/\\\/www.miguelvergara.com\\\/actualidad\\\/?s={search_term_string}\"},\"query-input\":{\"@type\":\"PropertyValueSpecification\",\"valueRequired\":true,\"valueName\":\"search_term_string\"}}],\"inLanguage\":\"es\"},{\"@type\":\"Person\",\"@id\":\"https:\\\/\\\/www.miguelvergara.com\\\/actualidad\\\/#\\\/schema\\\/person\\\/58692419afaba719680d26887ed694b3\",\"name\":\"editor_vergara\"}]}<\/script>\n<!-- \/ Yoast SEO plugin. -->","yoast_head_json":{"title":"Empresarios coreanos y Provacuno visitan nuestra finca de Salamanca - Blog","description":"Una delegaci\u00f3n de empresarios coreanos y Provacuno visitan nuestras instalaciones en Salamanca ante la posible pr\u00f3xima apertura de ese mercado asi\u00e1tico para los productos espa\u00f1oles.","robots":{"index":"index","follow":"follow","max-snippet":"max-snippet:-1","max-image-preview":"max-image-preview:large","max-video-preview":"max-video-preview:-1"},"canonical":"https:\/\/www.miguelvergara.com\/actualidad\/notas-de-prensa\/grupo-miguel-vergara-recibe-la-visita-de-una-agrupacion-de-empresarios-coreanos\/","og_locale":"es_ES","og_type":"article","og_title":"Empresarios coreanos y Provacuno visitan nuestra finca de Salamanca - Blog","og_description":"Una delegaci\u00f3n de empresarios coreanos y Provacuno visitan nuestras instalaciones en Salamanca ante la posible pr\u00f3xima apertura de ese mercado asi\u00e1tico para los productos espa\u00f1oles.","og_url":"https:\/\/www.miguelvergara.com\/actualidad\/notas-de-prensa\/grupo-miguel-vergara-recibe-la-visita-de-una-agrupacion-de-empresarios-coreanos\/","og_site_name":"Blog","article_published_time":"2023-01-10T12:55:17+00:00","article_modified_time":"2023-04-20T09:31:30+00:00","og_image":[{"width":2560,"height":1745,"url":"https:\/\/www.miguelvergara.com\/actualidad\/wp-content\/uploads\/2023\/01\/090123-Visita-Importadores-1-scaled.jpg","type":"image\/jpeg"}],"author":"editor_vergara","twitter_card":"summary_large_image","twitter_misc":{"Escrito por":"editor_vergara","Tiempo de lectura":"2 minutos"},"schema":{"@context":"https:\/\/schema.org","@graph":[{"@type":"Article","@id":"https:\/\/www.miguelvergara.com\/actualidad\/notas-de-prensa\/grupo-miguel-vergara-recibe-la-visita-de-una-agrupacion-de-empresarios-coreanos\/#article","isPartOf":{"@id":"https:\/\/www.miguelvergara.com\/actualidad\/notas-de-prensa\/grupo-miguel-vergara-recibe-la-visita-de-una-agrupacion-de-empresarios-coreanos\/"},"author":{"name":"editor_vergara","@id":"https:\/\/www.miguelvergara.com\/actualidad\/#\/schema\/person\/58692419afaba719680d26887ed694b3"},"headline":"Empresarios coreanos y Provacuno visitan nuestra finca de Salamanca","datePublished":"2023-01-10T12:55:17+00:00","dateModified":"2023-04-20T09:31:30+00:00","mainEntityOfPage":{"@id":"https:\/\/www.miguelvergara.com\/actualidad\/notas-de-prensa\/grupo-miguel-vergara-recibe-la-visita-de-una-agrupacion-de-empresarios-coreanos\/"},"wordCount":348,"image":{"@id":"https:\/\/www.miguelvergara.com\/actualidad\/notas-de-prensa\/grupo-miguel-vergara-recibe-la-visita-de-una-agrupacion-de-empresarios-coreanos\/#primaryimage"},"thumbnailUrl":"https:\/\/www.miguelvergara.com\/actualidad\/wp-content\/uploads\/2023\/01\/090123-Visita-Importadores-1-scaled.jpg","keywords":["Aberdeen Angus","apertura","asia","calidad","carne","Corea","intercambio","mercado","permisos","Provacuno"],"articleSection":["Notas de prensa"],"inLanguage":"es"},{"@type":"WebPage","@id":"https:\/\/www.miguelvergara.com\/actualidad\/notas-de-prensa\/grupo-miguel-vergara-recibe-la-visita-de-una-agrupacion-de-empresarios-coreanos\/","url":"https:\/\/www.miguelvergara.com\/actualidad\/notas-de-prensa\/grupo-miguel-vergara-recibe-la-visita-de-una-agrupacion-de-empresarios-coreanos\/","name":"Empresarios coreanos y Provacuno visitan nuestra finca de Salamanca - Blog","isPartOf":{"@id":"https:\/\/www.miguelvergara.com\/actualidad\/#website"},"primaryImageOfPage":{"@id":"https:\/\/www.miguelvergara.com\/actualidad\/notas-de-prensa\/grupo-miguel-vergara-recibe-la-visita-de-una-agrupacion-de-empresarios-coreanos\/#primaryimage"},"image":{"@id":"https:\/\/www.miguelvergara.com\/actualidad\/notas-de-prensa\/grupo-miguel-vergara-recibe-la-visita-de-una-agrupacion-de-empresarios-coreanos\/#primaryimage"},"thumbnailUrl":"https:\/\/www.miguelvergara.com\/actualidad\/wp-content\/uploads\/2023\/01\/090123-Visita-Importadores-1-scaled.jpg","datePublished":"2023-01-10T12:55:17+00:00","dateModified":"2023-04-20T09:31:30+00:00","author":{"@id":"https:\/\/www.miguelvergara.com\/actualidad\/#\/schema\/person\/58692419afaba719680d26887ed694b3"},"description":"Una delegaci\u00f3n de empresarios coreanos y Provacuno visitan nuestras instalaciones en Salamanca ante la posible pr\u00f3xima apertura de ese mercado asi\u00e1tico para los productos espa\u00f1oles.","breadcrumb":{"@id":"https:\/\/www.miguelvergara.com\/actualidad\/notas-de-prensa\/grupo-miguel-vergara-recibe-la-visita-de-una-agrupacion-de-empresarios-coreanos\/#breadcrumb"},"inLanguage":"es","potentialAction":[{"@type":"ReadAction","target":["https:\/\/www.miguelvergara.com\/actualidad\/notas-de-prensa\/grupo-miguel-vergara-recibe-la-visita-de-una-agrupacion-de-empresarios-coreanos\/"]}]},{"@type":"ImageObject","inLanguage":"es","@id":"https:\/\/www.miguelvergara.com\/actualidad\/notas-de-prensa\/grupo-miguel-vergara-recibe-la-visita-de-una-agrupacion-de-empresarios-coreanos\/#primaryimage","url":"https:\/\/www.miguelvergara.com\/actualidad\/wp-content\/uploads\/2023\/01\/090123-Visita-Importadores-1-scaled.jpg","contentUrl":"https:\/\/www.miguelvergara.com\/actualidad\/wp-content\/uploads\/2023\/01\/090123-Visita-Importadores-1-scaled.jpg","width":2560,"height":1745},{"@type":"BreadcrumbList","@id":"https:\/\/www.miguelvergara.com\/actualidad\/notas-de-prensa\/grupo-miguel-vergara-recibe-la-visita-de-una-agrupacion-de-empresarios-coreanos\/#breadcrumb","itemListElement":[{"@type":"ListItem","position":1,"name":"Portada","item":"https:\/\/www.miguelvergara.com\/actualidad\/"},{"@type":"ListItem","position":2,"name":"Empresarios coreanos y Provacuno visitan nuestra finca de Salamanca"}]},{"@type":"WebSite","@id":"https:\/\/www.miguelvergara.com\/actualidad\/#website","url":"https:\/\/www.miguelvergara.com\/actualidad\/","name":"Blog","description":"","potentialAction":[{"@type":"SearchAction","target":{"@type":"EntryPoint","urlTemplate":"https:\/\/www.miguelvergara.com\/actualidad\/?s={search_term_string}"},"query-input":{"@type":"PropertyValueSpecification","valueRequired":true,"valueName":"search_term_string"}}],"inLanguage":"es"},{"@type":"Person","@id":"https:\/\/www.miguelvergara.com\/actualidad\/#\/schema\/person\/58692419afaba719680d26887ed694b3","name":"editor_vergara"}]}},"_links":{"self":[{"href":"https:\/\/www.miguelvergara.com\/actualidad\/wp-json\/wp\/v2\/posts\/9325","targetHints":{"allow":["GET"]}}],"collection":[{"href":"https:\/\/www.miguelvergara.com\/actualidad\/wp-json\/wp\/v2\/posts"}],"about":[{"href":"https:\/\/www.miguelvergara.com\/actualidad\/wp-json\/wp\/v2\/types\/post"}],"author":[{"embeddable":true,"href":"https:\/\/www.miguelvergara.com\/actualidad\/wp-json\/wp\/v2\/users\/3"}],"replies":[{"embeddable":true,"href":"https:\/\/www.miguelvergara.com\/actualidad\/wp-json\/wp\/v2\/comments?post=9325"}],"version-history":[{"count":8,"href":"https:\/\/www.miguelvergara.com\/actualidad\/wp-json\/wp\/v2\/posts\/9325\/revisions"}],"predecessor-version":[{"id":9627,"href":"https:\/\/www.miguelvergara.com\/actualidad\/wp-json\/wp\/v2\/posts\/9325\/revisions\/9627"}],"wp:featuredmedia":[{"embeddable":true,"href":"https:\/\/www.miguelvergara.com\/actualidad\/wp-json\/wp\/v2\/media\/9332"}],"wp:attachment":[{"href":"https:\/\/www.miguelvergara.com\/actualidad\/wp-json\/wp\/v2\/media?parent=9325"}],"wp:term":[{"taxonomy":"category","embeddable":true,"href":"https:\/\/www.miguelvergara.com\/actualidad\/wp-json\/wp\/v2\/categories?post=9325"},{"taxonomy":"post_tag","embeddable":true,"href":"https:\/\/www.miguelvergara.com\/actualidad\/wp-json\/wp\/v2\/tags?post=9325"}],"curies":[{"name":"wp","href":"https:\/\/api.w.org\/{rel}","templated":true}]}}