{"id":9346,"date":"2023-01-12T09:33:11","date_gmt":"2023-01-12T08:33:11","guid":{"rendered":"https:\/\/www.miguelvergara.com\/actualidad\/?p=9346"},"modified":"2026-03-16T11:44:16","modified_gmt":"2026-03-16T10:44:16","slug":"cortes-carne-vacuno-economicos-para-ahorrar","status":"publish","type":"post","link":"https:\/\/www.miguelvergara.com\/actualidad\/blog\/cortes-carne-vacuno-economicos-para-ahorrar\/","title":{"rendered":"5 cortes econ\u00f3micos de carne de vacuno para ahorrar en la cuesta de enero"},"content":{"rendered":"\n<p>Una vez que ha finalizado la Navidad y llega el mes de enero, desde <strong>Grupo Miguel Vergara<\/strong> queremos proponeros <strong>5 cortes de carne de vacuno econ\u00f3micos para recuperar la vuelta a la rutina. <\/strong>Y es que el comienzo de a\u00f1o es una \u00e9poca en la que, tradicionalmente, se suele cuidar m\u00e1s la econom\u00eda familiar. No obstante, esto no debe implicar abandonar los buenos h\u00e1bitos alimentarios, especialmente en lo que respecta a la selecci\u00f3n de los productos m\u00e1s adecuados en calidad para nuestras recetas.<\/p>\n\n\n\n<p>Por eso, <strong><a title=\"Comprar carne premium\" href=\"https:\/\/www.miguelvergara.com\/tienda\/\">comprar carne premium<\/a><\/strong> <strong>Miguel Vergara<\/strong> <strong>Angus<\/strong> nos va a permitir cuidarnos en nuestra dieta mientras mantenemos la excelencia de lo que consumimos\u2026 y siempre ajustando nuestro presupuesto tras los excesivos gastos navide\u00f1os que pudi\u00e9ramos haber realizado.<\/p>\n\n\n\n<figure class=\"wp-block-image size-large\"><img loading=\"lazy\" decoding=\"async\" width=\"987\" height=\"717\" src=\"https:\/\/www.miguelvergara.com\/actualidad\/wp-content\/uploads\/2023\/01\/redondo-cortes-de-carne-de-vacuno-economicos.jpg\" alt=\"5 cortes de carne de vacuno economicos\" class=\"wp-image-9357\" srcset=\"https:\/\/www.miguelvergara.com\/actualidad\/wp-content\/uploads\/2023\/01\/redondo-cortes-de-carne-de-vacuno-economicos.jpg 987w, https:\/\/www.miguelvergara.com\/actualidad\/wp-content\/uploads\/2023\/01\/redondo-cortes-de-carne-de-vacuno-economicos-860x625.jpg 860w, https:\/\/www.miguelvergara.com\/actualidad\/wp-content\/uploads\/2023\/01\/redondo-cortes-de-carne-de-vacuno-economicos-768x558.jpg 768w\" sizes=\"auto, (max-width: 987px) 100vw, 987px\" \/><\/figure>\n\n\n\n<p>\u00bfQuieres ideas para tus pr\u00f3ximas recetas sin gastar demasiado en un alimento de vital importancia en la alimentaci\u00f3n como es nuestra carne de Angus? Presta atenci\u00f3n a nuestra siguiente selecci\u00f3n.<\/p>\n\n\n\n<h2 class=\"wp-block-heading\">Los cortes de carne m\u00e1s econ\u00f3micos para empezar bien el a\u00f1o<\/h2>\n\n\n\n<p>Aunque estamos convencidos de que en Navidad la carne ha formado parte de tu men\u00fa, no debemos olvidar mantener una buena dieta tambi\u00e9n durante el resto del a\u00f1o. Existen una gran variedad de <strong><a title=\"Cortes de carne de vacuno en Espa\u00f1a\" href=\"https:\/\/www.miguelvergara.com\/actualidad\/blog\/descubre-de-donde-procede-cada-corte-de-carne-de-vacuno\/\">cortes de carne de vacuno en Espa\u00f1a<\/a><\/strong> para poder preparar distintas recetas en funci\u00f3n de la \u00e9poca en la que nos encontremos. Por eso, en este caso, te vamos a proponer distintas opciones que seguro te encantar\u00e1n.<\/p>\n\n\n\n<p>Recuerda que su consumo habitual es muy importante para mantener una alimentaci\u00f3n sana y equilibrada ya que: aporta todos los nutrientes que necesitamos, es apropiado para todas las edades, resulta exquisito a tu paladar y nos ofrece much\u00edsimas posibilidades gastron\u00f3micas, entre otros motivos.<\/p>\n\n\n\n<p>Adem\u00e1s, para obtener esta carne excelsa es necesario preservar la relaci\u00f3n entre el cuidado de los animales y su entorno. Por ello, no solamente somos la primera empresa c\u00e1rnica en obtener el certificado de Bienestar Animal en toda nuestra cadena productiva, sino que tambi\u00e9n seguimos un conjunto de estrictas Buenas Pr\u00e1cticas Medioambientales marcadas por <strong><a title=\"Provacuno\" rel=\"noreferrer noopener nofollow\" href=\"http:\/\/www.provacuno.es\/\" target=\"_blank\">Provacuno<\/a><\/strong>, la Interprofesional C\u00e1rnica de Vacuno de nuestro pa\u00eds.<\/p>\n\n\n\n<p>Y aunque este producto debe seguir formando parte de nuestro recetario, sabemos que la cuesta de enero puede llegar a ser complicada para la econom\u00eda de muchos hogares. Por eso aqu\u00ed va nuestra selecci\u00f3n de los <strong>5 cortes de carne de vacuno m\u00e1s econ\u00f3micos y deliciosos<\/strong> para ahorrar en el comienzo del a\u00f1o.<\/p>\n\n\n\n<h3 class=\"wp-block-heading\">1. Ossobuco<\/h3>\n\n\n\n<p>Ya sea para emplearlo en la <strong><a title=\"Fondos para recetas\" href=\"https:\/\/www.miguelvergara.com\/actualidad\/blog\/el-secreto-de-un-plato-estrella-los-fondos\/\">elaboraci\u00f3n de fondos en tus platos<\/a><\/strong>, cocinarlo en un irresistible asado al horno cortado en rodajas o prepararlo en deliciosos guisos, el <strong><a title=\"Ossobuco Angus\" href=\"https:\/\/www.miguelvergara.com\/tienda\/ossobuco-angus-n79\/\">Ossobuco Angus<\/a> <\/strong>es un <em>\u201cmust\u201d<\/em> en esta lista debido a su gelatinosidad.<\/p>\n\n\n\n<figure class=\"wp-block-image size-large\"><img loading=\"lazy\" decoding=\"async\" width=\"987\" height=\"717\" src=\"https:\/\/www.miguelvergara.com\/actualidad\/wp-content\/uploads\/2023\/01\/ossobuco.jpg\" alt=\"ossobuco corte carne vacuno economico\" class=\"wp-image-9351\" srcset=\"https:\/\/www.miguelvergara.com\/actualidad\/wp-content\/uploads\/2023\/01\/ossobuco.jpg 987w, https:\/\/www.miguelvergara.com\/actualidad\/wp-content\/uploads\/2023\/01\/ossobuco-860x625.jpg 860w, https:\/\/www.miguelvergara.com\/actualidad\/wp-content\/uploads\/2023\/01\/ossobuco-768x558.jpg 768w\" sizes=\"auto, (max-width: 987px) 100vw, 987px\" \/><\/figure>\n\n\n\n<p>Este corte longitudinal procede de la parte baja de las patas delanteras y traseras del animal (morcillo), que es precisamente donde basa su exquisito sabor. Su grosor no es totalmente cil\u00edndrico, ya que se estrecha en la parte inferior, mientras que se ensancha en la parte de arriba.<\/p>\n\n\n\n<p>Su terminolog\u00eda procede del italiano \u201cOsso Buco\u201d, lo que traducimos como \u201cHueso Hueco\u201d, aunque ofrecemos la pieza sin retirar el hueso para que al cocinarlo podamos extraer todos sus matices, aprovechando las muchas posibilidades gastron\u00f3micas que ofrece.<\/p>\n\n\n\n<h3 class=\"wp-block-heading\">2. Picanha<\/h3>\n\n\n\n<p>La <strong><a title=\"Pica\u00f1a\" href=\"https:\/\/www.miguelvergara.com\/tienda\/picanha-angus-n64\/\">pica\u00f1a<\/a> de Angus <\/strong>es un <strong>corte de vacuno<\/strong> tradicional brasile\u00f1o, tambi\u00e9n conocido como tapilla, que admite m\u00faltiples variantes a la hora de preparar tu receta. Este afamado corte procede de la punta m\u00e1s tierna de la contra; es decir, la parte inferior de la parte trasera del Angus. <\/p>\n\n\n\n<p>Gracias a su fina capa de grasa blanca que cubre uno de sus lados, permite que su sabor se manifieste con mayor intensidad con respecto a otros cortes. Esto le confiere su caracter\u00edstica fundamental, su gran jugosidad<\/p>\n\n\n\n<figure class=\"wp-block-image size-large\"><img loading=\"lazy\" decoding=\"async\" width=\"987\" height=\"717\" src=\"https:\/\/www.miguelvergara.com\/actualidad\/wp-content\/uploads\/2023\/01\/picanha.jpg\" alt=\"picanha\" class=\"wp-image-9354\" srcset=\"https:\/\/www.miguelvergara.com\/actualidad\/wp-content\/uploads\/2023\/01\/picanha.jpg 987w, https:\/\/www.miguelvergara.com\/actualidad\/wp-content\/uploads\/2023\/01\/picanha-860x625.jpg 860w, https:\/\/www.miguelvergara.com\/actualidad\/wp-content\/uploads\/2023\/01\/picanha-768x558.jpg 768w\" sizes=\"auto, (max-width: 987px) 100vw, 987px\" \/><\/figure>\n\n\n\n<p>As\u00ed, ya sea al horno, a la sart\u00e9n, a la plancha e incluso a la parrilla, \u00e9sta es una pieza irresistible para elaborar distintas formas de preparaci\u00f3n gracias a su sabor intenso y su grasa infiltrada. Ideal tanto para preparar asados en los meses de bajas temperaturas como para incorporar en una irresistible velada veraniega cuando queramos<strong> <a title=\"Hacer barbacoa perfecta\" href=\"https:\/\/www.miguelvergara.com\/actualidad\/blog\/como-hacer-una-barbacoa-perfecta\/\">hacer una barbacoa perfecta<\/a>.<\/strong><\/p>\n\n\n\n<p>Prueba de ello es que a ning\u00fan chef mundial amante de la <strong>carne premium<\/strong> se le resiste y es que, a pesar de su procedencia brasile\u00f1a tambi\u00e9n lo encontramos en las cl\u00e1sicas parrillas argentinas y uruguayas. Y, por supuesto, entre nuestros queridos fogones espa\u00f1oles, sin importar si se trata de incorporarlo en la carta de los mejores restaurantes o preparar una receta especial en los hogares de paladar m\u00e1s exquisito. Uno de los <strong>5 cortes de carne de vacuno econ\u00f3micos <\/strong>y deliciosos.<\/p>\n\n\n\n<h3 class=\"wp-block-heading\">3. Redondo<\/h3>\n\n\n\n<p>Siguiendo con la idea de preparar platos bien calentitos para afrontar el fin del invierno, el <strong><a title=\"Redondo Angus\" href=\"https:\/\/www.miguelvergara.com\/tienda\/redondo-angus-n65\/\">Redondo Angus<\/a> <\/strong>es uno de los <strong>cortes de carne <\/strong>m\u00e1s conocidos y apropiados para esta \u00e9poca, y no solo durante Navidad. Su secreto es la gran versatilidad que nos aporta a la hora de preparar distintos platos debido a sus caracter\u00edsticas.<\/p>\n\n\n\n<figure class=\"wp-block-image size-large\"><img loading=\"lazy\" decoding=\"async\" width=\"987\" height=\"717\" src=\"https:\/\/www.miguelvergara.com\/actualidad\/wp-content\/uploads\/2023\/01\/redondo-angus.jpg\" alt=\"redondo corte carne vacuno economico\" class=\"wp-image-9355\" srcset=\"https:\/\/www.miguelvergara.com\/actualidad\/wp-content\/uploads\/2023\/01\/redondo-angus.jpg 987w, https:\/\/www.miguelvergara.com\/actualidad\/wp-content\/uploads\/2023\/01\/redondo-angus-860x625.jpg 860w, https:\/\/www.miguelvergara.com\/actualidad\/wp-content\/uploads\/2023\/01\/redondo-angus-768x558.jpg 768w\" sizes=\"auto, (max-width: 987px) 100vw, 987px\" \/><\/figure>\n\n\n\n<p>Destaca por ser una pieza sin nervios, con poca grasa y muy tierna, lo que otorga much\u00edsima variedad a la hora de incorporar en nuestro recetario: asados, guisos, mechados, en <strong><a title=\"Platos con carne picada\" href=\"https:\/\/www.miguelvergara.com\/actualidad\/blog\/platos-sabrosos-con-carne-picada\/\">deliciosos platos con carne picada<\/a> e incluso hamburguesas gourmet<\/strong>. M\u00faltiples opciones en su elaboraci\u00f3n para una <strong>carne Angus<\/strong> sabrosa y de una terneza sin igual. Y si decides innovar en la cocina, al cortarlo fino puede ser tambi\u00e9n una alternativa fabulosa para tu carpaccio.<\/p>\n\n\n\n<h3 class=\"wp-block-heading\">4. Solomillo del carnicero<\/h3>\n\n\n\n<p>Este conocido <strong>corte de carne econ\u00f3mico de vacuno <\/strong>es, en realidad, el <strong><a title=\"Solomillo del carnicero\" href=\"https:\/\/www.miguelvergara.com\/tienda\/pez-angus-n80\/\">pez Angus<\/a><\/strong>: una pieza limpia de nervio, alargada, muy jugosa y tierna que proviene del m\u00fasculo de la res y que est\u00e1 ubicado en su parte lateral, anterior de la espaldilla.<\/p>\n\n\n\n<figure class=\"wp-block-image size-large\"><img loading=\"lazy\" decoding=\"async\" width=\"987\" height=\"717\" src=\"https:\/\/www.miguelvergara.com\/actualidad\/wp-content\/uploads\/2023\/01\/solomillo-del-carnicero.jpg\" alt=\"solomillo del carnicero\" class=\"wp-image-9352\" srcset=\"https:\/\/www.miguelvergara.com\/actualidad\/wp-content\/uploads\/2023\/01\/solomillo-del-carnicero.jpg 987w, https:\/\/www.miguelvergara.com\/actualidad\/wp-content\/uploads\/2023\/01\/solomillo-del-carnicero-860x625.jpg 860w, https:\/\/www.miguelvergara.com\/actualidad\/wp-content\/uploads\/2023\/01\/solomillo-del-carnicero-768x558.jpg 768w\" sizes=\"auto, (max-width: 987px) 100vw, 987px\" \/><\/figure>\n\n\n\n<p>Por eso se le conoce tambi\u00e9n como <strong>redondo de la espalda<\/strong> o <strong>\u201cca\u00f1\u00f3n\u201d de la espaldilla<\/strong>. Incluso con otros nombres mucho m\u00e1s coloquiales como <strong>\u201cfalso solomillo\u201d<\/strong> o <strong>\u201cfilete del carnicero<\/strong>\u201d. Esto es debido a que, aunque no se experimenta la misma sensaci\u00f3n gastron\u00f3mica en cuanto a textura y terneza, s\u00ed que se asemeja bastante al solomillo tradicional, especialmente por su forma.<\/p>\n\n\n\n<p>No obstante, posee extraordinarias caracter\u00edsticas culinarias que no podr\u00e1s rechazar. Cocinarlo con su nervio central es un aliciente perfecto para <strong>recetas al horno o para incorporar en guisos<\/strong>, porque extiende su gelatina a la pieza y le confiere gran melosidad y jugosidad.<\/p>\n\n\n\n<h3 class=\"wp-block-heading\">5. Tira de vac\u00edo<\/h3>\n\n\n\n<p>Por \u00faltimo, la <strong><a title=\"Tira de vac\u00edo\" href=\"https:\/\/www.miguelvergara.com\/tienda\/tira-de-vacio-bavette-n50\/\">tira de vac\u00edo<\/a><\/strong> es un <strong>corte de vacuno<\/strong> perfecto para cocinar a la plancha o a la parrilla. Procedente de la falda del animal y con muchas posibilidades culinarias, recuerda a la entra\u00f1a por sus similares matices, aunque la <strong>bavette<\/strong>, como tambi\u00e9n se conoce a esta pieza, posee una fibra m\u00e1s fina.<\/p>\n\n\n\n<figure class=\"wp-block-image size-large\"><img loading=\"lazy\" decoding=\"async\" width=\"987\" height=\"717\" src=\"https:\/\/www.miguelvergara.com\/actualidad\/wp-content\/uploads\/2023\/01\/tira-de-vacio.jpg\" alt=\"tira de vacio bavette\" class=\"wp-image-9356\" srcset=\"https:\/\/www.miguelvergara.com\/actualidad\/wp-content\/uploads\/2023\/01\/tira-de-vacio.jpg 987w, https:\/\/www.miguelvergara.com\/actualidad\/wp-content\/uploads\/2023\/01\/tira-de-vacio-860x625.jpg 860w, https:\/\/www.miguelvergara.com\/actualidad\/wp-content\/uploads\/2023\/01\/tira-de-vacio-768x558.jpg 768w\" sizes=\"auto, (max-width: 987px) 100vw, 987px\" \/><\/figure>\n\n\n\n<p>Para aprovechar al m\u00e1ximo las condiciones de terneza y melosidad de esta parte parrillera del Angus, debe cortarse desde la parte gruesa a la delgada y al bies, con lo que incrementaremos de esa forma su textura y as\u00ed se puede apreciar al completo su sabor.<\/p>\n\n\n\n<h2 class=\"wp-block-heading\">Aprovecha nuestras promociones para comprar carne de Angus al mejor precio<\/h2>\n\n\n\n<p>Como puedes comprobar, los <strong>5 cortes de carne de vacuno m\u00e1s econ\u00f3micos<\/strong> para afrontar la cuesta de enero tambi\u00e9n son perfectos para incorporar a tus recetas. Ten en cuenta que debemos seguir cuidando la dieta tambi\u00e9n de forma semanal a lo largo de todo el calendario, tal y como te comentamos en su momento cuando hablamos de las <strong><a title=\"10 razones para comer carne todo el a\u00f1o\" href=\"https:\/\/www.miguelvergara.com\/actualidad\/blog\/10-razones-para-comer-carne-durante-todo-el-ano\/\">10 razones para comer carne durante todo el a\u00f1o<\/a><\/strong>. Por ello, debe ser un producto m\u00e1s en los men\u00fas semanales, y gracias a nuestra lista podr\u00e1s optar por alguna de estas piezas que se ajustan a tu presupuesto.<\/p>\n\n\n\n<p>\u00bfY si no os pod\u00e9is resistir a adquirir alguno de nuestros cortes m\u00e1s tradicionales? Pues tambi\u00e9n pod\u00e9is comprar en nuestra <strong>tienda de carne online<\/strong> grandes <strong>ofertas en<\/strong> <strong><a title=\"Packs de carne ahorro\" href=\"https:\/\/www.miguelvergara.com\/tienda\/packs\/\">packs de carne de vacuno para ahorrar<\/a> <\/strong>si vais a ser varios comensales. En Miguel Vergara hemos preparado cuidadosamente una selecci\u00f3n concreta de lotes que incluyen los mejores manjares que ponemos a tu disposici\u00f3n. Solomillo, chuleta, medall\u00f3n\u2026 \u00a1Y todos con descuentos!<\/p>\n\n\n\n<p>La cuesta de enero es menor si tienes carne Miguel Vergara para disfrutar en tus recetas.<\/p>\n","protected":false},"excerpt":{"rendered":"<p>Una vez que ha finalizado la Navidad y llega el mes de enero, desde Grupo Miguel Vergara queremos proponeros 5 cortes de carne de vacuno econ\u00f3micos para recuperar la vuelta a la rutina. Y es que el comienzo de a\u00f1o es una \u00e9poca en la que, tradicionalmente, se suele cuidar m\u00e1s la econom\u00eda familiar. No [&hellip;]<\/p>\n","protected":false},"author":2,"featured_media":9349,"comment_status":"closed","ping_status":"closed","sticky":false,"template":"","format":"standard","meta":{"footnotes":""},"categories":[2,570],"tags":[],"class_list":["post-9346","post","type-post","status-publish","format-standard","has-post-thumbnail","hentry","category-blog","category-guias-eleccion-nutricion-vacuno"],"yoast_head":"<!-- This site is optimized with the Yoast SEO plugin v27.4 - https:\/\/yoast.com\/product\/yoast-seo-wordpress\/ -->\n<title>Los 5 cortes de carne de vacuno m\u00e1s econ\u00f3micos - Grupo Miguel Vergara<\/title>\n<meta name=\"description\" content=\"Te mostramos los 5 cortes de carne de vacuno econ\u00f3micos que te ayuden a ahorrar durante esta cuesta de enero. Inigualable calidad-precio\" \/>\n<meta name=\"robots\" content=\"index, follow, max-snippet:-1, max-image-preview:large, max-video-preview:-1\" \/>\n<link rel=\"canonical\" href=\"https:\/\/www.miguelvergara.com\/actualidad\/blog\/cortes-carne-vacuno-economicos-para-ahorrar\/\" \/>\n<meta property=\"og:locale\" content=\"es_ES\" \/>\n<meta property=\"og:type\" content=\"article\" \/>\n<meta property=\"og:title\" content=\"Los 5 cortes de carne de vacuno m\u00e1s econ\u00f3micos - Grupo Miguel Vergara\" \/>\n<meta property=\"og:description\" content=\"Te mostramos los 5 cortes de carne de vacuno econ\u00f3micos que te ayuden a ahorrar durante esta cuesta de enero. Inigualable calidad-precio\" \/>\n<meta property=\"og:url\" content=\"https:\/\/www.miguelvergara.com\/actualidad\/blog\/cortes-carne-vacuno-economicos-para-ahorrar\/\" \/>\n<meta property=\"og:site_name\" content=\"Blog\" \/>\n<meta property=\"article:published_time\" content=\"2023-01-12T08:33:11+00:00\" \/>\n<meta property=\"article:modified_time\" content=\"2026-03-16T10:44:16+00:00\" \/>\n<meta property=\"og:image\" content=\"https:\/\/www.miguelvergara.com\/actualidad\/wp-content\/uploads\/2023\/01\/cortes-de-carne-economicos-listado.jpg\" \/>\n\t<meta property=\"og:image:width\" content=\"860\" \/>\n\t<meta property=\"og:image:height\" content=\"500\" \/>\n\t<meta property=\"og:image:type\" content=\"image\/jpeg\" \/>\n<meta name=\"author\" content=\"editor_digival\" \/>\n<meta name=\"twitter:card\" content=\"summary_large_image\" \/>\n<meta name=\"twitter:label1\" content=\"Escrito por\" \/>\n\t<meta name=\"twitter:data1\" content=\"editor_digival\" \/>\n\t<meta name=\"twitter:label2\" content=\"Tiempo de lectura\" \/>\n\t<meta name=\"twitter:data2\" content=\"7 minutos\" \/>\n<script type=\"application\/ld+json\" class=\"yoast-schema-graph\">{\"@context\":\"https:\\\/\\\/schema.org\",\"@graph\":[{\"@type\":\"Article\",\"@id\":\"https:\\\/\\\/www.miguelvergara.com\\\/actualidad\\\/blog\\\/cortes-carne-vacuno-economicos-para-ahorrar\\\/#article\",\"isPartOf\":{\"@id\":\"https:\\\/\\\/www.miguelvergara.com\\\/actualidad\\\/blog\\\/cortes-carne-vacuno-economicos-para-ahorrar\\\/\"},\"author\":{\"name\":\"editor_digival\",\"@id\":\"https:\\\/\\\/www.miguelvergara.com\\\/actualidad\\\/#\\\/schema\\\/person\\\/e68ceba8360bde19f1494aa7acbd48ef\"},\"headline\":\"5 cortes econ\u00f3micos de carne de vacuno para ahorrar en la cuesta de enero\",\"datePublished\":\"2023-01-12T08:33:11+00:00\",\"dateModified\":\"2026-03-16T10:44:16+00:00\",\"mainEntityOfPage\":{\"@id\":\"https:\\\/\\\/www.miguelvergara.com\\\/actualidad\\\/blog\\\/cortes-carne-vacuno-economicos-para-ahorrar\\\/\"},\"wordCount\":1423,\"image\":{\"@id\":\"https:\\\/\\\/www.miguelvergara.com\\\/actualidad\\\/blog\\\/cortes-carne-vacuno-economicos-para-ahorrar\\\/#primaryimage\"},\"thumbnailUrl\":\"https:\\\/\\\/www.miguelvergara.com\\\/actualidad\\\/wp-content\\\/uploads\\\/2023\\\/01\\\/cortes-de-carne-economicos-listado.jpg\",\"articleSection\":[\"Blog\",\"Gu\u00edas de elecci\u00f3n y nutrici\u00f3n del vacuno\"],\"inLanguage\":\"es\"},{\"@type\":\"WebPage\",\"@id\":\"https:\\\/\\\/www.miguelvergara.com\\\/actualidad\\\/blog\\\/cortes-carne-vacuno-economicos-para-ahorrar\\\/\",\"url\":\"https:\\\/\\\/www.miguelvergara.com\\\/actualidad\\\/blog\\\/cortes-carne-vacuno-economicos-para-ahorrar\\\/\",\"name\":\"Los 5 cortes de carne de vacuno m\u00e1s econ\u00f3micos - Grupo Miguel Vergara\",\"isPartOf\":{\"@id\":\"https:\\\/\\\/www.miguelvergara.com\\\/actualidad\\\/#website\"},\"primaryImageOfPage\":{\"@id\":\"https:\\\/\\\/www.miguelvergara.com\\\/actualidad\\\/blog\\\/cortes-carne-vacuno-economicos-para-ahorrar\\\/#primaryimage\"},\"image\":{\"@id\":\"https:\\\/\\\/www.miguelvergara.com\\\/actualidad\\\/blog\\\/cortes-carne-vacuno-economicos-para-ahorrar\\\/#primaryimage\"},\"thumbnailUrl\":\"https:\\\/\\\/www.miguelvergara.com\\\/actualidad\\\/wp-content\\\/uploads\\\/2023\\\/01\\\/cortes-de-carne-economicos-listado.jpg\",\"datePublished\":\"2023-01-12T08:33:11+00:00\",\"dateModified\":\"2026-03-16T10:44:16+00:00\",\"author\":{\"@id\":\"https:\\\/\\\/www.miguelvergara.com\\\/actualidad\\\/#\\\/schema\\\/person\\\/e68ceba8360bde19f1494aa7acbd48ef\"},\"description\":\"Te mostramos los 5 cortes de carne de vacuno econ\u00f3micos que te ayuden a ahorrar durante esta cuesta de enero. Inigualable calidad-precio\",\"breadcrumb\":{\"@id\":\"https:\\\/\\\/www.miguelvergara.com\\\/actualidad\\\/blog\\\/cortes-carne-vacuno-economicos-para-ahorrar\\\/#breadcrumb\"},\"inLanguage\":\"es\",\"potentialAction\":[{\"@type\":\"ReadAction\",\"target\":[\"https:\\\/\\\/www.miguelvergara.com\\\/actualidad\\\/blog\\\/cortes-carne-vacuno-economicos-para-ahorrar\\\/\"]}]},{\"@type\":\"ImageObject\",\"inLanguage\":\"es\",\"@id\":\"https:\\\/\\\/www.miguelvergara.com\\\/actualidad\\\/blog\\\/cortes-carne-vacuno-economicos-para-ahorrar\\\/#primaryimage\",\"url\":\"https:\\\/\\\/www.miguelvergara.com\\\/actualidad\\\/wp-content\\\/uploads\\\/2023\\\/01\\\/cortes-de-carne-economicos-listado.jpg\",\"contentUrl\":\"https:\\\/\\\/www.miguelvergara.com\\\/actualidad\\\/wp-content\\\/uploads\\\/2023\\\/01\\\/cortes-de-carne-economicos-listado.jpg\",\"width\":860,\"height\":500},{\"@type\":\"BreadcrumbList\",\"@id\":\"https:\\\/\\\/www.miguelvergara.com\\\/actualidad\\\/blog\\\/cortes-carne-vacuno-economicos-para-ahorrar\\\/#breadcrumb\",\"itemListElement\":[{\"@type\":\"ListItem\",\"position\":1,\"name\":\"Portada\",\"item\":\"https:\\\/\\\/www.miguelvergara.com\\\/actualidad\\\/\"},{\"@type\":\"ListItem\",\"position\":2,\"name\":\"5 cortes econ\u00f3micos de carne de vacuno para ahorrar en la cuesta de enero\"}]},{\"@type\":\"WebSite\",\"@id\":\"https:\\\/\\\/www.miguelvergara.com\\\/actualidad\\\/#website\",\"url\":\"https:\\\/\\\/www.miguelvergara.com\\\/actualidad\\\/\",\"name\":\"Blog\",\"description\":\"\",\"potentialAction\":[{\"@type\":\"SearchAction\",\"target\":{\"@type\":\"EntryPoint\",\"urlTemplate\":\"https:\\\/\\\/www.miguelvergara.com\\\/actualidad\\\/?s={search_term_string}\"},\"query-input\":{\"@type\":\"PropertyValueSpecification\",\"valueRequired\":true,\"valueName\":\"search_term_string\"}}],\"inLanguage\":\"es\"},{\"@type\":\"Person\",\"@id\":\"https:\\\/\\\/www.miguelvergara.com\\\/actualidad\\\/#\\\/schema\\\/person\\\/e68ceba8360bde19f1494aa7acbd48ef\",\"name\":\"editor_digival\"}]}<\/script>\n<!-- \/ Yoast SEO plugin. -->","yoast_head_json":{"title":"Los 5 cortes de carne de vacuno m\u00e1s econ\u00f3micos - Grupo Miguel Vergara","description":"Te mostramos los 5 cortes de carne de vacuno econ\u00f3micos que te ayuden a ahorrar durante esta cuesta de enero. Inigualable calidad-precio","robots":{"index":"index","follow":"follow","max-snippet":"max-snippet:-1","max-image-preview":"max-image-preview:large","max-video-preview":"max-video-preview:-1"},"canonical":"https:\/\/www.miguelvergara.com\/actualidad\/blog\/cortes-carne-vacuno-economicos-para-ahorrar\/","og_locale":"es_ES","og_type":"article","og_title":"Los 5 cortes de carne de vacuno m\u00e1s econ\u00f3micos - Grupo Miguel Vergara","og_description":"Te mostramos los 5 cortes de carne de vacuno econ\u00f3micos que te ayuden a ahorrar durante esta cuesta de enero. Inigualable calidad-precio","og_url":"https:\/\/www.miguelvergara.com\/actualidad\/blog\/cortes-carne-vacuno-economicos-para-ahorrar\/","og_site_name":"Blog","article_published_time":"2023-01-12T08:33:11+00:00","article_modified_time":"2026-03-16T10:44:16+00:00","og_image":[{"width":860,"height":500,"url":"https:\/\/www.miguelvergara.com\/actualidad\/wp-content\/uploads\/2023\/01\/cortes-de-carne-economicos-listado.jpg","type":"image\/jpeg"}],"author":"editor_digival","twitter_card":"summary_large_image","twitter_misc":{"Escrito por":"editor_digival","Tiempo de lectura":"7 minutos"},"schema":{"@context":"https:\/\/schema.org","@graph":[{"@type":"Article","@id":"https:\/\/www.miguelvergara.com\/actualidad\/blog\/cortes-carne-vacuno-economicos-para-ahorrar\/#article","isPartOf":{"@id":"https:\/\/www.miguelvergara.com\/actualidad\/blog\/cortes-carne-vacuno-economicos-para-ahorrar\/"},"author":{"name":"editor_digival","@id":"https:\/\/www.miguelvergara.com\/actualidad\/#\/schema\/person\/e68ceba8360bde19f1494aa7acbd48ef"},"headline":"5 cortes econ\u00f3micos de carne de vacuno para ahorrar en la cuesta de enero","datePublished":"2023-01-12T08:33:11+00:00","dateModified":"2026-03-16T10:44:16+00:00","mainEntityOfPage":{"@id":"https:\/\/www.miguelvergara.com\/actualidad\/blog\/cortes-carne-vacuno-economicos-para-ahorrar\/"},"wordCount":1423,"image":{"@id":"https:\/\/www.miguelvergara.com\/actualidad\/blog\/cortes-carne-vacuno-economicos-para-ahorrar\/#primaryimage"},"thumbnailUrl":"https:\/\/www.miguelvergara.com\/actualidad\/wp-content\/uploads\/2023\/01\/cortes-de-carne-economicos-listado.jpg","articleSection":["Blog","Gu\u00edas de elecci\u00f3n y nutrici\u00f3n del vacuno"],"inLanguage":"es"},{"@type":"WebPage","@id":"https:\/\/www.miguelvergara.com\/actualidad\/blog\/cortes-carne-vacuno-economicos-para-ahorrar\/","url":"https:\/\/www.miguelvergara.com\/actualidad\/blog\/cortes-carne-vacuno-economicos-para-ahorrar\/","name":"Los 5 cortes de carne de vacuno m\u00e1s econ\u00f3micos - Grupo Miguel Vergara","isPartOf":{"@id":"https:\/\/www.miguelvergara.com\/actualidad\/#website"},"primaryImageOfPage":{"@id":"https:\/\/www.miguelvergara.com\/actualidad\/blog\/cortes-carne-vacuno-economicos-para-ahorrar\/#primaryimage"},"image":{"@id":"https:\/\/www.miguelvergara.com\/actualidad\/blog\/cortes-carne-vacuno-economicos-para-ahorrar\/#primaryimage"},"thumbnailUrl":"https:\/\/www.miguelvergara.com\/actualidad\/wp-content\/uploads\/2023\/01\/cortes-de-carne-economicos-listado.jpg","datePublished":"2023-01-12T08:33:11+00:00","dateModified":"2026-03-16T10:44:16+00:00","author":{"@id":"https:\/\/www.miguelvergara.com\/actualidad\/#\/schema\/person\/e68ceba8360bde19f1494aa7acbd48ef"},"description":"Te mostramos los 5 cortes de carne de vacuno econ\u00f3micos que te ayuden a ahorrar durante esta cuesta de enero. Inigualable calidad-precio","breadcrumb":{"@id":"https:\/\/www.miguelvergara.com\/actualidad\/blog\/cortes-carne-vacuno-economicos-para-ahorrar\/#breadcrumb"},"inLanguage":"es","potentialAction":[{"@type":"ReadAction","target":["https:\/\/www.miguelvergara.com\/actualidad\/blog\/cortes-carne-vacuno-economicos-para-ahorrar\/"]}]},{"@type":"ImageObject","inLanguage":"es","@id":"https:\/\/www.miguelvergara.com\/actualidad\/blog\/cortes-carne-vacuno-economicos-para-ahorrar\/#primaryimage","url":"https:\/\/www.miguelvergara.com\/actualidad\/wp-content\/uploads\/2023\/01\/cortes-de-carne-economicos-listado.jpg","contentUrl":"https:\/\/www.miguelvergara.com\/actualidad\/wp-content\/uploads\/2023\/01\/cortes-de-carne-economicos-listado.jpg","width":860,"height":500},{"@type":"BreadcrumbList","@id":"https:\/\/www.miguelvergara.com\/actualidad\/blog\/cortes-carne-vacuno-economicos-para-ahorrar\/#breadcrumb","itemListElement":[{"@type":"ListItem","position":1,"name":"Portada","item":"https:\/\/www.miguelvergara.com\/actualidad\/"},{"@type":"ListItem","position":2,"name":"5 cortes econ\u00f3micos de carne de vacuno para ahorrar en la cuesta de enero"}]},{"@type":"WebSite","@id":"https:\/\/www.miguelvergara.com\/actualidad\/#website","url":"https:\/\/www.miguelvergara.com\/actualidad\/","name":"Blog","description":"","potentialAction":[{"@type":"SearchAction","target":{"@type":"EntryPoint","urlTemplate":"https:\/\/www.miguelvergara.com\/actualidad\/?s={search_term_string}"},"query-input":{"@type":"PropertyValueSpecification","valueRequired":true,"valueName":"search_term_string"}}],"inLanguage":"es"},{"@type":"Person","@id":"https:\/\/www.miguelvergara.com\/actualidad\/#\/schema\/person\/e68ceba8360bde19f1494aa7acbd48ef","name":"editor_digival"}]}},"_links":{"self":[{"href":"https:\/\/www.miguelvergara.com\/actualidad\/wp-json\/wp\/v2\/posts\/9346","targetHints":{"allow":["GET"]}}],"collection":[{"href":"https:\/\/www.miguelvergara.com\/actualidad\/wp-json\/wp\/v2\/posts"}],"about":[{"href":"https:\/\/www.miguelvergara.com\/actualidad\/wp-json\/wp\/v2\/types\/post"}],"author":[{"embeddable":true,"href":"https:\/\/www.miguelvergara.com\/actualidad\/wp-json\/wp\/v2\/users\/2"}],"replies":[{"embeddable":true,"href":"https:\/\/www.miguelvergara.com\/actualidad\/wp-json\/wp\/v2\/comments?post=9346"}],"version-history":[{"count":18,"href":"https:\/\/www.miguelvergara.com\/actualidad\/wp-json\/wp\/v2\/posts\/9346\/revisions"}],"predecessor-version":[{"id":9378,"href":"https:\/\/www.miguelvergara.com\/actualidad\/wp-json\/wp\/v2\/posts\/9346\/revisions\/9378"}],"wp:featuredmedia":[{"embeddable":true,"href":"https:\/\/www.miguelvergara.com\/actualidad\/wp-json\/wp\/v2\/media\/9349"}],"wp:attachment":[{"href":"https:\/\/www.miguelvergara.com\/actualidad\/wp-json\/wp\/v2\/media?parent=9346"}],"wp:term":[{"taxonomy":"category","embeddable":true,"href":"https:\/\/www.miguelvergara.com\/actualidad\/wp-json\/wp\/v2\/categories?post=9346"},{"taxonomy":"post_tag","embeddable":true,"href":"https:\/\/www.miguelvergara.com\/actualidad\/wp-json\/wp\/v2\/tags?post=9346"}],"curies":[{"name":"wp","href":"https:\/\/api.w.org\/{rel}","templated":true}]}}