{"id":9652,"date":"2023-04-13T13:20:00","date_gmt":"2023-04-13T11:20:00","guid":{"rendered":"https:\/\/www.miguelvergara.com\/actualidad\/?p=9652"},"modified":"2023-04-26T14:09:37","modified_gmt":"2023-04-26T12:09:37","slug":"el-solomillo-de-miguel-vergara-conquista-el-paladar-de-ivan-ferreiro","status":"publish","type":"post","link":"https:\/\/www.miguelvergara.com\/actualidad\/notas-de-prensa\/el-solomillo-de-miguel-vergara-conquista-el-paladar-de-ivan-ferreiro\/","title":{"rendered":"El solomillo de Miguel Vergara conquista el paladar de Iv\u00e1n Ferreiro"},"content":{"rendered":"\n<figure class=\"wp-block-table\"><table><tbody><tr><td><\/td><\/tr><\/tbody><\/table><\/figure>\n\n\n\n<p><strong>LO HICIMOS UNA VEZ&#8230; \u00a1Y LO HEMOS VUELTO A CONSEGUIR!<\/strong><\/p>\n\n\n\n<p>El pasado d\u00eda 12 de Abril, <strong>Iv\u00e1n Ferreiro<\/strong>, refutado cantante Espa\u00f1ol y lider antiguo lider de Los Piratas, se deleito con el <strong>solomillo Miguel Vergara Angus <\/strong>durante un directo en el canal de Instagram <a href=\"https:\/\/www.instagram.com\/muy_sibarita\/\">@muy_sibarita<\/a> dirigido por Anne Igartiburu y Sergio <strong>M. Crovetto<\/strong>.<\/p>\n\n\n\n<p>A lo largo del directo Iv\u00e1n, Ane y Sergio <strong>se mostraron gratamente sorprendidos por el alto grado de infiltraci\u00f3n, la terneza y el gran sabor<\/strong> que mostraba este corte. Regal\u00e1ndonos Iv\u00e1n frases como \u00ablas vetas que tienen son alucinantes, es un producto de primera calidad\u00bb, \u00abque delicia\u00bb, \u00abque locura\u00bb o \u00abque maravilla\u00bb.<\/p>\n\n\n\n<figure class=\"wp-block-image size-large\"><img loading=\"lazy\" decoding=\"async\" width=\"1080\" height=\"1080\" src=\"https:\/\/www.miguelvergara.com\/actualidad\/wp-content\/uploads\/2023\/04\/Ilustres-sibaritas-ivan-ferreiro.png\" alt=\"\" class=\"wp-image-9653\" srcset=\"https:\/\/www.miguelvergara.com\/actualidad\/wp-content\/uploads\/2023\/04\/Ilustres-sibaritas-ivan-ferreiro.png 1080w, https:\/\/www.miguelvergara.com\/actualidad\/wp-content\/uploads\/2023\/04\/Ilustres-sibaritas-ivan-ferreiro-860x860.png 860w, https:\/\/www.miguelvergara.com\/actualidad\/wp-content\/uploads\/2023\/04\/Ilustres-sibaritas-ivan-ferreiro-768x768.png 768w\" sizes=\"auto, (max-width: 1080px) 100vw, 1080px\" \/><\/figure>\n\n\n\n<p>Si te perdiste los anteriores directos con la carne de&nbsp;<strong>Miguel Vergara Angus&nbsp;<\/strong>como protagonista con los cantantes y compositores&nbsp;<strong>Alvaro Soler<\/strong>&nbsp;o <strong>Antonio Orozco<\/strong>, puedes volver a visualizarlos a trav\u00e9s del siguiente enlace: https:\/\/www.youtube.com\/c\/MuySibarita?app=desktop<\/p>\n","protected":false},"excerpt":{"rendered":"<p>LO HICIMOS UNA VEZ&#8230; \u00a1Y LO HEMOS VUELTO A CONSEGUIR! El pasado d\u00eda 12 de Abril, Iv\u00e1n Ferreiro, refutado cantante Espa\u00f1ol y lider antiguo lider de Los Piratas, se deleito con el solomillo Miguel Vergara Angus durante un directo en el canal de Instagram @muy_sibarita dirigido por Anne Igartiburu y Sergio M. Crovetto. A lo [&hellip;]<\/p>\n","protected":false},"author":3,"featured_media":9654,"comment_status":"closed","ping_status":"closed","sticky":false,"template":"","format":"standard","meta":{"footnotes":""},"categories":[3],"tags":[],"class_list":["post-9652","post","type-post","status-publish","format-standard","has-post-thumbnail","hentry","category-notas-de-prensa"],"yoast_head":"<!-- This site is optimized with the Yoast SEO plugin v27.4 - https:\/\/yoast.com\/product\/yoast-seo-wordpress\/ -->\n<title>El solomillo de Miguel Vergara conquista el paladar de Iv\u00e1n Ferreiro - Blog<\/title>\n<meta name=\"robots\" content=\"index, follow, max-snippet:-1, max-image-preview:large, max-video-preview:-1\" \/>\n<link rel=\"canonical\" href=\"https:\/\/www.miguelvergara.com\/actualidad\/notas-de-prensa\/el-solomillo-de-miguel-vergara-conquista-el-paladar-de-ivan-ferreiro\/\" \/>\n<meta property=\"og:locale\" content=\"es_ES\" \/>\n<meta property=\"og:type\" content=\"article\" \/>\n<meta property=\"og:title\" content=\"El solomillo de Miguel Vergara conquista el paladar de Iv\u00e1n Ferreiro - Blog\" \/>\n<meta property=\"og:description\" content=\"LO HICIMOS UNA VEZ&#8230; \u00a1Y LO HEMOS VUELTO A CONSEGUIR! El pasado d\u00eda 12 de Abril, Iv\u00e1n Ferreiro, refutado cantante Espa\u00f1ol y lider antiguo lider de Los Piratas, se deleito con el solomillo Miguel Vergara Angus durante un directo en el canal de Instagram @muy_sibarita dirigido por Anne Igartiburu y Sergio M. Crovetto. A lo [&hellip;]\" \/>\n<meta property=\"og:url\" content=\"https:\/\/www.miguelvergara.com\/actualidad\/notas-de-prensa\/el-solomillo-de-miguel-vergara-conquista-el-paladar-de-ivan-ferreiro\/\" \/>\n<meta property=\"og:site_name\" content=\"Blog\" \/>\n<meta property=\"article:published_time\" content=\"2023-04-13T11:20:00+00:00\" \/>\n<meta property=\"article:modified_time\" content=\"2023-04-26T12:09:37+00:00\" \/>\n<meta property=\"og:image\" content=\"https:\/\/www.miguelvergara.com\/actualidad\/wp-content\/uploads\/2023\/04\/Ilustres-sibaritas-ivan-ferreiro-1.png\" \/>\n\t<meta property=\"og:image:width\" content=\"1080\" \/>\n\t<meta property=\"og:image:height\" content=\"1080\" \/>\n\t<meta property=\"og:image:type\" content=\"image\/png\" \/>\n<meta name=\"author\" content=\"editor_vergara\" \/>\n<meta name=\"twitter:card\" content=\"summary_large_image\" \/>\n<meta name=\"twitter:label1\" content=\"Escrito por\" \/>\n\t<meta name=\"twitter:data1\" content=\"editor_vergara\" \/>\n\t<meta name=\"twitter:label2\" content=\"Tiempo de lectura\" \/>\n\t<meta name=\"twitter:data2\" content=\"1 minuto\" \/>\n<script type=\"application\/ld+json\" class=\"yoast-schema-graph\">{\"@context\":\"https:\\\/\\\/schema.org\",\"@graph\":[{\"@type\":\"Article\",\"@id\":\"https:\\\/\\\/www.miguelvergara.com\\\/actualidad\\\/notas-de-prensa\\\/el-solomillo-de-miguel-vergara-conquista-el-paladar-de-ivan-ferreiro\\\/#article\",\"isPartOf\":{\"@id\":\"https:\\\/\\\/www.miguelvergara.com\\\/actualidad\\\/notas-de-prensa\\\/el-solomillo-de-miguel-vergara-conquista-el-paladar-de-ivan-ferreiro\\\/\"},\"author\":{\"name\":\"editor_vergara\",\"@id\":\"https:\\\/\\\/www.miguelvergara.com\\\/actualidad\\\/#\\\/schema\\\/person\\\/58692419afaba719680d26887ed694b3\"},\"headline\":\"El solomillo de Miguel Vergara conquista el paladar de Iv\u00e1n Ferreiro\",\"datePublished\":\"2023-04-13T11:20:00+00:00\",\"dateModified\":\"2023-04-26T12:09:37+00:00\",\"mainEntityOfPage\":{\"@id\":\"https:\\\/\\\/www.miguelvergara.com\\\/actualidad\\\/notas-de-prensa\\\/el-solomillo-de-miguel-vergara-conquista-el-paladar-de-ivan-ferreiro\\\/\"},\"wordCount\":171,\"image\":{\"@id\":\"https:\\\/\\\/www.miguelvergara.com\\\/actualidad\\\/notas-de-prensa\\\/el-solomillo-de-miguel-vergara-conquista-el-paladar-de-ivan-ferreiro\\\/#primaryimage\"},\"thumbnailUrl\":\"https:\\\/\\\/www.miguelvergara.com\\\/actualidad\\\/wp-content\\\/uploads\\\/2023\\\/04\\\/Ilustres-sibaritas-ivan-ferreiro-1.png\",\"articleSection\":[\"Notas de prensa\"],\"inLanguage\":\"es\"},{\"@type\":\"WebPage\",\"@id\":\"https:\\\/\\\/www.miguelvergara.com\\\/actualidad\\\/notas-de-prensa\\\/el-solomillo-de-miguel-vergara-conquista-el-paladar-de-ivan-ferreiro\\\/\",\"url\":\"https:\\\/\\\/www.miguelvergara.com\\\/actualidad\\\/notas-de-prensa\\\/el-solomillo-de-miguel-vergara-conquista-el-paladar-de-ivan-ferreiro\\\/\",\"name\":\"El solomillo de Miguel Vergara conquista el paladar de Iv\u00e1n Ferreiro - Blog\",\"isPartOf\":{\"@id\":\"https:\\\/\\\/www.miguelvergara.com\\\/actualidad\\\/#website\"},\"primaryImageOfPage\":{\"@id\":\"https:\\\/\\\/www.miguelvergara.com\\\/actualidad\\\/notas-de-prensa\\\/el-solomillo-de-miguel-vergara-conquista-el-paladar-de-ivan-ferreiro\\\/#primaryimage\"},\"image\":{\"@id\":\"https:\\\/\\\/www.miguelvergara.com\\\/actualidad\\\/notas-de-prensa\\\/el-solomillo-de-miguel-vergara-conquista-el-paladar-de-ivan-ferreiro\\\/#primaryimage\"},\"thumbnailUrl\":\"https:\\\/\\\/www.miguelvergara.com\\\/actualidad\\\/wp-content\\\/uploads\\\/2023\\\/04\\\/Ilustres-sibaritas-ivan-ferreiro-1.png\",\"datePublished\":\"2023-04-13T11:20:00+00:00\",\"dateModified\":\"2023-04-26T12:09:37+00:00\",\"author\":{\"@id\":\"https:\\\/\\\/www.miguelvergara.com\\\/actualidad\\\/#\\\/schema\\\/person\\\/58692419afaba719680d26887ed694b3\"},\"breadcrumb\":{\"@id\":\"https:\\\/\\\/www.miguelvergara.com\\\/actualidad\\\/notas-de-prensa\\\/el-solomillo-de-miguel-vergara-conquista-el-paladar-de-ivan-ferreiro\\\/#breadcrumb\"},\"inLanguage\":\"es\",\"potentialAction\":[{\"@type\":\"ReadAction\",\"target\":[\"https:\\\/\\\/www.miguelvergara.com\\\/actualidad\\\/notas-de-prensa\\\/el-solomillo-de-miguel-vergara-conquista-el-paladar-de-ivan-ferreiro\\\/\"]}]},{\"@type\":\"ImageObject\",\"inLanguage\":\"es\",\"@id\":\"https:\\\/\\\/www.miguelvergara.com\\\/actualidad\\\/notas-de-prensa\\\/el-solomillo-de-miguel-vergara-conquista-el-paladar-de-ivan-ferreiro\\\/#primaryimage\",\"url\":\"https:\\\/\\\/www.miguelvergara.com\\\/actualidad\\\/wp-content\\\/uploads\\\/2023\\\/04\\\/Ilustres-sibaritas-ivan-ferreiro-1.png\",\"contentUrl\":\"https:\\\/\\\/www.miguelvergara.com\\\/actualidad\\\/wp-content\\\/uploads\\\/2023\\\/04\\\/Ilustres-sibaritas-ivan-ferreiro-1.png\",\"width\":1080,\"height\":1080},{\"@type\":\"BreadcrumbList\",\"@id\":\"https:\\\/\\\/www.miguelvergara.com\\\/actualidad\\\/notas-de-prensa\\\/el-solomillo-de-miguel-vergara-conquista-el-paladar-de-ivan-ferreiro\\\/#breadcrumb\",\"itemListElement\":[{\"@type\":\"ListItem\",\"position\":1,\"name\":\"Portada\",\"item\":\"https:\\\/\\\/www.miguelvergara.com\\\/actualidad\\\/\"},{\"@type\":\"ListItem\",\"position\":2,\"name\":\"El solomillo de Miguel Vergara conquista el paladar de Iv\u00e1n Ferreiro\"}]},{\"@type\":\"WebSite\",\"@id\":\"https:\\\/\\\/www.miguelvergara.com\\\/actualidad\\\/#website\",\"url\":\"https:\\\/\\\/www.miguelvergara.com\\\/actualidad\\\/\",\"name\":\"Blog\",\"description\":\"\",\"potentialAction\":[{\"@type\":\"SearchAction\",\"target\":{\"@type\":\"EntryPoint\",\"urlTemplate\":\"https:\\\/\\\/www.miguelvergara.com\\\/actualidad\\\/?s={search_term_string}\"},\"query-input\":{\"@type\":\"PropertyValueSpecification\",\"valueRequired\":true,\"valueName\":\"search_term_string\"}}],\"inLanguage\":\"es\"},{\"@type\":\"Person\",\"@id\":\"https:\\\/\\\/www.miguelvergara.com\\\/actualidad\\\/#\\\/schema\\\/person\\\/58692419afaba719680d26887ed694b3\",\"name\":\"editor_vergara\"}]}<\/script>\n<!-- \/ Yoast SEO plugin. -->","yoast_head_json":{"title":"El solomillo de Miguel Vergara conquista el paladar de Iv\u00e1n Ferreiro - Blog","robots":{"index":"index","follow":"follow","max-snippet":"max-snippet:-1","max-image-preview":"max-image-preview:large","max-video-preview":"max-video-preview:-1"},"canonical":"https:\/\/www.miguelvergara.com\/actualidad\/notas-de-prensa\/el-solomillo-de-miguel-vergara-conquista-el-paladar-de-ivan-ferreiro\/","og_locale":"es_ES","og_type":"article","og_title":"El solomillo de Miguel Vergara conquista el paladar de Iv\u00e1n Ferreiro - Blog","og_description":"LO HICIMOS UNA VEZ&#8230; \u00a1Y LO HEMOS VUELTO A CONSEGUIR! El pasado d\u00eda 12 de Abril, Iv\u00e1n Ferreiro, refutado cantante Espa\u00f1ol y lider antiguo lider de Los Piratas, se deleito con el solomillo Miguel Vergara Angus durante un directo en el canal de Instagram @muy_sibarita dirigido por Anne Igartiburu y Sergio M. Crovetto. A lo [&hellip;]","og_url":"https:\/\/www.miguelvergara.com\/actualidad\/notas-de-prensa\/el-solomillo-de-miguel-vergara-conquista-el-paladar-de-ivan-ferreiro\/","og_site_name":"Blog","article_published_time":"2023-04-13T11:20:00+00:00","article_modified_time":"2023-04-26T12:09:37+00:00","og_image":[{"width":1080,"height":1080,"url":"https:\/\/www.miguelvergara.com\/actualidad\/wp-content\/uploads\/2023\/04\/Ilustres-sibaritas-ivan-ferreiro-1.png","type":"image\/png"}],"author":"editor_vergara","twitter_card":"summary_large_image","twitter_misc":{"Escrito por":"editor_vergara","Tiempo de lectura":"1 minuto"},"schema":{"@context":"https:\/\/schema.org","@graph":[{"@type":"Article","@id":"https:\/\/www.miguelvergara.com\/actualidad\/notas-de-prensa\/el-solomillo-de-miguel-vergara-conquista-el-paladar-de-ivan-ferreiro\/#article","isPartOf":{"@id":"https:\/\/www.miguelvergara.com\/actualidad\/notas-de-prensa\/el-solomillo-de-miguel-vergara-conquista-el-paladar-de-ivan-ferreiro\/"},"author":{"name":"editor_vergara","@id":"https:\/\/www.miguelvergara.com\/actualidad\/#\/schema\/person\/58692419afaba719680d26887ed694b3"},"headline":"El solomillo de Miguel Vergara conquista el paladar de Iv\u00e1n Ferreiro","datePublished":"2023-04-13T11:20:00+00:00","dateModified":"2023-04-26T12:09:37+00:00","mainEntityOfPage":{"@id":"https:\/\/www.miguelvergara.com\/actualidad\/notas-de-prensa\/el-solomillo-de-miguel-vergara-conquista-el-paladar-de-ivan-ferreiro\/"},"wordCount":171,"image":{"@id":"https:\/\/www.miguelvergara.com\/actualidad\/notas-de-prensa\/el-solomillo-de-miguel-vergara-conquista-el-paladar-de-ivan-ferreiro\/#primaryimage"},"thumbnailUrl":"https:\/\/www.miguelvergara.com\/actualidad\/wp-content\/uploads\/2023\/04\/Ilustres-sibaritas-ivan-ferreiro-1.png","articleSection":["Notas de prensa"],"inLanguage":"es"},{"@type":"WebPage","@id":"https:\/\/www.miguelvergara.com\/actualidad\/notas-de-prensa\/el-solomillo-de-miguel-vergara-conquista-el-paladar-de-ivan-ferreiro\/","url":"https:\/\/www.miguelvergara.com\/actualidad\/notas-de-prensa\/el-solomillo-de-miguel-vergara-conquista-el-paladar-de-ivan-ferreiro\/","name":"El solomillo de Miguel Vergara conquista el paladar de Iv\u00e1n Ferreiro - Blog","isPartOf":{"@id":"https:\/\/www.miguelvergara.com\/actualidad\/#website"},"primaryImageOfPage":{"@id":"https:\/\/www.miguelvergara.com\/actualidad\/notas-de-prensa\/el-solomillo-de-miguel-vergara-conquista-el-paladar-de-ivan-ferreiro\/#primaryimage"},"image":{"@id":"https:\/\/www.miguelvergara.com\/actualidad\/notas-de-prensa\/el-solomillo-de-miguel-vergara-conquista-el-paladar-de-ivan-ferreiro\/#primaryimage"},"thumbnailUrl":"https:\/\/www.miguelvergara.com\/actualidad\/wp-content\/uploads\/2023\/04\/Ilustres-sibaritas-ivan-ferreiro-1.png","datePublished":"2023-04-13T11:20:00+00:00","dateModified":"2023-04-26T12:09:37+00:00","author":{"@id":"https:\/\/www.miguelvergara.com\/actualidad\/#\/schema\/person\/58692419afaba719680d26887ed694b3"},"breadcrumb":{"@id":"https:\/\/www.miguelvergara.com\/actualidad\/notas-de-prensa\/el-solomillo-de-miguel-vergara-conquista-el-paladar-de-ivan-ferreiro\/#breadcrumb"},"inLanguage":"es","potentialAction":[{"@type":"ReadAction","target":["https:\/\/www.miguelvergara.com\/actualidad\/notas-de-prensa\/el-solomillo-de-miguel-vergara-conquista-el-paladar-de-ivan-ferreiro\/"]}]},{"@type":"ImageObject","inLanguage":"es","@id":"https:\/\/www.miguelvergara.com\/actualidad\/notas-de-prensa\/el-solomillo-de-miguel-vergara-conquista-el-paladar-de-ivan-ferreiro\/#primaryimage","url":"https:\/\/www.miguelvergara.com\/actualidad\/wp-content\/uploads\/2023\/04\/Ilustres-sibaritas-ivan-ferreiro-1.png","contentUrl":"https:\/\/www.miguelvergara.com\/actualidad\/wp-content\/uploads\/2023\/04\/Ilustres-sibaritas-ivan-ferreiro-1.png","width":1080,"height":1080},{"@type":"BreadcrumbList","@id":"https:\/\/www.miguelvergara.com\/actualidad\/notas-de-prensa\/el-solomillo-de-miguel-vergara-conquista-el-paladar-de-ivan-ferreiro\/#breadcrumb","itemListElement":[{"@type":"ListItem","position":1,"name":"Portada","item":"https:\/\/www.miguelvergara.com\/actualidad\/"},{"@type":"ListItem","position":2,"name":"El solomillo de Miguel Vergara conquista el paladar de Iv\u00e1n Ferreiro"}]},{"@type":"WebSite","@id":"https:\/\/www.miguelvergara.com\/actualidad\/#website","url":"https:\/\/www.miguelvergara.com\/actualidad\/","name":"Blog","description":"","potentialAction":[{"@type":"SearchAction","target":{"@type":"EntryPoint","urlTemplate":"https:\/\/www.miguelvergara.com\/actualidad\/?s={search_term_string}"},"query-input":{"@type":"PropertyValueSpecification","valueRequired":true,"valueName":"search_term_string"}}],"inLanguage":"es"},{"@type":"Person","@id":"https:\/\/www.miguelvergara.com\/actualidad\/#\/schema\/person\/58692419afaba719680d26887ed694b3","name":"editor_vergara"}]}},"_links":{"self":[{"href":"https:\/\/www.miguelvergara.com\/actualidad\/wp-json\/wp\/v2\/posts\/9652","targetHints":{"allow":["GET"]}}],"collection":[{"href":"https:\/\/www.miguelvergara.com\/actualidad\/wp-json\/wp\/v2\/posts"}],"about":[{"href":"https:\/\/www.miguelvergara.com\/actualidad\/wp-json\/wp\/v2\/types\/post"}],"author":[{"embeddable":true,"href":"https:\/\/www.miguelvergara.com\/actualidad\/wp-json\/wp\/v2\/users\/3"}],"replies":[{"embeddable":true,"href":"https:\/\/www.miguelvergara.com\/actualidad\/wp-json\/wp\/v2\/comments?post=9652"}],"version-history":[{"count":3,"href":"https:\/\/www.miguelvergara.com\/actualidad\/wp-json\/wp\/v2\/posts\/9652\/revisions"}],"predecessor-version":[{"id":9657,"href":"https:\/\/www.miguelvergara.com\/actualidad\/wp-json\/wp\/v2\/posts\/9652\/revisions\/9657"}],"wp:featuredmedia":[{"embeddable":true,"href":"https:\/\/www.miguelvergara.com\/actualidad\/wp-json\/wp\/v2\/media\/9654"}],"wp:attachment":[{"href":"https:\/\/www.miguelvergara.com\/actualidad\/wp-json\/wp\/v2\/media?parent=9652"}],"wp:term":[{"taxonomy":"category","embeddable":true,"href":"https:\/\/www.miguelvergara.com\/actualidad\/wp-json\/wp\/v2\/categories?post=9652"},{"taxonomy":"post_tag","embeddable":true,"href":"https:\/\/www.miguelvergara.com\/actualidad\/wp-json\/wp\/v2\/tags?post=9652"}],"curies":[{"name":"wp","href":"https:\/\/api.w.org\/{rel}","templated":true}]}}