{"id":9709,"date":"2023-06-08T12:29:26","date_gmt":"2023-06-08T10:29:26","guid":{"rendered":"https:\/\/www.miguelvergara.com\/actualidad\/?p=9709"},"modified":"2026-03-16T12:28:46","modified_gmt":"2026-03-16T11:28:46","slug":"como-conservar-la-carne-en-la-nevera-y-guardarla-adecuadamente","status":"publish","type":"post","link":"https:\/\/www.miguelvergara.com\/actualidad\/blog\/como-conservar-la-carne-en-la-nevera-y-guardarla-adecuadamente\/","title":{"rendered":"C\u00f3mo conservar la carne en la nevera y guardarla adecuadamente"},"content":{"rendered":"\n<p>Se aproxima el verano y llega, por tanto, uno de los periodos favoritos para disfrutar de un gran fest\u00edn gastron\u00f3mico tan t\u00edpico en nuestro pa\u00eds como es la barbacoa. Pero para disfrutar del producto estrella indiscutible de estos eventos antes es necesario conocer, entre otros aspectos, no s\u00f3lo&nbsp;<strong>c\u00f3mo conservar la carne en la nevera<\/strong>, sino tambi\u00e9n la mejor forma en la que se debe guardar en el frigor\u00edfico.<\/p>\n\n\n\n<p>Aunque para disfrutar de una buena experiencia carn\u00edvora siempre es imprescindible contar con una inmejorable materia prima, esto no lo es todo. Ya que se puede arruinar un exquisito producto, como nuestra&nbsp;<a href=\"https:\/\/www.miguelvergara.com\/actualidad\/blog\/que-es-la-carne-de-angus\/\"><strong>carne de Angus<\/strong><\/a>&nbsp;Miguel Vergara, sino se conserva correctamente.<\/p>\n\n\n\n<p>Por eso, como\u00a0<strong>maestros en vacuno<\/strong>, no queremos que te pierdas la oportunidad de disfrutar plenamente de este manjar y de saborear todos sus exquisitos matices por no seguir unos sencillos. Por eso, si no quieres que te suceda, presta atenci\u00f3n a lo que te contamos a continuaci\u00f3n para\u00a0<strong>conservar la carne<\/strong>\u00a0de la forma adecuada.<\/p>\n\n\n\n<figure class=\"wp-block-image size-large\"><img loading=\"lazy\" decoding=\"async\" width=\"860\" height=\"500\" src=\"https:\/\/www.miguelvergara.com\/actualidad\/wp-content\/uploads\/2023\/06\/como-conservar-la-carne-en-la-nevera-listado.jpg\" alt=\"como-conservar-la-carne-en-la-nevera\" class=\"wp-image-9735\" srcset=\"https:\/\/www.miguelvergara.com\/actualidad\/wp-content\/uploads\/2023\/06\/como-conservar-la-carne-en-la-nevera-listado.jpg 860w, https:\/\/www.miguelvergara.com\/actualidad\/wp-content\/uploads\/2023\/06\/como-conservar-la-carne-en-la-nevera-listado-768x447.jpg 768w\" sizes=\"auto, (max-width: 860px) 100vw, 860px\" \/><\/figure>\n\n\n\n<h2 class=\"wp-block-heading\">Consejos para conservar carne en perfecto estado tras comprarla<\/h2>\n\n\n\n<p>Antes de nada, ten en cuenta que vas a tener dos opciones a la hora de comprar la carne. Por un lado, si no te quieres complicar y prefieres recibirla c\u00f3modamente en tu casa, puedes comprar a&nbsp;<strong>trav\u00e9s de nuestra<\/strong>&nbsp;<a href=\"https:\/\/www.miguelvergara.com\/tienda\/\"><strong>tienda de carne online<\/strong><\/a>: tienes distintas opciones que se ajustan a tus necesidades, ya sea por los distintos cortes preferidos o por la cantidad de comensales que ser\u00e9is.<\/p>\n\n\n\n<p>Por otro lado, si eres de los que busca \u201c<a href=\"https:\/\/www.miguelvergara.com\/actualidad\/blog\/carne-miguel-vergara-carniceria-cerca-de-mi\/\"><strong>carnicer\u00eda cerca de m\u00ed<\/strong><\/a>\u201d en Internet, porque quieres que sea un maestro carnicero de confianza quien te suministre nuestra carne de vacuno para llevarla t\u00fa mismo a tu casa, no hay problema. En ese caso recuerda llevar una bolsa t\u00e9rmica: indispensable para mantenerla fr\u00eda hasta que llegues al hogar.<\/p>\n\n\n\n<p>No obstante, en cualquiera de los dos casos, recuerda siempre seguir estos&nbsp;<strong>consejos acerca de c\u00f3mo conservar la carne en la nevera<\/strong>&nbsp;y as\u00ed guardarla de la forma adecuada.<\/p>\n\n\n\n<h3 class=\"wp-block-heading\">No romper la cadena de fr\u00edo<\/h3>\n\n\n\n<p>Primera regla important\u00edsima y absolutamente vital: debemos&nbsp;<strong>mantener la temperatura de la carne todo lo que nos sea posible<\/strong>, manteni\u00e9ndola&nbsp;<strong>siempre fr\u00eda<\/strong>. M\u00e1s a\u00fan si estamos hablando de periodos veraniegos, donde el calor nos puede jugar realmente una muy mala pasada con la carne. <\/p>\n\n\n\n<p>Las altas temperaturas hacen que proliferen las bacterias y microorganismos, lo que no solo nos priva de disfrutar de su calidad, sino tambi\u00e9n, y a\u00fan m\u00e1s importante para nuestra salud, que nos pueden causar enfermedades alimentarias. Adem\u00e1s, con su debido cuidado podemos&nbsp;<a href=\"https:\/\/www.miguelvergara.com\/actualidad\/blog\/como-evitar-desperdicio-alimentario-carne\/\"><strong>evitar el desperdicio alimentario de la carne de vacuno<\/strong><\/a>&nbsp;por cuestiones econ\u00f3micas y, por supuesto, de \u00e9tica.<\/p>\n\n\n\n<p>Y no te preocupes por c\u00f3mo llegar\u00e1 tu env\u00edo si lo pides online. Recuerda\u00a0<strong>que en Grupo Miguel Vergara disponemos de un impecable m\u00e9todo de env\u00edo especial gracias a SEUR Fr\u00edo<\/strong>, que garantiza las condiciones necesarias para mantener a la perfecci\u00f3n todas las cualidades y caracter\u00edsticas de nuestros productos. De esa forma no tendr\u00e1s que preocuparte por este aspecto, lo que es toda una ventaja, y ya estar\u00e1 listo para guardarlo en la nevera.<\/p>\n\n\n\n<figure class=\"wp-block-image size-large\"><img loading=\"lazy\" decoding=\"async\" width=\"1200\" height=\"860\" src=\"https:\/\/www.miguelvergara.com\/actualidad\/wp-content\/uploads\/2023\/06\/no-romper-cadena-de-frio-carne-1200x860.jpg\" alt=\"no-romper-cadena-de-frio-carne\" class=\"wp-image-9736\" srcset=\"https:\/\/www.miguelvergara.com\/actualidad\/wp-content\/uploads\/2023\/06\/no-romper-cadena-de-frio-carne-1200x860.jpg 1200w, https:\/\/www.miguelvergara.com\/actualidad\/wp-content\/uploads\/2023\/06\/no-romper-cadena-de-frio-carne-860x616.jpg 860w, https:\/\/www.miguelvergara.com\/actualidad\/wp-content\/uploads\/2023\/06\/no-romper-cadena-de-frio-carne-768x550.jpg 768w, https:\/\/www.miguelvergara.com\/actualidad\/wp-content\/uploads\/2023\/06\/no-romper-cadena-de-frio-carne.jpg 1257w\" sizes=\"auto, (max-width: 1200px) 100vw, 1200px\" \/><\/figure>\n\n\n\n<h3 class=\"wp-block-heading\">C\u00f3mo guardar la carne en el frigor\u00edfico de forma correcta<\/h3>\n\n\n\n<p>Una vez que te hayas decidido a&nbsp;<a href=\"https:\/\/www.miguelvergara.com\/tienda\/hamburguesas\/\"><strong>comprar hamburguesas de Angus<\/strong><\/a>&nbsp;para ese extraordinario fest\u00edn veraniego, no tendr\u00e1s que preocuparte por el envoltorio cuando lo recibas en tu casa.&nbsp;<strong>Todos nuestros productos de carne Angus, ya vienen perfectamente envasados en nuestras bandejas para una conservaci\u00f3n \u00f3ptima<\/strong>&nbsp;en la nevera. Pero en caso de que hayas ido a tu carnicer\u00eda de confianza a comprar cualquiera de nuestras piezas de carne al peso\u2026 \u00bfquieres saber&nbsp;<strong>c\u00f3mo guardar la carne en la nevera<\/strong>&nbsp;de forma correcta? Recuerda seguir estos sencillos pasos:<\/p>\n\n\n\n<ul class=\"wp-block-list\"><li><strong>Pon la carne en un recipiente herm\u00e9tico<\/strong>: favorecer\u00e1s su conservaci\u00f3n al aislarlo del ambiente, debido a que su contacto con el aire favorece de forma notable su contaminaci\u00f3n y la proliferaci\u00f3n de microorganismos y bacterias.<\/li><li><strong>Col\u00f3calo en la parte inferior del frigor\u00edfico<\/strong>: primero porque evitar\u00e1s, en todo caso, que escurra l\u00edquido que pudiera contaminar otros alimentos. No es casualidad que sea el lugar donde normalmente se recomienda su colocaci\u00f3n (incluso en&nbsp;<strong>cajones de la nevera<\/strong>&nbsp;concretos destinados a ello), porque tambi\u00e9n es la parte en la que m\u00e1s se concentra el fr\u00edo.<\/li><li><strong>Aseg\u00farate de que se mantiene en la nevera a los grados adecuados<\/strong>: para <strong>conservar la carne<\/strong> bien en <strong>el frigor\u00edfico hay que guardarla a una temperatura de 4 \u00b0C<\/strong> aproximadamente.<\/li><li><strong>En ning\u00fan caso debes dejar la carne fuera de la nevera<\/strong>, salvo que sea una hora antes para atemperarla antes de cocinar. Las bolsas isot\u00e9rmicas o cubos con hielo solo son efectivos como forma de transporte temporal: ya sea desde el supermercado a casa o cuando se transporta para la barbacoa.<\/li><\/ul>\n\n\n\n<h3 class=\"wp-block-heading\">Cu\u00e1nto dura la carne en la nevera<\/h3>\n\n\n\n<p>Otro aspecto importante cuando hablamos de c\u00f3mo\u00a0<strong>conservar la carne<\/strong>\u00a0es tener claro\u00a0<strong>cu\u00e1nto aguanta la carne en la nevera<\/strong>, o lo que se podr\u00eda entender como su \u201cfecha de caducidad\u201d. Es decir, el tiempo que puede transcurrir como l\u00edmite para que pueda ser consumida manteniendo todas sus propiedades.<\/p>\n\n\n\n<figure class=\"wp-block-image size-large\"><img loading=\"lazy\" decoding=\"async\" width=\"1200\" height=\"860\" src=\"https:\/\/www.miguelvergara.com\/actualidad\/wp-content\/uploads\/2023\/06\/cuanto-aguanta-carne-cocinada-1200x860.jpg\" alt=\"cuanto aguanta carne cocinada en la nevera\" class=\"wp-image-9737\" srcset=\"https:\/\/www.miguelvergara.com\/actualidad\/wp-content\/uploads\/2023\/06\/cuanto-aguanta-carne-cocinada-1200x860.jpg 1200w, https:\/\/www.miguelvergara.com\/actualidad\/wp-content\/uploads\/2023\/06\/cuanto-aguanta-carne-cocinada-860x616.jpg 860w, https:\/\/www.miguelvergara.com\/actualidad\/wp-content\/uploads\/2023\/06\/cuanto-aguanta-carne-cocinada-768x550.jpg 768w, https:\/\/www.miguelvergara.com\/actualidad\/wp-content\/uploads\/2023\/06\/cuanto-aguanta-carne-cocinada.jpg 1257w\" sizes=\"auto, (max-width: 1200px) 100vw, 1200px\" \/><\/figure>\n\n\n\n<ul class=\"wp-block-list\"><li><strong>Carne sin cocinar sin envasar al vac\u00edo<\/strong>: si has&nbsp;<strong>acudido a una carnicer\u00eda a por ella<\/strong>, adem\u00e1s de seguir los pasos previamente indicados a la hora de guardarla en el frigor\u00edfico, te recomendamos que lo&nbsp;<strong>consumas en las 24 horas siguientes<\/strong>.<\/li><li><strong>Carne envasada al vac\u00edo<\/strong>: si has hecho tu pedido a trav\u00e9s de nuestra&nbsp;<strong>carnicer\u00eda online<\/strong>&nbsp;y te preguntas&nbsp;<strong>cu\u00e1nto dura la carne envasada al vac\u00edo en la nevera,&nbsp;<\/strong>puedes estar tranquilo puesto que, siempre que no rompas este vac\u00edo, podr\u00e1s disfrutar de nuestra carne durante las 2 \u00f3 3 semanas siguientes en el caso de los estuchados &#8211; ver fecha de consumo preferente de la etiqueta- y durante 40 d\u00edas en el caso de nuestras piezas Miguel Vergara Angus.<\/li><li><strong>Carne ya preparada<\/strong>: si, por el contrario, se trata de una exquisita receta que ya hayas realizado\u2026 \u00bf<strong>cu\u00e1nto aguanta la carne cocinada en la nevera<\/strong>? Pues, aunque dependa del tipo de plato (si est\u00e1 rellena, si lleva salsas\u2026),&nbsp;<strong>puede durar casi 4 d\u00edas en el frigor\u00edfico<\/strong>..<\/li><\/ul>\n\n\n\n<h4 class=\"wp-block-heading\">Cu\u00e1nto dura la carne picada<\/h4>\n\n\n\n<p>Por otra parte, tambi\u00e9n se pueden preparar&nbsp;<a href=\"https:\/\/www.miguelvergara.com\/actualidad\/blog\/platos-sabrosos-con-carne-picada\/\"><strong>recetas con carne picada<\/strong><\/a>&nbsp;absolutamente deliciosas para resultados excepcionales como el&nbsp;<strong>steak tartar<\/strong>. No obstante, ten en cuenta que en este estado la carne es todav\u00eda mucho m\u00e1s susceptible a las bacterias. Es m\u00e1s;&nbsp;<strong>como m\u00e1ximo dura 2 d\u00edas en la nevera<\/strong>.<\/p>\n\n\n\n<p>Eso s\u00ed, tambi\u00e9n tienes otra opci\u00f3n:&nbsp;<strong>la carne picada se puede congelar durante 3 meses&nbsp;<\/strong>si se pone especial cuidado en ello: envu\u00e9lvela correctamente sin jugos, saca todo el aire y, cuando la descongeles, siempre en el frigor\u00edfico:&nbsp;<strong>nada de dejarla a temperatura ambiente<\/strong>.<\/p>\n\n\n\n<h3 class=\"wp-block-heading\">Almacena la carne en el congelador si te sobra<\/h3>\n\n\n\n<p>Y si tu caso es que te ha sobrado carne, o no sabes cu\u00e1ndo la vas a consumir una vez que la hayas comprado, es fundamental congelarla para asegurarte que perdura en su estado \u00f3ptimo de consumo. \u00bfSabes&nbsp;<strong>c\u00f3mo congelar la carne para que mantenga todas sus propiedades<\/strong>?<\/p>\n\n\n\n<p>Seguro que nuestras\u00a0<a href=\"https:\/\/www.miguelvergara.com\/actualidad\/blog\/10-consejos-para-congelar-y-descongelar-la-carne-y-evitar-la-salmonelosis-en-verano\/\"><strong>recomendaciones para congelar y descongelar la carne en verano<\/strong><\/a><strong>\u00a0<\/strong>que te contamos en su momento te resultar\u00e1n de gran ayuda. Eso s\u00ed, recuerda que, aunque la mantengas a la temperatura ideal de -18 \u00b0C,<strong>\u00a0la carne congelada se pone mala\u00a0<\/strong>tambi\u00e9n. De hecho, como ya te aconsejamos en su momento, recomendamos<strong>\u00a0<\/strong>que,en muchos cortes y\/o preparados c\u00e1rnicos,<strong> no permanezca durante m\u00e1s de 3 meses en el congelador<\/strong>.<\/p>\n\n\n\n<figure class=\"wp-block-image size-large\"><img loading=\"lazy\" decoding=\"async\" width=\"1200\" height=\"860\" src=\"https:\/\/www.miguelvergara.com\/actualidad\/wp-content\/uploads\/2023\/06\/carne-congelada-1200x860.jpg\" alt=\"congelar y descongelar carne\" class=\"wp-image-9738\" srcset=\"https:\/\/www.miguelvergara.com\/actualidad\/wp-content\/uploads\/2023\/06\/carne-congelada-1200x860.jpg 1200w, https:\/\/www.miguelvergara.com\/actualidad\/wp-content\/uploads\/2023\/06\/carne-congelada-860x616.jpg 860w, https:\/\/www.miguelvergara.com\/actualidad\/wp-content\/uploads\/2023\/06\/carne-congelada-768x550.jpg 768w, https:\/\/www.miguelvergara.com\/actualidad\/wp-content\/uploads\/2023\/06\/carne-congelada.jpg 1257w\" sizes=\"auto, (max-width: 1200px) 100vw, 1200px\" \/><\/figure>\n\n\n\n<h4 class=\"wp-block-heading\">C\u00f3mo saber si la carne congelada est\u00e1 mala<\/h4>\n\n\n\n<p>Si se da la circunstancia de que superas este periodo, ya sea porque no se han seguido las condiciones adecuadas de temperatura, envasado o incluso se ha dejado excesivo tiempo, puedes identificar si realmente no est\u00e1 consumible.<\/p>\n\n\n\n<p>Para saber el&nbsp;<strong>estado de la carne<\/strong>&nbsp;en este aspecto no hay mejor gu\u00eda que&nbsp;<strong>prestar atenci\u00f3n a algunas de sus principales propiedades organol\u00e9pticas<\/strong>. Es decir, comprobar su&nbsp;<strong>olor<\/strong>&nbsp;(la carne en mal estado enseguida se identifica) o su<strong>&nbsp;color<\/strong>&nbsp;(si su apariencia roja veteada est\u00e1 llena m\u00e1s oscura o incluso gris\u00e1cea).<\/p>\n\n\n\n<h2 class=\"wp-block-heading\">Disfruta de deliciosas recetas con la carne Miguel Vergara para verano<\/h2>\n\n\n\n<p>Ya has visto que es importante conocer&nbsp;<strong>c\u00f3mo conservar la carne en la nevera<\/strong>&nbsp;y guardarla adecuadamente. Para cocinar y disfrutar de nuestra deliciosa carne premium tambi\u00e9n es importante controlar todo el proceso previo a su preparaci\u00f3n. &nbsp;<\/p>\n\n\n\n<p>As\u00ed podemos aseguraros que como&nbsp;<strong>maestros en vacuno<\/strong>&nbsp; en Grupo Miguel Vergara nos tomamos muy enserio cada paso ya que nuestro objetivo siempre es ofrecerte una carne de calidad diferenciada que te haga perder los sentidos.<\/p>\n\n\n\n<p>Por ello, no queremos que una incorrecta manipulaci\u00f3n te pueda privar de disfrutar del aut\u00e9ntico sabor del vacuno. \u00a1No te preocupes! Con estos peque\u00f1os consejos que te hemos dado no vas a tener problema.<\/p>\n\n\n\n<p>Y si, ahora que ya sabes c\u00f3mo conservar la carne, lo que necesitas son sugerencias para algunos de tus pr\u00f3ximos platos veraniegos, puedes consultar nuestro blog las&nbsp;<a href=\"https:\/\/www.miguelvergara.com\/actualidad\/blog\/recetas-veraniegas-a-base-de-carne-de-vacuno\/\"><strong>mejores recetas de carne de vacuno para el verano<\/strong><\/a>. \u00a1Que aproveche!<\/p>\n","protected":false},"excerpt":{"rendered":"<p>Se aproxima el verano y llega, por tanto, uno de los periodos favoritos para disfrutar de un gran fest\u00edn gastron\u00f3mico tan t\u00edpico en nuestro pa\u00eds como es la barbacoa. Pero para disfrutar del producto estrella indiscutible de estos eventos antes es necesario conocer, entre otros aspectos, no s\u00f3lo&nbsp;c\u00f3mo conservar la carne en la nevera, sino [&hellip;]<\/p>\n","protected":false},"author":2,"featured_media":9714,"comment_status":"closed","ping_status":"closed","sticky":false,"template":"","format":"standard","meta":{"footnotes":""},"categories":[2,573],"tags":[],"class_list":["post-9709","post","type-post","status-publish","format-standard","has-post-thumbnail","hentry","category-blog","category-conservacion-seguridad-alimentaria"],"yoast_head":"<!-- This site is optimized with the Yoast SEO plugin v27.4 - https:\/\/yoast.com\/product\/yoast-seo-wordpress\/ -->\n<title>C\u00f3mo conservar la carne en nuestra nevera de la forma correcta<\/title>\n<meta name=\"description\" content=\"Aprender c\u00f3mo conservar la carne en la nevera es fundamental para poder disfrutarla cuando la tenemos en casa, especialmente en verano.\" \/>\n<meta name=\"robots\" content=\"index, follow, max-snippet:-1, max-image-preview:large, max-video-preview:-1\" \/>\n<link rel=\"canonical\" href=\"https:\/\/www.miguelvergara.com\/actualidad\/blog\/como-conservar-la-carne-en-la-nevera-y-guardarla-adecuadamente\/\" \/>\n<meta property=\"og:locale\" content=\"es_ES\" \/>\n<meta property=\"og:type\" content=\"article\" \/>\n<meta property=\"og:title\" content=\"C\u00f3mo conservar la carne en nuestra nevera de la forma correcta\" \/>\n<meta property=\"og:description\" content=\"Aprender c\u00f3mo conservar la carne en la nevera es fundamental para poder disfrutarla cuando la tenemos en casa, especialmente en verano.\" \/>\n<meta property=\"og:url\" content=\"https:\/\/www.miguelvergara.com\/actualidad\/blog\/como-conservar-la-carne-en-la-nevera-y-guardarla-adecuadamente\/\" \/>\n<meta property=\"og:site_name\" content=\"Blog\" \/>\n<meta property=\"article:published_time\" content=\"2023-06-08T10:29:26+00:00\" \/>\n<meta property=\"article:modified_time\" content=\"2026-03-16T11:28:46+00:00\" \/>\n<meta property=\"og:image\" content=\"https:\/\/www.miguelvergara.com\/actualidad\/wp-content\/uploads\/2023\/06\/como-conservar-la-carne-en-la-nevera-listado.jpg\" \/>\n\t<meta property=\"og:image:width\" content=\"860\" \/>\n\t<meta property=\"og:image:height\" content=\"500\" \/>\n\t<meta property=\"og:image:type\" content=\"image\/jpeg\" \/>\n<meta name=\"author\" content=\"editor_digival\" \/>\n<meta name=\"twitter:card\" content=\"summary_large_image\" \/>\n<meta name=\"twitter:label1\" content=\"Escrito por\" \/>\n\t<meta name=\"twitter:data1\" content=\"editor_digival\" \/>\n\t<meta name=\"twitter:label2\" content=\"Tiempo de lectura\" \/>\n\t<meta name=\"twitter:data2\" content=\"8 minutos\" \/>\n<script type=\"application\/ld+json\" class=\"yoast-schema-graph\">{\"@context\":\"https:\\\/\\\/schema.org\",\"@graph\":[{\"@type\":\"Article\",\"@id\":\"https:\\\/\\\/www.miguelvergara.com\\\/actualidad\\\/blog\\\/como-conservar-la-carne-en-la-nevera-y-guardarla-adecuadamente\\\/#article\",\"isPartOf\":{\"@id\":\"https:\\\/\\\/www.miguelvergara.com\\\/actualidad\\\/blog\\\/como-conservar-la-carne-en-la-nevera-y-guardarla-adecuadamente\\\/\"},\"author\":{\"name\":\"editor_digival\",\"@id\":\"https:\\\/\\\/www.miguelvergara.com\\\/actualidad\\\/#\\\/schema\\\/person\\\/e68ceba8360bde19f1494aa7acbd48ef\"},\"headline\":\"C\u00f3mo conservar la carne en la nevera y guardarla adecuadamente\",\"datePublished\":\"2023-06-08T10:29:26+00:00\",\"dateModified\":\"2026-03-16T11:28:46+00:00\",\"mainEntityOfPage\":{\"@id\":\"https:\\\/\\\/www.miguelvergara.com\\\/actualidad\\\/blog\\\/como-conservar-la-carne-en-la-nevera-y-guardarla-adecuadamente\\\/\"},\"wordCount\":1646,\"image\":{\"@id\":\"https:\\\/\\\/www.miguelvergara.com\\\/actualidad\\\/blog\\\/como-conservar-la-carne-en-la-nevera-y-guardarla-adecuadamente\\\/#primaryimage\"},\"thumbnailUrl\":\"https:\\\/\\\/www.miguelvergara.com\\\/actualidad\\\/wp-content\\\/uploads\\\/2023\\\/06\\\/como-conservar-la-carne-en-la-nevera-listado.jpg\",\"articleSection\":[\"Blog\",\"Conservaci\u00f3n y seguridad alimentaria\"],\"inLanguage\":\"es\"},{\"@type\":\"WebPage\",\"@id\":\"https:\\\/\\\/www.miguelvergara.com\\\/actualidad\\\/blog\\\/como-conservar-la-carne-en-la-nevera-y-guardarla-adecuadamente\\\/\",\"url\":\"https:\\\/\\\/www.miguelvergara.com\\\/actualidad\\\/blog\\\/como-conservar-la-carne-en-la-nevera-y-guardarla-adecuadamente\\\/\",\"name\":\"C\u00f3mo conservar la carne en nuestra nevera de la forma correcta\",\"isPartOf\":{\"@id\":\"https:\\\/\\\/www.miguelvergara.com\\\/actualidad\\\/#website\"},\"primaryImageOfPage\":{\"@id\":\"https:\\\/\\\/www.miguelvergara.com\\\/actualidad\\\/blog\\\/como-conservar-la-carne-en-la-nevera-y-guardarla-adecuadamente\\\/#primaryimage\"},\"image\":{\"@id\":\"https:\\\/\\\/www.miguelvergara.com\\\/actualidad\\\/blog\\\/como-conservar-la-carne-en-la-nevera-y-guardarla-adecuadamente\\\/#primaryimage\"},\"thumbnailUrl\":\"https:\\\/\\\/www.miguelvergara.com\\\/actualidad\\\/wp-content\\\/uploads\\\/2023\\\/06\\\/como-conservar-la-carne-en-la-nevera-listado.jpg\",\"datePublished\":\"2023-06-08T10:29:26+00:00\",\"dateModified\":\"2026-03-16T11:28:46+00:00\",\"author\":{\"@id\":\"https:\\\/\\\/www.miguelvergara.com\\\/actualidad\\\/#\\\/schema\\\/person\\\/e68ceba8360bde19f1494aa7acbd48ef\"},\"description\":\"Aprender c\u00f3mo conservar la carne en la nevera es fundamental para poder disfrutarla cuando la tenemos en casa, especialmente en verano.\",\"breadcrumb\":{\"@id\":\"https:\\\/\\\/www.miguelvergara.com\\\/actualidad\\\/blog\\\/como-conservar-la-carne-en-la-nevera-y-guardarla-adecuadamente\\\/#breadcrumb\"},\"inLanguage\":\"es\",\"potentialAction\":[{\"@type\":\"ReadAction\",\"target\":[\"https:\\\/\\\/www.miguelvergara.com\\\/actualidad\\\/blog\\\/como-conservar-la-carne-en-la-nevera-y-guardarla-adecuadamente\\\/\"]}]},{\"@type\":\"ImageObject\",\"inLanguage\":\"es\",\"@id\":\"https:\\\/\\\/www.miguelvergara.com\\\/actualidad\\\/blog\\\/como-conservar-la-carne-en-la-nevera-y-guardarla-adecuadamente\\\/#primaryimage\",\"url\":\"https:\\\/\\\/www.miguelvergara.com\\\/actualidad\\\/wp-content\\\/uploads\\\/2023\\\/06\\\/como-conservar-la-carne-en-la-nevera-listado.jpg\",\"contentUrl\":\"https:\\\/\\\/www.miguelvergara.com\\\/actualidad\\\/wp-content\\\/uploads\\\/2023\\\/06\\\/como-conservar-la-carne-en-la-nevera-listado.jpg\",\"width\":860,\"height\":500},{\"@type\":\"BreadcrumbList\",\"@id\":\"https:\\\/\\\/www.miguelvergara.com\\\/actualidad\\\/blog\\\/como-conservar-la-carne-en-la-nevera-y-guardarla-adecuadamente\\\/#breadcrumb\",\"itemListElement\":[{\"@type\":\"ListItem\",\"position\":1,\"name\":\"Portada\",\"item\":\"https:\\\/\\\/www.miguelvergara.com\\\/actualidad\\\/\"},{\"@type\":\"ListItem\",\"position\":2,\"name\":\"C\u00f3mo conservar la carne en la nevera y guardarla adecuadamente\"}]},{\"@type\":\"WebSite\",\"@id\":\"https:\\\/\\\/www.miguelvergara.com\\\/actualidad\\\/#website\",\"url\":\"https:\\\/\\\/www.miguelvergara.com\\\/actualidad\\\/\",\"name\":\"Blog\",\"description\":\"\",\"potentialAction\":[{\"@type\":\"SearchAction\",\"target\":{\"@type\":\"EntryPoint\",\"urlTemplate\":\"https:\\\/\\\/www.miguelvergara.com\\\/actualidad\\\/?s={search_term_string}\"},\"query-input\":{\"@type\":\"PropertyValueSpecification\",\"valueRequired\":true,\"valueName\":\"search_term_string\"}}],\"inLanguage\":\"es\"},{\"@type\":\"Person\",\"@id\":\"https:\\\/\\\/www.miguelvergara.com\\\/actualidad\\\/#\\\/schema\\\/person\\\/e68ceba8360bde19f1494aa7acbd48ef\",\"name\":\"editor_digival\"}]}<\/script>\n<!-- \/ Yoast SEO plugin. -->","yoast_head_json":{"title":"C\u00f3mo conservar la carne en nuestra nevera de la forma correcta","description":"Aprender c\u00f3mo conservar la carne en la nevera es fundamental para poder disfrutarla cuando la tenemos en casa, especialmente en verano.","robots":{"index":"index","follow":"follow","max-snippet":"max-snippet:-1","max-image-preview":"max-image-preview:large","max-video-preview":"max-video-preview:-1"},"canonical":"https:\/\/www.miguelvergara.com\/actualidad\/blog\/como-conservar-la-carne-en-la-nevera-y-guardarla-adecuadamente\/","og_locale":"es_ES","og_type":"article","og_title":"C\u00f3mo conservar la carne en nuestra nevera de la forma correcta","og_description":"Aprender c\u00f3mo conservar la carne en la nevera es fundamental para poder disfrutarla cuando la tenemos en casa, especialmente en verano.","og_url":"https:\/\/www.miguelvergara.com\/actualidad\/blog\/como-conservar-la-carne-en-la-nevera-y-guardarla-adecuadamente\/","og_site_name":"Blog","article_published_time":"2023-06-08T10:29:26+00:00","article_modified_time":"2026-03-16T11:28:46+00:00","og_image":[{"width":860,"height":500,"url":"https:\/\/www.miguelvergara.com\/actualidad\/wp-content\/uploads\/2023\/06\/como-conservar-la-carne-en-la-nevera-listado.jpg","type":"image\/jpeg"}],"author":"editor_digival","twitter_card":"summary_large_image","twitter_misc":{"Escrito por":"editor_digival","Tiempo de lectura":"8 minutos"},"schema":{"@context":"https:\/\/schema.org","@graph":[{"@type":"Article","@id":"https:\/\/www.miguelvergara.com\/actualidad\/blog\/como-conservar-la-carne-en-la-nevera-y-guardarla-adecuadamente\/#article","isPartOf":{"@id":"https:\/\/www.miguelvergara.com\/actualidad\/blog\/como-conservar-la-carne-en-la-nevera-y-guardarla-adecuadamente\/"},"author":{"name":"editor_digival","@id":"https:\/\/www.miguelvergara.com\/actualidad\/#\/schema\/person\/e68ceba8360bde19f1494aa7acbd48ef"},"headline":"C\u00f3mo conservar la carne en la nevera y guardarla adecuadamente","datePublished":"2023-06-08T10:29:26+00:00","dateModified":"2026-03-16T11:28:46+00:00","mainEntityOfPage":{"@id":"https:\/\/www.miguelvergara.com\/actualidad\/blog\/como-conservar-la-carne-en-la-nevera-y-guardarla-adecuadamente\/"},"wordCount":1646,"image":{"@id":"https:\/\/www.miguelvergara.com\/actualidad\/blog\/como-conservar-la-carne-en-la-nevera-y-guardarla-adecuadamente\/#primaryimage"},"thumbnailUrl":"https:\/\/www.miguelvergara.com\/actualidad\/wp-content\/uploads\/2023\/06\/como-conservar-la-carne-en-la-nevera-listado.jpg","articleSection":["Blog","Conservaci\u00f3n y seguridad alimentaria"],"inLanguage":"es"},{"@type":"WebPage","@id":"https:\/\/www.miguelvergara.com\/actualidad\/blog\/como-conservar-la-carne-en-la-nevera-y-guardarla-adecuadamente\/","url":"https:\/\/www.miguelvergara.com\/actualidad\/blog\/como-conservar-la-carne-en-la-nevera-y-guardarla-adecuadamente\/","name":"C\u00f3mo conservar la carne en nuestra nevera de la forma correcta","isPartOf":{"@id":"https:\/\/www.miguelvergara.com\/actualidad\/#website"},"primaryImageOfPage":{"@id":"https:\/\/www.miguelvergara.com\/actualidad\/blog\/como-conservar-la-carne-en-la-nevera-y-guardarla-adecuadamente\/#primaryimage"},"image":{"@id":"https:\/\/www.miguelvergara.com\/actualidad\/blog\/como-conservar-la-carne-en-la-nevera-y-guardarla-adecuadamente\/#primaryimage"},"thumbnailUrl":"https:\/\/www.miguelvergara.com\/actualidad\/wp-content\/uploads\/2023\/06\/como-conservar-la-carne-en-la-nevera-listado.jpg","datePublished":"2023-06-08T10:29:26+00:00","dateModified":"2026-03-16T11:28:46+00:00","author":{"@id":"https:\/\/www.miguelvergara.com\/actualidad\/#\/schema\/person\/e68ceba8360bde19f1494aa7acbd48ef"},"description":"Aprender c\u00f3mo conservar la carne en la nevera es fundamental para poder disfrutarla cuando la tenemos en casa, especialmente en verano.","breadcrumb":{"@id":"https:\/\/www.miguelvergara.com\/actualidad\/blog\/como-conservar-la-carne-en-la-nevera-y-guardarla-adecuadamente\/#breadcrumb"},"inLanguage":"es","potentialAction":[{"@type":"ReadAction","target":["https:\/\/www.miguelvergara.com\/actualidad\/blog\/como-conservar-la-carne-en-la-nevera-y-guardarla-adecuadamente\/"]}]},{"@type":"ImageObject","inLanguage":"es","@id":"https:\/\/www.miguelvergara.com\/actualidad\/blog\/como-conservar-la-carne-en-la-nevera-y-guardarla-adecuadamente\/#primaryimage","url":"https:\/\/www.miguelvergara.com\/actualidad\/wp-content\/uploads\/2023\/06\/como-conservar-la-carne-en-la-nevera-listado.jpg","contentUrl":"https:\/\/www.miguelvergara.com\/actualidad\/wp-content\/uploads\/2023\/06\/como-conservar-la-carne-en-la-nevera-listado.jpg","width":860,"height":500},{"@type":"BreadcrumbList","@id":"https:\/\/www.miguelvergara.com\/actualidad\/blog\/como-conservar-la-carne-en-la-nevera-y-guardarla-adecuadamente\/#breadcrumb","itemListElement":[{"@type":"ListItem","position":1,"name":"Portada","item":"https:\/\/www.miguelvergara.com\/actualidad\/"},{"@type":"ListItem","position":2,"name":"C\u00f3mo conservar la carne en la nevera y guardarla adecuadamente"}]},{"@type":"WebSite","@id":"https:\/\/www.miguelvergara.com\/actualidad\/#website","url":"https:\/\/www.miguelvergara.com\/actualidad\/","name":"Blog","description":"","potentialAction":[{"@type":"SearchAction","target":{"@type":"EntryPoint","urlTemplate":"https:\/\/www.miguelvergara.com\/actualidad\/?s={search_term_string}"},"query-input":{"@type":"PropertyValueSpecification","valueRequired":true,"valueName":"search_term_string"}}],"inLanguage":"es"},{"@type":"Person","@id":"https:\/\/www.miguelvergara.com\/actualidad\/#\/schema\/person\/e68ceba8360bde19f1494aa7acbd48ef","name":"editor_digival"}]}},"_links":{"self":[{"href":"https:\/\/www.miguelvergara.com\/actualidad\/wp-json\/wp\/v2\/posts\/9709","targetHints":{"allow":["GET"]}}],"collection":[{"href":"https:\/\/www.miguelvergara.com\/actualidad\/wp-json\/wp\/v2\/posts"}],"about":[{"href":"https:\/\/www.miguelvergara.com\/actualidad\/wp-json\/wp\/v2\/types\/post"}],"author":[{"embeddable":true,"href":"https:\/\/www.miguelvergara.com\/actualidad\/wp-json\/wp\/v2\/users\/2"}],"replies":[{"embeddable":true,"href":"https:\/\/www.miguelvergara.com\/actualidad\/wp-json\/wp\/v2\/comments?post=9709"}],"version-history":[{"count":15,"href":"https:\/\/www.miguelvergara.com\/actualidad\/wp-json\/wp\/v2\/posts\/9709\/revisions"}],"predecessor-version":[{"id":9740,"href":"https:\/\/www.miguelvergara.com\/actualidad\/wp-json\/wp\/v2\/posts\/9709\/revisions\/9740"}],"wp:featuredmedia":[{"embeddable":true,"href":"https:\/\/www.miguelvergara.com\/actualidad\/wp-json\/wp\/v2\/media\/9714"}],"wp:attachment":[{"href":"https:\/\/www.miguelvergara.com\/actualidad\/wp-json\/wp\/v2\/media?parent=9709"}],"wp:term":[{"taxonomy":"category","embeddable":true,"href":"https:\/\/www.miguelvergara.com\/actualidad\/wp-json\/wp\/v2\/categories?post=9709"},{"taxonomy":"post_tag","embeddable":true,"href":"https:\/\/www.miguelvergara.com\/actualidad\/wp-json\/wp\/v2\/tags?post=9709"}],"curies":[{"name":"wp","href":"https:\/\/api.w.org\/{rel}","templated":true}]}}